{"id":84051,"date":"2025-07-22T00:19:28","date_gmt":"2025-07-21T22:19:28","guid":{"rendered":"https:\/\/www.infokuryr.cz\/n\/?p=84051"},"modified":"2025-07-21T10:43:32","modified_gmt":"2025-07-21T08:43:32","slug":"dalsi-ukrajinec-projevujici-vdecnost-za-nasi-pohostinnost","status":"publish","type":"post","link":"https:\/\/www.infokuryr.cz\/n\/2025\/07\/22\/dalsi-ukrajinec-projevujici-vdecnost-za-nasi-pohostinnost\/","title":{"rendered":"Dal\u0161\u00ed Ukrajinec projevuj\u00edc\u00ed vd\u011b\u010dnost za na\u0161i pohostinnost"},"content":{"rendered":"<div id=\"fb-root\"><\/div>\n<h4>Tentokr\u00e1t v Tachov\u011b, pobl\u00ed\u017e m\u00edstn\u00edho COOPu. \u0158idi\u010d vozu zna\u010dky Lexus s ukrajinskou SPZ zb\u011bsile \u0159ve na policistu a vyhro\u017euje mu t\u00edm, \u017ee zaplat\u00ed novin\u00e1\u0159\u016fm, aby ho zni\u010dili a \u017ee ho nech\u00e1 zav\u0159\u00edt.<\/h4>\n<div style=\"width: 480px;\" class=\"wp-video\"><!--[if lt IE 9]><script>document.createElement('video');<\/script><![endif]-->\n<video class=\"wp-video-shortcode\" id=\"video-84051-1\" width=\"480\" height=\"848\" preload=\"metadata\" controls=\"controls\"><source type=\"video\/mp4\" src=\"http:\/\/www.infokuryr.cz\/n\/wp-content\/uploads\/2025\/07\/2681.mp4?_=1\" \/><a href=\"http:\/\/www.infokuryr.cz\/n\/wp-content\/uploads\/2025\/07\/2681.mp4\">http:\/\/www.infokuryr.cz\/n\/wp-content\/uploads\/2025\/07\/2681.mp4<\/a><\/video><\/div>\n<p>&nbsp;<\/p>\n<p>Kdy\u017e si je rozmazlujeme a d\u011bl\u00e1me z nich vy\u0161\u0161\u00ed kastu, tak se pak nem\u016f\u017eeme divit, \u017ee se tak za\u010dnou chovat.<\/p>\n<p dir=\"auto\">Nev\u00edm, jak vy, ale j\u00e1 toho u\u017e m\u00e1m dost.\u00a0<strong>Host, kter\u00fd nerespektuje pravidla hostitele, nem\u00e1 v dom\u011b co d\u011blat.<\/strong><\/p>\n<p dir=\"auto\">Jednozna\u010dn\u011b odm\u00edt\u00e1me nad\u00e1le podporovat p\u0159\u00edliv ukrajinsk\u00fdch migrant\u016f a t\u011bm st\u00e1vaj\u00edc\u00edm hodl\u00e1me zajistit bezpe\u010dn\u00fd n\u00e1vrat dom\u016f do m\u00edst, kde se nev\u00e1l\u010d\u00ed.<\/p>\n<p dir=\"auto\">I kdy\u017e zrovna v p\u0159\u00edpad\u011b tohoto mu\u017ee by jist\u011b jeho temperament vyu\u017eili i na front\u011b.<\/p>\n<p dir=\"auto\">Sou\u010dasn\u011b vyz\u00fdv\u00e1m policisty, aby se neb\u00e1li proti t\u011bmto individu\u00edm nerespektuj\u00edc\u00edm na\u0161e z\u00e1kony bez okolk\u016f zasahovat. Jsem p\u0159ipraven ka\u017ed\u00e9mu z nich poskytnout plnou podporu jak z hlediska dosahu m\u00fdch soci\u00e1ln\u00edch s\u00edt\u00ed, tak zejm\u00e9na v oblasti p\u0159\u00edpadn\u00e9 pot\u0159eby pr\u00e1vn\u00edch slu\u017eeb.<\/p>\n<p dir=\"auto\">D\u00e1my a p\u00e1nov\u00e9 od policie i z jin\u00fdch slo\u017eek st\u00e1tn\u00ed spr\u00e1vy &#8211; pros\u00edm nebojte se jich a nebojte se ani medi\u00e1ln\u00ed skandalizace va\u0161\u00ed osoby, proto\u017ee jste si troufli zakro\u010dit proti privilegovan\u00fdm p\u0159\u00edslu\u0161n\u00edk\u016fm t\u00e9to n\u00e1rodnostn\u00ed men\u0161iny.<\/p>\n<p dir=\"auto\">My se za v\u00e1s postav\u00edme. A j\u00e1 budu st\u00e1t prvn\u00ed v \u0159ad\u011b.<\/p>\n<p><a href=\"https:\/\/www.skrytapravda.cz\/z-domova\/2681-dalsi-ukrajinec-projevujici-vdecnost-za-nasi-pohostinnost\"><em>Jind\u0159ich Rajchl<\/em><\/a><\/p>\n<p dir=\"auto\">P.S.:\u00a0<strong>Kdy\u017e \u010desk\u00fd \u0159idi\u010d k\u0159i\u010del na Ukrajince v tramvaji, tak z toho byl skand\u00e1l,<\/strong>\u00a0kter\u00fd \u0159e\u0161ila v\u0161echna m\u00e9dia a vyjad\u0159ovali se k n\u011bmu mnoz\u00ed politici. Jsem zv\u011bdav, jak se zachovaj\u00ed te\u010f, kdy\u017e se situace odehr\u00e1la v obr\u00e1cen\u00e9m gardu. Jsem si jist, \u017ee zase budou ml\u010det. (<em><strong>Dokonce u\u017e dostal trest!<\/strong><\/em>)<\/p>\n<p dir=\"auto\">Jejich programem je za ka\u017edou cenu obhajovat Ukrajince. J\u00e1 to m\u00e1m obr\u00e1cen\u011b &#8211; j\u00e1 jsem p\u0159ipraven obhajovat v\u0161echny \u010cechy, Moravany a Slezany, kte\u0159\u00ed denn\u011b \u010del\u00ed agresivn\u00edmu chov\u00e1n\u00ed t\u011bchto nevd\u011b\u010dn\u00fdch migrant\u016f.<\/p>\n<div class=\"x14z9mp xat24cr x1lziwak x1vvkbs xtlvy1s x126k92a\">\n<p dir=\"auto\">Je jen na v\u00e1s, kter\u00fd sm\u011br si v \u0159\u00edjnu vyberete vy.<\/p>\n<p dir=\"auto\"><img decoding=\"async\" loading=\"lazy\" class=\"alignnone size-full wp-image-1185\" src=\"http:\/\/www.infokuryr.cz\/n\/wp-content\/uploads\/2021\/04\/kuryr-podpis.png\" alt=\"\" width=\"84\" height=\"24\" \/><\/p>\n<p dir=\"auto\">\n<\/div>\n","protected":false},"excerpt":{"rendered":"<p>Tentokr\u00e1t v Tachov\u011b, pobl\u00ed\u017e m\u00edstn\u00edho COOPu. \u0158idi\u010d vozu zna\u010dky Lexus s ukrajinskou SPZ zb\u011bsile \u0159ve&#8230;<\/p>\n","protected":false},"author":2,"featured_media":84053,"comment_status":"closed","ping_status":"closed","sticky":false,"template":"","format":"standard","meta":[],"categories":[6],"tags":[1503,86,2574,2064],"_links":{"self":[{"href":"https:\/\/www.infokuryr.cz\/n\/wp-json\/wp\/v2\/posts\/84051"}],"collection":[{"href":"https:\/\/www.infokuryr.cz\/n\/wp-json\/wp\/v2\/posts"}],"about":[{"href":"https:\/\/www.infokuryr.cz\/n\/wp-json\/wp\/v2\/types\/post"}],"author":[{"embeddable":true,"href":"https:\/\/www.infokuryr.cz\/n\/wp-json\/wp\/v2\/users\/2"}],"replies":[{"embeddable":true,"href":"https:\/\/www.infokuryr.cz\/n\/wp-json\/wp\/v2\/comments?post=84051"}],"version-history":[{"count":1,"href":"https:\/\/www.infokuryr.cz\/n\/wp-json\/wp\/v2\/posts\/84051\/revisions"}],"predecessor-version":[{"id":84054,"href":"https:\/\/www.infokuryr.cz\/n\/wp-json\/wp\/v2\/posts\/84051\/revisions\/84054"}],"wp:featuredmedia":[{"embeddable":true,"href":"https:\/\/www.infokuryr.cz\/n\/wp-json\/wp\/v2\/media\/84053"}],"wp:attachment":[{"href":"https:\/\/www.infokuryr.cz\/n\/wp-json\/wp\/v2\/media?parent=84051"}],"wp:term":[{"taxonomy":"category","embeddable":true,"href":"https:\/\/www.infokuryr.cz\/n\/wp-json\/wp\/v2\/categories?post=84051"},{"taxonomy":"post_tag","embeddable":true,"href":"https:\/\/www.infokuryr.cz\/n\/wp-json\/wp\/v2\/tags?post=84051"}],"curies":[{"name":"wp","href":"https:\/\/api.w.org\/{rel}","templated":true}]}}