{"id":84048,"date":"2025-07-22T00:16:20","date_gmt":"2025-07-21T22:16:20","guid":{"rendered":"https:\/\/www.infokuryr.cz\/n\/?p=84048"},"modified":"2025-07-21T10:37:45","modified_gmt":"2025-07-21T08:37:45","slug":"jako-menecenna-rasa-cesi-a-cikani-dostavali-mensi-pridely-meli-zvlastni-potravinove-listky-ruzove-barvy","status":"publish","type":"post","link":"https:\/\/www.infokuryr.cz\/n\/2025\/07\/22\/jako-menecenna-rasa-cesi-a-cikani-dostavali-mensi-pridely-meli-zvlastni-potravinove-listky-ruzove-barvy\/","title":{"rendered":"Jako m\u00e9n\u011bcenn\u00e1 rasa &#8222;\u010ce\u0161i a cik\u00e1ni\u201c, dost\u00e1vali men\u0161\u00ed p\u0159\u00edd\u011bly, m\u011bli zvl\u00e1\u0161tn\u00ed potravinov\u00e9 l\u00edstky r\u016f\u017eov\u00e9 barvy"},"content":{"rendered":"<div id=\"fb-root\"><\/div>\n<p>Narodila jsem se pod Krkono\u0161emi, kde v\u00a0n\u011bkter\u00fdch vesnic\u00edch i m\u011bstech bylo N\u011bmc\u016f hodn\u011b, a m\u016fj man\u017eel byl z\u00a0Teplic v\u00a0\u010cech\u00e1ch. Vzpom\u00edn\u00e1m si, jak za\u010d\u00ednali henleinovci vystrkovat rohy, najednou se jim zd\u00e1lo, \u017ee jim ubli\u017eujeme, p\u0159esto\u017ee m\u011bli svoje \u0161koly, \u0159e\u010d i kulturu.<\/p>\n<p>Za\u010dali se sch\u00e1zet\u00a0 a volat po p\u0159ipojen\u00ed k\u00a0N\u011bmecku a Hitler byl pro n\u011b v\u0161\u00edm. Dob\u0159e si pamatuji, jak na\u0161i lid\u00e9 museli opustit sv\u00e9 domovy, s\u00a0\u010d\u00edm p\u0159i\u0161li do vnitrozem\u00ed, co na t\u00e9to cest\u011b pro\u017eili a kolik z\u00a0nich to zaplatilo \u017eivotem.<\/p>\n<p>Lid\u00e9, co z\u016fstali v\u00a0obsazen\u00e9m \u00fazem\u00ed, byli vedeni jako m\u00e9n\u011bcenn\u00e1 rasa \u201e\u010ce\u0161i a cik\u00e1ni\u201c, dost\u00e1vali men\u0161\u00ed p\u0159\u00edd\u011bly, m\u011bli zvl\u00e1\u0161tn\u00ed potravinov\u00e9 l\u00edstky r\u016f\u017eov\u00e9 barvy. Co jsme pro\u017e\u00edvali po obsazen\u00ed cel\u00e9 republiky, nemus\u00edm ps\u00e1t, ale p\u0159esto na to do konce sv\u00e9ho \u017eivota nezapomenu.<\/p>\n<h4 style=\"text-align: left;\" align=\"right\"><em>Marie \u0160indlerov\u00e1, tehdy Teplice<\/em><\/h4>\n<h4><span style=\"color: #ff0000;\">Pozn\u00e1mka redakce IK: <\/span><\/h4>\n<p><strong>Samoz\u0159ejm\u011b historie se opakuje a dnes \u010ce\u0161i maj\u00ed op\u011bt v EU zhor\u0161en\u00e9 podm\u00ednky s potravinami, kdy obchodn\u00ed \u0159et\u011bzce zde prod\u00e1vaj\u00ed potraviny a v\u00fdrobky ni\u017e\u0161\u00ed kvality. Jsme\u00a0 op\u011bt ni\u017e\u0161\u00ed rasa pro bruselsk\u00e9 p\u00e1ni\u010dky!<\/strong><\/p>\n<p><img decoding=\"async\" loading=\"lazy\" class=\"alignnone size-full wp-image-1185\" src=\"http:\/\/www.infokuryr.cz\/n\/wp-content\/uploads\/2021\/04\/kuryr-podpis.png\" alt=\"\" width=\"84\" height=\"24\" \/><\/p>\n<p>&nbsp;<\/p>\n<p>&nbsp;<\/p>\n<p>&nbsp;<\/p>\n<p>&nbsp;<\/p>\n","protected":false},"excerpt":{"rendered":"<p>Narodila jsem se pod Krkono\u0161emi, kde v\u00a0n\u011bkter\u00fdch vesnic\u00edch i m\u011bstech bylo N\u011bmc\u016f hodn\u011b, a m\u016fj&#8230;<\/p>\n","protected":false},"author":2,"featured_media":84049,"comment_status":"closed","ping_status":"closed","sticky":false,"template":"","format":"standard","meta":[],"categories":[6],"tags":[670,897,398,429,750],"_links":{"self":[{"href":"https:\/\/www.infokuryr.cz\/n\/wp-json\/wp\/v2\/posts\/84048"}],"collection":[{"href":"https:\/\/www.infokuryr.cz\/n\/wp-json\/wp\/v2\/posts"}],"about":[{"href":"https:\/\/www.infokuryr.cz\/n\/wp-json\/wp\/v2\/types\/post"}],"author":[{"embeddable":true,"href":"https:\/\/www.infokuryr.cz\/n\/wp-json\/wp\/v2\/users\/2"}],"replies":[{"embeddable":true,"href":"https:\/\/www.infokuryr.cz\/n\/wp-json\/wp\/v2\/comments?post=84048"}],"version-history":[{"count":1,"href":"https:\/\/www.infokuryr.cz\/n\/wp-json\/wp\/v2\/posts\/84048\/revisions"}],"predecessor-version":[{"id":84050,"href":"https:\/\/www.infokuryr.cz\/n\/wp-json\/wp\/v2\/posts\/84048\/revisions\/84050"}],"wp:featuredmedia":[{"embeddable":true,"href":"https:\/\/www.infokuryr.cz\/n\/wp-json\/wp\/v2\/media\/84049"}],"wp:attachment":[{"href":"https:\/\/www.infokuryr.cz\/n\/wp-json\/wp\/v2\/media?parent=84048"}],"wp:term":[{"taxonomy":"category","embeddable":true,"href":"https:\/\/www.infokuryr.cz\/n\/wp-json\/wp\/v2\/categories?post=84048"},{"taxonomy":"post_tag","embeddable":true,"href":"https:\/\/www.infokuryr.cz\/n\/wp-json\/wp\/v2\/tags?post=84048"}],"curies":[{"name":"wp","href":"https:\/\/api.w.org\/{rel}","templated":true}]}}