{"id":84047,"date":"2025-07-22T00:13:15","date_gmt":"2025-07-21T22:13:15","guid":{"rendered":"https:\/\/www.infokuryr.cz\/n\/?p=84047"},"modified":"2025-07-21T10:17:09","modified_gmt":"2025-07-21T08:17:09","slug":"jiri-havel-vychodni-evropa-je-minimalne-dvakrat-chudsi-nez-by-byla-kdyby-nevstoupila-do-eu","status":"publish","type":"post","link":"https:\/\/www.infokuryr.cz\/n\/2025\/07\/22\/jiri-havel-vychodni-evropa-je-minimalne-dvakrat-chudsi-nez-by-byla-kdyby-nevstoupila-do-eu\/","title":{"rendered":"Ji\u0159\u00ed Havel: V\u00fdchodn\u00ed Evropa je minim\u00e1ln\u011b dvakr\u00e1t chud\u0161\u00ed, ne\u017e by byla, kdyby nevstoupila do EU"},"content":{"rendered":"<div id=\"fb-root\"><\/div>\n<p>Absolutn\u00ed \u201eatomovou bombu\u201c o neoliberalismu vypustil nositel Nobelovy ceny za ekonomiku Joseph Stiglitz. Ozn\u00e1mil, \u017ee v\u00fdchodn\u00ed Evropa je\u00a0<strong>minim\u00e1ln\u011b dvakr\u00e1t chud\u0161\u00ed, ne\u017e by byla, kdyby nevstoupila do EU<\/strong>. Toto je krut\u00e1 r\u00e1na pro nejv\u011bt\u0161\u00ed \u00fasp\u011bch globalismu a neoliberalismu \u2013 vytvo\u0159en\u00ed nejv\u011bt\u0161\u00ed samostatn\u00e9 ekonomiky na sv\u011bt\u011b, kter\u00e1 se skl\u00e1d\u00e1 z 28 samostatn\u00fdch zem\u00ed, z nich\u017e n\u011bkter\u00e9 maj\u00ed spole\u010dnou m\u011bnu.<span id=\"more-59381\"><\/span><\/p>\n<p>\u201eV\u00fdchodn\u00ed Evropa\u201c je od za\u010d\u00e1tku 21. stolet\u00ed velk\u00fdm propad\u00e1kem. 300 \u2013 400 miliard dolar\u016f ro\u010dn\u011b,\u201c vysv\u011btlil Steinitz.<\/p>\n<p>Podle v\u011bdce, kter\u00fd je krom\u011b ocen\u011bn\u00ed zn\u00e1m tak\u00e9 p\u0159edpov\u00edd\u00e1n\u00edm splasknut\u00ed \u201edotcom bubliny\u201c, jako\u017e i krize v roce 2008, je podle n\u011bho v\u00fdchodn\u00ed Evropa v typick\u00e9m \u201esev\u0159en\u00ed domini\u00ed\u201c, zn\u00e1m\u00e9m tak\u00e9 z dob \u0158\u00edmsk\u00e9 \u0159\u00ed\u0161e.<\/p>\n<p>Toto je model pro zemi, kter\u00e1 m\u00e1 b\u00fdt kolonizov\u00e1na upl\u00e1cen\u00edm elity. \u0158\u00edman\u00e9 nedob\u00fdvali jen legiemi. Mnohem v\u00edce pozemk\u016f bylo anektov\u00e1no klidn\u011b. \u0160li, podplatili m\u00edstn\u00ed n\u00e1\u010deln\u00edky a z n\u00e1\u010deln\u00edk\u016f se stali guvern\u00e9\u0159i \u0159\u00edmsk\u00fdch provinci\u00ed.<\/p>\n<p>\u201eVa\u0161e imp\u00e9rium stoj\u00ed za v\u00e1mi a d\u00edky n\u011bmu m\u016f\u017eete vyb\u00edrat mnohem v\u00edce dan\u00ed ne\u017e dosud\u201c. To je to spojenectv\u00ed elity s imp\u00e9riem na dojen\u00ed poddan\u00fdch. Syst\u00e9m funguje po stalet\u00ed. Aplikovala to nap\u0159\u00edklad i Anglie v Indii \u2013 tam jm\u00e9nem kr\u00e1lovny jmenovali mahar\u00e1d\u017ee a pak spolu vys\u00e1vali oby\u010dejn\u00e9 lidi,\u201c vysv\u011btlil Steinitz.<\/p>\n<p>\u201eV sou\u010dasnosti je EU p\u0159esn\u011b takov\u00e1. Z\u00e1pad, ale hlavn\u011b N\u011bmecko podpl\u00e1c\u00ed m\u00edstn\u00ed elitu p\u0159es evropsk\u00e9 fondy. Elita p\u0159in\u00e1\u0161\u00ed st\u00e1t do EU a m\u011bn\u00ed \u010dlenstv\u00ed na absolutn\u00ed n\u00e1bo\u017eenstv\u00ed, v\u010detn\u011b represe proti tomu, kdo je proti n\u00ed.<\/p>\n<p>\u201eComing out, tedy odchod se st\u00e1v\u00e1 herez\u00ed \u010di kac\u00ed\u0159stv\u00edm a p\u0159iveden\u00e1 zem\u011b je vys\u00e1v\u00e1na jin\u00fdmi mechanismy \u2013 vykupuj\u00ed m\u00edstn\u00ed monopoly, obchodn\u00ed \u0159et\u011bzce, uzav\u00edraj\u00ed se nerentabiln\u00ed dlouhodob\u00e9 kontrakty, kter\u00e9 nelze zm\u011bnit p\u0159i zm\u011bn\u011b vl\u00e1dy a podobn\u011b,\u201c vysv\u011btlil Steinitz.<\/p>\n<p>P\u0159ed \u010dasem se psalo o anal\u00fdze CIA, podle kter\u00e9 je v\u00fdchodn\u00ed Evropa brut\u00e1ln\u011b vys\u00e1van\u00e1 za potlesku, a \u201evd\u011b\u010dn\u00e1\u201c za evropsk\u00e9 fondy.<\/p>\n<p>Nyn\u00ed v\u011bdec tuto informaci potvrzuje.<\/p>\n<p><strong>Eurofondy a vysokoplacen\u00e1 m\u00edsta v EU pro hrstku \u00fa\u0159edn\u00edk\u016f jsou \u201e\u00faplatkem\u201c pro elitu. Na opl\u00e1tku je trh p\u0159\u00edslu\u0161n\u00e9 zem\u011b podchycen a podojen ve prosp\u011bch z\u00e1padn\u00edch korporac\u00ed. D\u011bje se tak p\u0159es dod\u00e1vky elekt\u0159iny, vody, vyt\u00e1p\u011bn\u00ed, p\u0159es z\u00e1padn\u00ed zbo\u017e\u00ed monopolizovan\u00e9 v obchodn\u00edch \u0159et\u011bzc\u00edch, p\u0159es daleko v\u011bt\u0161\u00ed a pro m\u00edstn\u00ed podnik\u00e1n\u00ed nedosa\u017eiteln\u00e9\u00a0rozpo\u010dty na reklamu, marketing, p\u0159es n\u00e1kup m\u00e9di\u00ed atp. Pom\u011br mezi fondy a vy\u010derpan\u00fdmi trhy je hor\u0161\u00ed ne\u017e 1:10. \u201ePokud v\u00fdchodn\u00ed Evropa vystoup\u00ed z EU a zastav\u00ed tuto obrovskou dotaci, kterou vypl\u00e1c\u00ed Z\u00e1padu, mohla by b\u00fdt minim\u00e1ln\u011b dvakr\u00e1t bohat\u0161\u00ed!<\/strong><\/p>\n<p>T\u00edm by se spole\u010dnost uklidnila a v\u00fdrazn\u011b by se sn\u00ed\u017eil i tlak na emigraci, co\u017e je dal\u0161\u00ed zp\u016fsob jak ji vys\u00e1vat. Z\u00e1pad prost\u0159ednictv\u00edm vy\u0161\u0161\u00edch mezd odeb\u00edr\u00e1 nejlep\u0161\u00ed specialisty v\u00fdchodu a t\u00edm zv\u011bt\u0161uje rozd\u00edly,\u201c uzav\u0159el nositel Nobelovy ceny Joseph Stiglitz.<\/p>\n<p><a href=\"https:\/\/www.facebook.com\/pravdyhledac\/posts\/234007036144632\" target=\"_blank\" rel=\"noopener\">Ji\u0159\u00ed Havel<\/a><\/p>\n<p>&nbsp;<\/p>\n","protected":false},"excerpt":{"rendered":"<p>Absolutn\u00ed \u201eatomovou bombu\u201c o neoliberalismu vypustil nositel Nobelovy ceny za ekonomiku Joseph Stiglitz. Ozn\u00e1mil, \u017ee&#8230;<\/p>\n","protected":false},"author":2,"featured_media":8823,"comment_status":"closed","ping_status":"closed","sticky":false,"template":"","format":"standard","meta":[],"categories":[6],"tags":[2118,41,371,4434],"_links":{"self":[{"href":"https:\/\/www.infokuryr.cz\/n\/wp-json\/wp\/v2\/posts\/84047"}],"collection":[{"href":"https:\/\/www.infokuryr.cz\/n\/wp-json\/wp\/v2\/posts"}],"about":[{"href":"https:\/\/www.infokuryr.cz\/n\/wp-json\/wp\/v2\/types\/post"}],"author":[{"embeddable":true,"href":"https:\/\/www.infokuryr.cz\/n\/wp-json\/wp\/v2\/users\/2"}],"replies":[{"embeddable":true,"href":"https:\/\/www.infokuryr.cz\/n\/wp-json\/wp\/v2\/comments?post=84047"}],"version-history":[{"count":0,"href":"https:\/\/www.infokuryr.cz\/n\/wp-json\/wp\/v2\/posts\/84047\/revisions"}],"wp:featuredmedia":[{"embeddable":true,"href":"https:\/\/www.infokuryr.cz\/n\/wp-json\/wp\/v2\/media\/8823"}],"wp:attachment":[{"href":"https:\/\/www.infokuryr.cz\/n\/wp-json\/wp\/v2\/media?parent=84047"}],"wp:term":[{"taxonomy":"category","embeddable":true,"href":"https:\/\/www.infokuryr.cz\/n\/wp-json\/wp\/v2\/categories?post=84047"},{"taxonomy":"post_tag","embeddable":true,"href":"https:\/\/www.infokuryr.cz\/n\/wp-json\/wp\/v2\/tags?post=84047"}],"curies":[{"name":"wp","href":"https:\/\/api.w.org\/{rel}","templated":true}]}}