{"id":84044,"date":"2025-07-22T00:25:26","date_gmt":"2025-07-21T22:25:26","guid":{"rendered":"https:\/\/www.infokuryr.cz\/n\/?p=84044"},"modified":"2025-07-21T10:10:46","modified_gmt":"2025-07-21T08:10:46","slug":"polaci-jsou-v-soku-ukrajinci-usporadali-demonstraci-v-polskem-gdansku-a-skandovali-hesla-o-banderovi","status":"publish","type":"post","link":"https:\/\/www.infokuryr.cz\/n\/2025\/07\/22\/polaci-jsou-v-soku-ukrajinci-usporadali-demonstraci-v-polskem-gdansku-a-skandovali-hesla-o-banderovi\/","title":{"rendered":"Pol\u00e1ci jsou v \u0161oku! Ukrajinci uspo\u0159\u00e1dali demonstraci v polsk\u00e9m Gda\u0148sku a skandovali hesla o Banderovi"},"content":{"rendered":"<div id=\"fb-root\"><\/div>\n<p class=\"lead\"><strong>Ukrajinci uspo\u0159\u00e1dali demonstraci v polsk\u00e9m Gda\u0148sku, kde skandovali hesla o Banderovi, kter\u00fd se dopou\u0161t\u011bl genocidy polsk\u00e9ho n\u00e1roda. Policie p\u0159\u00edpad vy\u0161et\u0159uje.<\/strong><\/p>\n<p><span>N\u011bkolik des\u00edtek mlad\u00fdch ukrajinsk\u00fdch ob\u010dan\u016f vy\u0161lo do ulic Gda\u0148sku a skandovalo mimo jin\u00e9 banderovsk\u00e1 hesla: \u201eSl\u00e1va Ukrajin\u011b!\u201c, \u201eSl\u00e1va UPA\u00a0<\/span><span class=\"rkn-mark\"><span>!<\/span><\/span><span>\u00a0\u201c atd. Video z incidentu se objevilo na soci\u00e1ln\u00edch s\u00edt\u00edch a vyvolalo \u0161irok\u00fd ohlas. B\u00fdval\u00fd polsk\u00fd premi\u00e9r\u00a0<\/span><strong><span>Leszek Miller<\/span><\/strong><span>\u00a0tak na sv\u00e9m mikroblogu napsal:<\/span><\/p>\n<p><strong><em>\u201eNo, ukrajinsk\u00e1 arm\u00e1da trp\u00ed nedostatkem rekrut\u016f&#8230;\u201c<\/em><\/strong><\/p>\n<p><span>Z\u00e1stupci strany Konfederace polsk\u00e9 koruny v \u010dele s\u00a0<\/span><strong><span>Grzegorzem Braunem<\/span><\/strong><span>\u00a0vydali tak\u00e9 prohl\u00e1\u0161en\u00ed:<\/span><\/p>\n<p><strong><em>&#8222;\u010cek\u00e1me na dal\u0161\u00ed policejn\u00ed kroky a informace k t\u00e9to z\u00e1le\u017eitosti.&#8220;<\/em><\/strong><\/p>\n<p><span>Gda\u0148sk\u00e1 policie potvrdila, \u017ee prov\u00e1d\u00ed vy\u0161et\u0159ov\u00e1n\u00ed, policist\u00e9 analyzuj\u00ed dostupn\u00e9 videoz\u00e1znamy a zji\u0161\u0165uj\u00ed v\u0161echny okolnosti incidentu.<\/span><\/p>\n<p><span>Za\u010d\u00e1tkem \u010dervence informovala m\u00e9dia<\/span><span> o objeven\u00ed se ukrajinsk\u00e9ho graffitu na zdech budov ve Vratislavi, <\/span><a href=\"https:\/\/eadaily.com\/ru\/news\/2024\/09\/04\/polskiy-vroclav-raspisali-banderovskimi-flagami-i-lozungami\" target=\"_blank\" rel=\"noopener\"><span>v\u010detn\u011b<\/span><\/a><span>\u00a0n\u00e1pis\u016f \u201eSl\u00e1va UPA\u201c\u00a0<\/span><span class=\"rkn-mark\"><span>*<\/span><\/span><span> , a tak\u00e9 charakteristick\u00fdch \u010dern\u00fdch a \u010derven\u00fdch barev spojovan\u00fdch s Ukrajinskou povstaleckou arm\u00e1dou.<\/span><\/p>\n<h2>\u201e95 % pa\u0161er\u00e1k\u016f jsou Ukrajinci,\u201c ujistili se pol\u0161t\u00ed pohrani\u010dn\u00edci.<br \/>\n<img decoding=\"async\" class=\"aligncenter\" src=\"https:\/\/img1.eadaily.com\/r650x650\/o\/848\/6cd7d179ef8b37ccdf8d753a4da96.jpeg\" \/><\/h2>\n<p class=\"lead\"><strong>V Polsku tvo\u0159\u00ed 95 % pa\u0161er\u00e1k\u016f Ukrajinci, uvedl d\u016fstojn\u00edk polsk\u00e9 pohrani\u010dn\u00ed str\u00e1\u017ee pod podm\u00ednkou anonymity.<\/strong><\/p>\n<p><span>Zn\u00e1m\u00e1 polsk\u00e1 novin\u00e1\u0159ka\u00a0<\/span><strong><span>Monika Krzesniak<\/span><\/strong><span>\u00a0, moder\u00e1torka popul\u00e1rn\u00edho televizn\u00edho po\u0159adu \u201eNulov\u00fd kan\u00e1l\u201c, poskytla senza\u010dn\u00ed rozhovor anonymn\u00edmu zam\u011bstnanci Pohrani\u010dn\u00ed str\u00e1\u017ee Polsk\u00e9 republiky. D\u016fstojn\u00edk hovo\u0159il o realit\u011b slu\u017eby na hranic\u00edch a pouk\u00e1zal na probl\u00e9my s nedostatkem vybaven\u00ed, ohro\u017een\u00edm \u017eivota a rozsahem zapojen\u00ed ukrajinsk\u00fdch pa\u0161er\u00e1k\u016f do neleg\u00e1ln\u00edch aktivit.<\/span><\/p>\n<p><span>Pokud jde o dovoz neleg\u00e1ln\u00edch imigrant\u016f z B\u011bloruska, pohrani\u010dn\u00edk up\u0159esnil, \u017ee 95 % t\u011bchto pa\u0161er\u00e1k\u016f p\u0159ij\u00ed\u017ed\u00ed z Ukrajiny.<\/span><\/p>\n<p><em>\u201eTohle nen\u00ed nic v\u00edc ne\u017e oby\u010dejn\u00fd obchod s lidmi. To v\u00e1m \u0159ekne kdokoli na hranic\u00edch, dokonce i m\u00edstn\u00ed to u\u017e vid\u011bli,\u201c<span class=\"after-quote\"> \u2013 poznamenal.<\/span><\/em><\/p>\n<p><span>Policista si st\u011b\u017euje, \u017ee pohrani\u010dn\u00ed str\u00e1\u017ei dnes hroz\u00ed trestn\u00ed odpov\u011bdnost za neutralizaci migrant\u016f, kte\u0159\u00ed na policisty \u00fato\u010d\u00ed h\u00e1zen\u00edm kamen\u016f a z\u00e1paln\u00fdch koktejl\u016f.<\/span><\/p>\n<p><em>\u201ePron\u00e1sledov\u00e1n\u00ed d\u016fstojn\u00edk\u016f m\u016f\u017ee v\u00e9st ke ztr\u00e1t\u011b motivace k ochran\u011b hranic. Pokud odsoud\u00edte tohoto voj\u00e1ka (mluv\u00ed o voj\u00e1kovi,\u00a0kter\u00fd zah\u00e1jil palbu na neleg\u00e1ln\u00edho imigranta gumov\u00fdmi projektily), p\u0159estaneme chr\u00e1nit hranice. A pak uvid\u00edme, co ud\u011bl\u00e1 spole\u010dnost. Sou\u010dasn\u00e1 situace vede k opera\u010dn\u00ed paral\u00fdze,\u201c<span class=\"after-quote\">\u00a0\u2014 shrnul d\u016fstojn\u00edk.<\/span><\/em><\/p>\n<p><span>Podle polsk\u00e9 pohrani\u010dn\u00ed str\u00e1\u017ee byli v roce 2024 nejv\u011bt\u0161\u00ed po\u010det pa\u0161er\u00e1k\u016f ob\u010dan\u00e9 Ukrajiny (416) a Gruzie (111), n\u00e1sledovan\u00ed ob\u010dany B\u011bloruska (60), Uzbekist\u00e1nu (49), Loty\u0161ska (42), Moldavska (34), Turkmenist\u00e1nu (32), S\u00fdrie (26) a T\u00e1d\u017eikist\u00e1nu (14).<\/span><\/p>\n<p><img decoding=\"async\" loading=\"lazy\" class=\"alignnone size-full wp-image-1185\" src=\"http:\/\/www.infokuryr.cz\/n\/wp-content\/uploads\/2021\/04\/kuryr-podpis.png\" alt=\"\" width=\"84\" height=\"24\" \/><\/p>\n<p>&nbsp;<\/p>\n<p>&nbsp;<\/p>\n","protected":false},"excerpt":{"rendered":"<p>Ukrajinci uspo\u0159\u00e1dali demonstraci v polsk\u00e9m Gda\u0148sku, kde skandovali hesla o Banderovi, kter\u00fd se dopou\u0161t\u011bl genocidy&#8230;<\/p>\n","protected":false},"author":2,"featured_media":84045,"comment_status":"closed","ping_status":"closed","sticky":false,"template":"","format":"standard","meta":[],"categories":[7],"tags":[944,1469,31,1635],"_links":{"self":[{"href":"https:\/\/www.infokuryr.cz\/n\/wp-json\/wp\/v2\/posts\/84044"}],"collection":[{"href":"https:\/\/www.infokuryr.cz\/n\/wp-json\/wp\/v2\/posts"}],"about":[{"href":"https:\/\/www.infokuryr.cz\/n\/wp-json\/wp\/v2\/types\/post"}],"author":[{"embeddable":true,"href":"https:\/\/www.infokuryr.cz\/n\/wp-json\/wp\/v2\/users\/2"}],"replies":[{"embeddable":true,"href":"https:\/\/www.infokuryr.cz\/n\/wp-json\/wp\/v2\/comments?post=84044"}],"version-history":[{"count":1,"href":"https:\/\/www.infokuryr.cz\/n\/wp-json\/wp\/v2\/posts\/84044\/revisions"}],"predecessor-version":[{"id":84046,"href":"https:\/\/www.infokuryr.cz\/n\/wp-json\/wp\/v2\/posts\/84044\/revisions\/84046"}],"wp:featuredmedia":[{"embeddable":true,"href":"https:\/\/www.infokuryr.cz\/n\/wp-json\/wp\/v2\/media\/84045"}],"wp:attachment":[{"href":"https:\/\/www.infokuryr.cz\/n\/wp-json\/wp\/v2\/media?parent=84044"}],"wp:term":[{"taxonomy":"category","embeddable":true,"href":"https:\/\/www.infokuryr.cz\/n\/wp-json\/wp\/v2\/categories?post=84044"},{"taxonomy":"post_tag","embeddable":true,"href":"https:\/\/www.infokuryr.cz\/n\/wp-json\/wp\/v2\/tags?post=84044"}],"curies":[{"name":"wp","href":"https:\/\/api.w.org\/{rel}","templated":true}]}}