{"id":84042,"date":"2025-07-22T00:24:58","date_gmt":"2025-07-21T22:24:58","guid":{"rendered":"https:\/\/www.infokuryr.cz\/n\/?p=84042"},"modified":"2025-07-21T10:03:30","modified_gmt":"2025-07-21T08:03:30","slug":"polskem-se-siri-protiimigracni-protesty","status":"publish","type":"post","link":"https:\/\/www.infokuryr.cz\/n\/2025\/07\/22\/polskem-se-siri-protiimigracni-protesty\/","title":{"rendered":"Polskem se \u0161\u00ed\u0159\u00ed protiimigra\u010dn\u00ed protesty"},"content":{"rendered":"<div id=\"fb-root\"><\/div>\n<h3>Pol\u00e1ci v des\u00edtk\u00e1ch m\u011bst po cel\u00e9 zemi vy\u0161li do ulic, aby po\u017eadovali zastaven\u00ed p\u0159\u00edlivu neleg\u00e1ln\u00edch migrant\u016f<\/h3>\n<p><span>Podle m\u00edstn\u00edch m\u00e9di\u00ed se v sobotu konaly protiimigra\u010dn\u00ed protesty v p\u0159ibli\u017en\u011b 80 polsk\u00fdch m\u011bstech. Nejv\u011bt\u0161\u00ed demonstrace \u00fadajn\u011b p\u0159il\u00e1kala kolem 3 000 lid\u00ed.<\/span><\/p>\n<p><span>Demonstrace zorganizovala politick\u00e1 aliance s n\u00e1zvem Konfederace svobody a nez\u00e1vislosti. Koalice pravicov\u00fdch skupin zaujala tvrd\u00fd postoj v\u016f\u010di EU a jej\u00ed imigra\u010dn\u00ed politice.<\/span><\/p>\n<p><span>P\u0159ibli\u017en\u011b 3 000 lid\u00ed se z\u00fa\u010dastnilo protestu v jihopolsk\u00e9m m\u011bst\u011b Katovice, informovala v sobotu ve\u0159ejnopr\u00e1vn\u00ed televize TVP s odvol\u00e1n\u00edm na policejn\u00ed zdroje. Podle t\u00e9to stanice byli v\u011bt\u0161ina protestuj\u00edc\u00edch mu\u017ei a mnoho z nich poch\u00e1zelo z fotbalov\u00fdch fanklub\u016f.<\/span><\/p>\n<p><span>Videa z m\u00edsta \u010dinu ukazuj\u00ed protestuj\u00edc\u00ed, jak m\u00e1vaj\u00ed polsk\u00fdmi vlajkami a skanduj\u00ed hesla proti imigraci.<\/span><\/p>\n<div class=\"rtcode\">\n<div class=\"twitter-tweet twitter-tweet-rendered\"><iframe id=\"twitter-widget-0\" class=\"\" title=\"X Post\" src=\"https:\/\/platform.twitter.com\/embed\/Tweet.html?creatorScreenName=RT_com&amp;dnt=false&amp;embedId=twitter-widget-0&amp;features=eyJ0ZndfdGltZWxpbmVfbGlzdCI6eyJidWNrZXQiOltdLCJ2ZXJzaW9uIjpudWxsfSwidGZ3X2ZvbGxvd2VyX2NvdW50X3N1bnNldCI6eyJidWNrZXQiOnRydWUsInZlcnNpb24iOm51bGx9LCJ0ZndfdHdlZXRfZWRpdF9iYWNrZW5kIjp7ImJ1Y2tldCI6Im9uIiwidmVyc2lvbiI6bnVsbH0sInRmd19yZWZzcmNfc2Vzc2lvbiI6eyJidWNrZXQiOiJvbiIsInZlcnNpb24iOm51bGx9LCJ0ZndfZm9zbnJfc29mdF9pbnRlcnZlbnRpb25zX2VuYWJsZWQiOnsiYnVja2V0Ijoib24iLCJ2ZXJzaW9uIjpudWxsfSwidGZ3X21peGVkX21lZGlhXzE1ODk3Ijp7ImJ1Y2tldCI6InRyZWF0bWVudCIsInZlcnNpb24iOm51bGx9LCJ0ZndfZXhwZXJpbWVudHNfY29va2llX2V4cGlyYXRpb24iOnsiYnVja2V0IjoxMjA5NjAwLCJ2ZXJzaW9uIjpudWxsfSwidGZ3X3Nob3dfYmlyZHdhdGNoX3Bpdm90c19lbmFibGVkIjp7ImJ1Y2tldCI6Im9uIiwidmVyc2lvbiI6bnVsbH0sInRmd19kdXBsaWNhdGVfc2NyaWJlc190b19zZXR0aW5ncyI6eyJidWNrZXQiOiJvbiIsInZlcnNpb24iOm51bGx9LCJ0ZndfdXNlX3Byb2ZpbGVfaW1hZ2Vfc2hhcGVfZW5hYmxlZCI6eyJidWNrZXQiOiJvbiIsInZlcnNpb24iOm51bGx9LCJ0ZndfdmlkZW9faGxzX2R5bmFtaWNfbWFuaWZlc3RzXzE1MDgyIjp7ImJ1Y2tldCI6InRydWVfYml0cmF0ZSIsInZlcnNpb24iOm51bGx9LCJ0ZndfbGVnYWN5X3RpbWVsaW5lX3N1bnNldCI6eyJidWNrZXQiOnRydWUsInZlcnNpb24iOm51bGx9LCJ0ZndfdHdlZXRfZWRpdF9mcm9udGVuZCI6eyJidWNrZXQiOiJvbiIsInZlcnNpb24iOm51bGx9fQ%3D%3D&amp;frame=false&amp;hideCard=false&amp;hideThread=false&amp;id=1946596339413840248&amp;lang=cs&amp;maxWidth=560px&amp;origin=https%3A%2F%2Fwww.rt.com%2Fnews%2F621741-anti-immigration-protests-poland%2F&amp;sessionId=b7c6bdf77bc1bcce10153277d92dd5be9989dd61&amp;siteScreenName=RT_com&amp;theme=light&amp;widgetsVersion=2615f7e52b7e0%3A1702314776716&amp;width=550px\" frameborder=\"0\" scrolling=\"no\" allowfullscreen=\"allowfullscreen\" data-tweet-id=\"1946596339413840248\" data-mce-fragment=\"1\"><\/iframe><\/div>\n<\/div>\n<p><span>Demonstranti tak\u00e9 dr\u017eeli velk\u00fd transparent s n\u00e1pisem\u00a0<\/span><em><span>\u201eUprchl\u00edci NEJSOU v\u00edt\u00e1ni.\u201c<\/span><\/em><\/p>\n<div class=\"rtcode\">\n<div class=\"twitter-tweet twitter-tweet-rendered\"><iframe id=\"twitter-widget-1\" class=\"\" title=\"X Post\" src=\"https:\/\/platform.twitter.com\/embed\/Tweet.html?creatorScreenName=RT_com&amp;dnt=false&amp;embedId=twitter-widget-1&amp;features=eyJ0ZndfdGltZWxpbmVfbGlzdCI6eyJidWNrZXQiOltdLCJ2ZXJzaW9uIjpudWxsfSwidGZ3X2ZvbGxvd2VyX2NvdW50X3N1bnNldCI6eyJidWNrZXQiOnRydWUsInZlcnNpb24iOm51bGx9LCJ0ZndfdHdlZXRfZWRpdF9iYWNrZW5kIjp7ImJ1Y2tldCI6Im9uIiwidmVyc2lvbiI6bnVsbH0sInRmd19yZWZzcmNfc2Vzc2lvbiI6eyJidWNrZXQiOiJvbiIsInZlcnNpb24iOm51bGx9LCJ0ZndfZm9zbnJfc29mdF9pbnRlcnZlbnRpb25zX2VuYWJsZWQiOnsiYnVja2V0Ijoib24iLCJ2ZXJzaW9uIjpudWxsfSwidGZ3X21peGVkX21lZGlhXzE1ODk3Ijp7ImJ1Y2tldCI6InRyZWF0bWVudCIsInZlcnNpb24iOm51bGx9LCJ0ZndfZXhwZXJpbWVudHNfY29va2llX2V4cGlyYXRpb24iOnsiYnVja2V0IjoxMjA5NjAwLCJ2ZXJzaW9uIjpudWxsfSwidGZ3X3Nob3dfYmlyZHdhdGNoX3Bpdm90c19lbmFibGVkIjp7ImJ1Y2tldCI6Im9uIiwidmVyc2lvbiI6bnVsbH0sInRmd19kdXBsaWNhdGVfc2NyaWJlc190b19zZXR0aW5ncyI6eyJidWNrZXQiOiJvbiIsInZlcnNpb24iOm51bGx9LCJ0ZndfdXNlX3Byb2ZpbGVfaW1hZ2Vfc2hhcGVfZW5hYmxlZCI6eyJidWNrZXQiOiJvbiIsInZlcnNpb24iOm51bGx9LCJ0ZndfdmlkZW9faGxzX2R5bmFtaWNfbWFuaWZlc3RzXzE1MDgyIjp7ImJ1Y2tldCI6InRydWVfYml0cmF0ZSIsInZlcnNpb24iOm51bGx9LCJ0ZndfbGVnYWN5X3RpbWVsaW5lX3N1bnNldCI6eyJidWNrZXQiOnRydWUsInZlcnNpb24iOm51bGx9LCJ0ZndfdHdlZXRfZWRpdF9mcm9udGVuZCI6eyJidWNrZXQiOiJvbiIsInZlcnNpb24iOm51bGx9fQ%3D%3D&amp;frame=false&amp;hideCard=false&amp;hideThread=false&amp;id=1946778946734891395&amp;lang=cs&amp;origin=https%3A%2F%2Fwww.rt.com%2Fnews%2F621741-anti-immigration-protests-poland%2F&amp;sessionId=b7c6bdf77bc1bcce10153277d92dd5be9989dd61&amp;siteScreenName=RT_com&amp;theme=light&amp;widgetsVersion=2615f7e52b7e0%3A1702314776716&amp;width=550px\" frameborder=\"0\" scrolling=\"no\" allowfullscreen=\"allowfullscreen\" data-tweet-id=\"1946778946734891395\" data-mce-fragment=\"1\"><\/iframe><\/div>\n<\/div>\n<p><span>Spolup\u0159edseda Konfederace Krzysztof Bosak v sobotu na shrom\u00e1\u017ed\u011bn\u00ed v Bialystoku obvinil spojence EU a NATO N\u011bmecko z pos\u00edl\u00e1n\u00ed migrant\u016f p\u0159es hranice do Polska. Polsk\u00e1 pohrani\u010dn\u00ed hl\u00eddka je podle n\u011bj p\u0159\u00edli\u0161 p\u0159et\u00ed\u017een\u00e1 a nedostate\u010dn\u011b obsazen\u00e1, aby zastavila p\u0159\u00edliv neleg\u00e1ln\u00edch imigrant\u016f.<\/span><\/p>\n<p><span>Podle m\u00edstn\u00edch zpr\u00e1v n\u011bkte\u0159\u00ed protestuj\u00edc\u00ed uctili minutou ticha pam\u00e1tku 24let\u00e9 Polky, kter\u00e1 minul\u00fd m\u011bs\u00edc zem\u0159ela po pobod\u00e1n\u00ed v Toruni. Devaten\u00e1ctilet\u00fd kolumbijsk\u00fd st\u00e1tn\u00ed p\u0159\u00edslu\u0161n\u00edk byl obvin\u011bn z vra\u017edy.<\/span><\/p>\n<p><span>Protiimigra\u010dn\u00ed n\u00e1lady v Polsku rostou. Podle m\u00edstn\u00edch m\u00e9di\u00ed za\u010daly v posledn\u00edch t\u00fddnech m\u00edstn\u00ed polsk\u00e9 komunitn\u00ed skupiny vytv\u00e1\u0159et \u201eob\u010dansk\u00e9 hl\u00eddky\u201c, kter\u00e9 maj\u00ed blokovat vstup a n\u00e1vrat migrant\u016f na hranic\u00edch.<\/span><\/p>\n<p><span>Var\u0161ava za\u010d\u00e1tkem tohoto m\u011bs\u00edce znovu zavedla hrani\u010dn\u00ed kontroly s ostatn\u00edmi \u010dleny EU, N\u011bmeckem a Litvou, a nasadila do oblast\u00ed v\u00edce voj\u00e1k\u016f, aby bojovala proti proudu neleg\u00e1ln\u00ed imigrace. Polsko d\u0159\u00edve obvinilo Berl\u00edn z\u00a0<\/span><em><span>\u201evyhazov\u00e1n\u00ed\u201c<\/span><\/em><span>\u00a0tis\u00edc\u016f migrant\u016f p\u0159es polsk\u00e9 hranice.<\/span><\/p>\n<p><img decoding=\"async\" loading=\"lazy\" class=\"alignnone size-full wp-image-1185\" src=\"http:\/\/www.infokuryr.cz\/n\/wp-content\/uploads\/2021\/04\/kuryr-podpis.png\" alt=\"\" width=\"84\" height=\"24\" \/><\/p>\n<p>&nbsp;<\/p>\n","protected":false},"excerpt":{"rendered":"<p>Pol\u00e1ci v des\u00edtk\u00e1ch m\u011bst po cel\u00e9 zemi vy\u0161li do ulic, aby po\u017eadovali zastaven\u00ed p\u0159\u00edlivu neleg\u00e1ln\u00edch&#8230;<\/p>\n","protected":false},"author":2,"featured_media":84043,"comment_status":"closed","ping_status":"closed","sticky":false,"template":"","format":"standard","meta":[],"categories":[7],"tags":[989,31,95],"_links":{"self":[{"href":"https:\/\/www.infokuryr.cz\/n\/wp-json\/wp\/v2\/posts\/84042"}],"collection":[{"href":"https:\/\/www.infokuryr.cz\/n\/wp-json\/wp\/v2\/posts"}],"about":[{"href":"https:\/\/www.infokuryr.cz\/n\/wp-json\/wp\/v2\/types\/post"}],"author":[{"embeddable":true,"href":"https:\/\/www.infokuryr.cz\/n\/wp-json\/wp\/v2\/users\/2"}],"replies":[{"embeddable":true,"href":"https:\/\/www.infokuryr.cz\/n\/wp-json\/wp\/v2\/comments?post=84042"}],"version-history":[{"count":0,"href":"https:\/\/www.infokuryr.cz\/n\/wp-json\/wp\/v2\/posts\/84042\/revisions"}],"wp:featuredmedia":[{"embeddable":true,"href":"https:\/\/www.infokuryr.cz\/n\/wp-json\/wp\/v2\/media\/84043"}],"wp:attachment":[{"href":"https:\/\/www.infokuryr.cz\/n\/wp-json\/wp\/v2\/media?parent=84042"}],"wp:term":[{"taxonomy":"category","embeddable":true,"href":"https:\/\/www.infokuryr.cz\/n\/wp-json\/wp\/v2\/categories?post=84042"},{"taxonomy":"post_tag","embeddable":true,"href":"https:\/\/www.infokuryr.cz\/n\/wp-json\/wp\/v2\/tags?post=84042"}],"curies":[{"name":"wp","href":"https:\/\/api.w.org\/{rel}","templated":true}]}}