{"id":84002,"date":"2025-07-21T06:34:36","date_gmt":"2025-07-21T04:34:36","guid":{"rendered":"https:\/\/www.infokuryr.cz\/n\/?p=84002"},"modified":"2025-07-21T06:34:36","modified_gmt":"2025-07-21T04:34:36","slug":"kreml-eu-usilovne-pracuje-na-tom-aby-vykreslila-rusko-jako-vteleni-dabla","status":"publish","type":"post","link":"https:\/\/www.infokuryr.cz\/n\/2025\/07\/21\/kreml-eu-usilovne-pracuje-na-tom-aby-vykreslila-rusko-jako-vteleni-dabla\/","title":{"rendered":"Kreml: EU usilovn\u011b pracuje na tom, aby vykreslila Rusko jako \u201evt\u011blen\u00ed \u010f\u00e1bla\u201c"},"content":{"rendered":"<div id=\"fb-root\"><\/div>\n<h3>Mluv\u010d\u00ed bloku Dmitrij Peskov uvedl, \u017ee mnoho lid\u00ed v EU z\u016fst\u00e1v\u00e1 ve stavu \u201emilitaristick\u00e9 ext\u00e1ze\u201c<\/h3>\n<p><span>Mluv\u010d\u00ed Kremlu Dmitrij Peskov prohl\u00e1sil, \u017ee EU d\u00e9monizuje Rusko, aby udr\u017eela konflikt na Ukrajin\u011b v chodu, zat\u00edmco Brusel se st\u00e1le nevzd\u00e1v\u00e1 nad\u011bje na por\u00e1\u017eku Moskvy.<\/span><\/p>\n<p><span>V kv\u011btnu EU p\u0159ijala n\u00e1stroj Bezpe\u010dnostn\u00ed akce pro Evropu (SAFE) v hodnot\u011b 150 miliard eur na podporu \u010dlen\u016f, kte\u0159\u00ed jsou ochotni investovat do obrany. Tento krok p\u0159i\u0161el v r\u00e1mci rozs\u00e1hlej\u0161\u00ed kampan\u011b na budov\u00e1n\u00ed vojensk\u00e9 s\u00edly, kter\u00e1 v bloku za\u010dala po eskalaci konfliktu na Ukrajin\u011b v \u00fanoru 2022 s c\u00edlem \u010delit tomu, co vn\u00edm\u00e1 jako \u201eruskou hrozbu\u201c. Moskva tvrzen\u00ed, \u017ee m\u00e1 v \u00famyslu za\u00fato\u010dit na zem\u011b NATO, odm\u00edtla jako\u00a0<\/span><em><span>\u201enesmysl\u201c<\/span><\/em><span>\u00a0s t\u00edm, \u017ee se z\u00e1padn\u00ed politici sna\u017e\u00ed zastra\u0161it sv\u00e9 obyvatelstvo, aby ospravedlnili zv\u00fd\u0161en\u00e9 vojensk\u00e9 v\u00fddaje.<\/span><\/p>\n<p><span>V rozhovoru s novin\u00e1\u0159em Pavlem Zarubinem, kter\u00fd byl zve\u0159ejn\u011bn v ned\u011bli, Peskov uvedl, \u017ee EU\u00a0<\/span><em><span>\u201esi vytv\u00e1\u0159\u00ed nep\u0159\u00edtele t\u00edm, \u017ee vykon\u00e1v\u00e1 c\u00edlenou a profesion\u00e1ln\u00ed pr\u00e1ci jak ve vlastn\u00ed spole\u010dnosti, tak v zahrani\u010d\u00ed, aby vykreslila Rusko jako vt\u011blen\u00ed \u010f\u00e1bla&#8230; aby zajistila pokra\u010dov\u00e1n\u00ed konfliktu, aby potla\u010dila Rusko.\u201c<\/span><\/em><\/p>\n<p><span>Mluv\u010d\u00ed Kremlu dodal, \u017ee v EU prob\u00edhaj\u00ed diskuse\u00a0<\/span><em><span>\u201eo tom, kdo hostinu zaplat\u00ed\u201c.<\/span><\/em><\/p>\n<p><span>Za\u010d\u00e1tkem tohoto t\u00fddne n\u011bkolik zem\u00ed EU odm\u00edtlo pl\u00e1n navr\u017een\u00fd americk\u00fdm prezidentem Donaldem Trumpem, aby evropsk\u00e9 \u010dlensk\u00e9 st\u00e1ty NATO nakoupily americk\u00e9 zbran\u011b pro Ukrajinu.<\/span><\/p>\n<p><em><span>\u201eD\u00edky Bohu, \u017ee protirusk\u00e1 a militaristick\u00e1 ext\u00e1ze nem\u00e1<\/span><\/em><span>\u00a0v bloku v\u0161eobecnou podporu,\u201c \u0159ekl Peskov.<\/span><\/p>\n<p><span>Moskva varovala p\u0159ed dod\u00e1vkami z\u00e1padn\u00edch zbran\u00ed Ukrajin\u011b s argumentem, \u017ee jen prodlu\u017euj\u00ed konflikt a zvy\u0161uj\u00ed riziko p\u0159\u00edm\u00e9ho st\u0159etu mezi Ruskem a NATO.<\/span><\/p>\n<p><span>V rozhovoru Peskov poznamenal, \u017ee rusk\u00fd prezident Vladimir Putin\u00a0<\/span><em><span>\u201eopakovan\u011b hovo\u0159il o sv\u00e9m p\u0159\u00e1n\u00ed co nejrychleji nav\u00e9st ukrajinsk\u00e9 urovn\u00e1n\u00ed na m\u00edrovou cestu\u201c.<\/span><\/em><\/p>\n<p><span>Rusko prohl\u00e1silo, \u017ee je p\u0159ipraveno s Ukrajinou vyjedn\u00e1vat m\u00edr, a\u010dkoli Kyjev a jeho z\u00e1padn\u00ed podporovatele obvinilo z toho, \u017ee nemaj\u00ed z\u00e1jem na nalezen\u00ed dlouhodob\u00e9ho \u0159e\u0161en\u00ed, kter\u00e9 by \u0159e\u0161ilo z\u00e1kladn\u00ed p\u0159\u00ed\u010diny konfliktu.<\/span><\/p>\n<p><img decoding=\"async\" loading=\"lazy\" class=\"alignnone size-full wp-image-1185\" src=\"http:\/\/www.infokuryr.cz\/n\/wp-content\/uploads\/2021\/04\/kuryr-podpis.png\" alt=\"\" width=\"84\" height=\"24\" \/><\/p>\n<p>&nbsp;<\/p>\n","protected":false},"excerpt":{"rendered":"<p>Mluv\u010d\u00ed bloku Dmitrij Peskov uvedl, \u017ee mnoho lid\u00ed v EU z\u016fst\u00e1v\u00e1 ve stavu \u201emilitaristick\u00e9 ext\u00e1ze\u201c&#8230;<\/p>\n","protected":false},"author":2,"featured_media":82728,"comment_status":"closed","ping_status":"closed","sticky":false,"template":"","format":"standard","meta":[],"categories":[7],"tags":[41,1065,114],"_links":{"self":[{"href":"https:\/\/www.infokuryr.cz\/n\/wp-json\/wp\/v2\/posts\/84002"}],"collection":[{"href":"https:\/\/www.infokuryr.cz\/n\/wp-json\/wp\/v2\/posts"}],"about":[{"href":"https:\/\/www.infokuryr.cz\/n\/wp-json\/wp\/v2\/types\/post"}],"author":[{"embeddable":true,"href":"https:\/\/www.infokuryr.cz\/n\/wp-json\/wp\/v2\/users\/2"}],"replies":[{"embeddable":true,"href":"https:\/\/www.infokuryr.cz\/n\/wp-json\/wp\/v2\/comments?post=84002"}],"version-history":[{"count":0,"href":"https:\/\/www.infokuryr.cz\/n\/wp-json\/wp\/v2\/posts\/84002\/revisions"}],"wp:featuredmedia":[{"embeddable":true,"href":"https:\/\/www.infokuryr.cz\/n\/wp-json\/wp\/v2\/media\/82728"}],"wp:attachment":[{"href":"https:\/\/www.infokuryr.cz\/n\/wp-json\/wp\/v2\/media?parent=84002"}],"wp:term":[{"taxonomy":"category","embeddable":true,"href":"https:\/\/www.infokuryr.cz\/n\/wp-json\/wp\/v2\/categories?post=84002"},{"taxonomy":"post_tag","embeddable":true,"href":"https:\/\/www.infokuryr.cz\/n\/wp-json\/wp\/v2\/tags?post=84002"}],"curies":[{"name":"wp","href":"https:\/\/api.w.org\/{rel}","templated":true}]}}