{"id":84000,"date":"2025-07-21T06:28:19","date_gmt":"2025-07-21T04:28:19","guid":{"rendered":"https:\/\/www.infokuryr.cz\/n\/?p=84000"},"modified":"2025-07-21T06:28:19","modified_gmt":"2025-07-21T04:28:19","slug":"ukrajinske-drony-zameruji-utoky-na-moskvu-a-dalsi-ruske-regiony","status":"publish","type":"post","link":"https:\/\/www.infokuryr.cz\/n\/2025\/07\/21\/ukrajinske-drony-zameruji-utoky-na-moskvu-a-dalsi-ruske-regiony\/","title":{"rendered":"Ukrajinsk\u00e9 drony zam\u011b\u0159uj\u00ed \u00fatoky na Moskvu a dal\u0161\u00ed rusk\u00e9 regiony"},"content":{"rendered":"<div id=\"fb-root\"><\/div>\n<h3>Podle \u00fa\u0159edn\u00edk\u016f bylo p\u0159es noc nad Rostovskou a Moskevskou oblast\u00ed zachyceno n\u011bkolik nep\u0159\u00e1telsk\u00fdch bezpilotn\u00edch letadel.<\/h3>\n<p data-start=\"111\" data-end=\"294\"><span>Rusk\u00e1 protivzdu\u0161n\u00e1 obrana zni\u010dila v ned\u011bli ve\u010der a brzy v pond\u011bl\u00ed r\u00e1no des\u00edtky p\u0159il\u00e9taj\u00edc\u00edch ukrajinsk\u00fdch dron\u016f v r\u016fzn\u00fdch regionech. Kyjev v uplynul\u00e9m t\u00fddnu zintenzivnil sv\u00e9 n\u00e1lety bezpilotn\u00edch letadel hluboko do rusk\u00e9ho \u00fazem\u00ed, a to i pot\u00e9, co vyzval k obnoven\u00ed m\u00edrov\u00fdch rozhovor\u016f.<\/span><\/p>\n<p data-start=\"111\" data-end=\"294\"><span>Nejm\u00e9n\u011b 13 dron\u016f m\u00ed\u0159\u00edc\u00edch k rusk\u00e9 metropoli bylo zachyceno do pond\u011bl\u00ed v 6:30, uvedl v Telegramu moskevsk\u00fd starosta Sergej Sobjanin a dodal, \u017ee na m\u00edstech hav\u00e1rie, kam dopadly trosky, pracuj\u00ed z\u00e1chrann\u00e9 slo\u017eky.<\/span><\/p>\n<p data-start=\"736\" data-end=\"912\"><span>N\u00e1lety zas\u00e1hly i ji\u017en\u00ed \u010d\u00e1st Ruska, kde guvern\u00e9r Jurij Sljusar hl\u00e1sil n\u011bkolik zachycen\u00ed ve m\u011bstech \u0160achty, Novo\u0161achtinsk a Novo\u010derkassk.<\/span><\/p>\n<p data-start=\"914\" data-end=\"1183\"><span>Podle guvern\u00e9ra nedo\u0161lo k \u017e\u00e1dn\u00fdm ob\u011btem, ale jeden dron po\u0161kodil\u00a0<\/span><em><span>\u201estarou vel\u00edn\u201c<\/span><\/em><span>\u00a0\u017eelezni\u010dn\u00ed stanice v hornick\u00e9 osad\u011b pobl\u00ed\u017e \u0160achty. Trosky z jin\u00e9ho dronu zas\u00e1hly soukrom\u00fd d\u016fm, letn\u00ed kuchy\u0148 a dv\u011b auta v nedalek\u00e9 vesnici, uvedl Sljusar.<\/span><\/p>\n<p data-start=\"1185\" data-end=\"1563\"><span>Kyjev v uplynul\u00e9m t\u00fddnu v\u00fdrazn\u011b zv\u00fd\u0161il po\u010det \u00fatok\u016f dron\u016f s dlouh\u00fdm doletem. Rusk\u00e9 ministerstvo obrany hl\u00e1s\u00ed ka\u017ed\u00fd den n\u011bkolik vln zachycen\u00ed dron\u016f. Ve sv\u00e9 posledn\u00ed aktualizaci ministerstvo uvedlo, \u017ee v ned\u011bli mezi 20:00 a 23:30 bylo v Brjansk\u00e9, Orjolsk\u00e9, Kalugsk\u00e9, B\u011blgorodsk\u00e9 a Moskevsk\u00e9 oblasti sest\u0159eleno celkem 43 dron\u016f za m\u00e9n\u011b ne\u017e \u010dty\u0159i hodiny.<\/span><\/p>\n<p data-start=\"1565\" data-end=\"1905\"><span>Rusk\u00e1 vl\u00e1da ji\u017e d\u0159\u00edve takov\u00e9 n\u00e1lety odsoudila jako\u00a0<\/span><em><span>\u201eteroristick\u00e9 \u00fatoky\u201c<\/span><\/em><span>\u00a0s tvrzen\u00edm, \u017ee \u010dasto c\u00edl\u00ed na obytn\u00e9 budovy a civiln\u00ed infrastrukturu. V reakci na to rusk\u00e1 arm\u00e1da minul\u00fd t\u00fdden provedla s\u00e9rii \u00fader\u016f na ukrajinsk\u00e1 obrann\u00e1 pr\u016fmyslov\u00e1 za\u0159\u00edzen\u00ed zab\u00fdvaj\u00edc\u00ed se v\u00fdrobou dron\u016f a raketov\u00fdch komponent\u016f.<\/span><\/p>\n<p><span>Rusko a Ukrajina v posledn\u00edch m\u011bs\u00edc\u00edch vedly v Istanbulu dv\u011b kola p\u0159\u00edm\u00fdch m\u00edrov\u00fdch rozhovor\u016f, ale jedn\u00e1n\u00ed se v \u010dervnu zastavila pot\u00e9, co Kyjev odm\u00edtl\u00a0<\/span><a href=\"https:\/\/www.rt.com\/russia\/618566-russia-peace-terms-ukraine\/\"><span>m\u00edrov\u00e9 n\u00e1vrhy Moskvy<\/span><\/a><span>\u00a0. Kyjev pozd\u011bji prohl\u00e1sil proces za\u00a0<\/span><em><span>\u201e\u00a0<\/span><a href=\"https:\/\/www.rt.com\/russia\/621428-istanbul-format-exhausted-itself-kiev\/\"><span>vy\u010derpan\u00fd<\/span><\/a><span>\u00a0\u201c<\/span><\/em><span>\u00a0a nazna\u010dil, \u017ee se jich z\u00fa\u010dastnil pouze proto, aby\u00a0<\/span><a href=\"https:\/\/www.rt.com\/russia\/621107-kiev-negotiating-obstacle-peace\/\"><span>nep\u016fsobil dojmem, \u017ee odm\u00edt\u00e1<\/span><\/a><span>\u00a0diplomatickou iniciativu americk\u00e9ho prezidenta Donalda Trumpa.<\/span><\/p>\n<p><span>Ukrajinsk\u00fd prezident Vladimir Zelenskyj v sobotu prohl\u00e1sil, \u017ee\u00a0<\/span><em><span>\u201etempo jedn\u00e1n\u00ed mus\u00ed b\u00fdt zrychleno\u201c, a<\/span><\/em><span>\u00a0nab\u00eddl kon\u00e1n\u00ed nov\u00e9ho kola rozhovor\u016f v Istanbulu \u2013 pot\u00e9, co ji Moskva obvinila z protahov\u00e1n\u00ed a vyzvala Trumpa, aby\u00a0<\/span><a href=\"https:\/\/www.rt.com\/russia\/621559-kremlin-trump-pressure-kiev\/\" target=\"_blank\" rel=\"noopener noreferrer\"><span>na Kyjev vyvinul tlak.<\/span><\/a><\/p>\n<p><img decoding=\"async\" loading=\"lazy\" class=\"alignnone size-full wp-image-1185\" src=\"http:\/\/www.infokuryr.cz\/n\/wp-content\/uploads\/2021\/04\/kuryr-podpis.png\" alt=\"\" width=\"84\" height=\"24\" \/><\/p>\n<p>&nbsp;<\/p>\n","protected":false},"excerpt":{"rendered":"<p>Podle \u00fa\u0159edn\u00edk\u016f bylo p\u0159es noc nad Rostovskou a Moskevskou oblast\u00ed zachyceno n\u011bkolik nep\u0159\u00e1telsk\u00fdch bezpilotn\u00edch letadel&#8230;.<\/p>\n","protected":false},"author":2,"featured_media":84001,"comment_status":"closed","ping_status":"closed","sticky":false,"template":"","format":"standard","meta":[],"categories":[7],"tags":[2856,22,26],"_links":{"self":[{"href":"https:\/\/www.infokuryr.cz\/n\/wp-json\/wp\/v2\/posts\/84000"}],"collection":[{"href":"https:\/\/www.infokuryr.cz\/n\/wp-json\/wp\/v2\/posts"}],"about":[{"href":"https:\/\/www.infokuryr.cz\/n\/wp-json\/wp\/v2\/types\/post"}],"author":[{"embeddable":true,"href":"https:\/\/www.infokuryr.cz\/n\/wp-json\/wp\/v2\/users\/2"}],"replies":[{"embeddable":true,"href":"https:\/\/www.infokuryr.cz\/n\/wp-json\/wp\/v2\/comments?post=84000"}],"version-history":[{"count":0,"href":"https:\/\/www.infokuryr.cz\/n\/wp-json\/wp\/v2\/posts\/84000\/revisions"}],"wp:featuredmedia":[{"embeddable":true,"href":"https:\/\/www.infokuryr.cz\/n\/wp-json\/wp\/v2\/media\/84001"}],"wp:attachment":[{"href":"https:\/\/www.infokuryr.cz\/n\/wp-json\/wp\/v2\/media?parent=84000"}],"wp:term":[{"taxonomy":"category","embeddable":true,"href":"https:\/\/www.infokuryr.cz\/n\/wp-json\/wp\/v2\/categories?post=84000"},{"taxonomy":"post_tag","embeddable":true,"href":"https:\/\/www.infokuryr.cz\/n\/wp-json\/wp\/v2\/tags?post=84000"}],"curies":[{"name":"wp","href":"https:\/\/api.w.org\/{rel}","templated":true}]}}