{"id":8397,"date":"2022-02-18T08:10:58","date_gmt":"2022-02-18T07:10:58","guid":{"rendered":"http:\/\/www.infokuryr.cz\/n\/?p=8397"},"modified":"2022-02-18T08:10:58","modified_gmt":"2022-02-18T07:10:58","slug":"britsky-chlapecek-6-obvinen-cirkevni-skolou-z-transfobie","status":"publish","type":"post","link":"https:\/\/www.infokuryr.cz\/n\/2022\/02\/18\/britsky-chlapecek-6-obvinen-cirkevni-skolou-z-transfobie\/","title":{"rendered":"Britsk\u00fd chlape\u010dek (6) obvin\u011bn c\u00edrkevn\u00ed \u0161kolou z transfobie!"},"content":{"rendered":"<div id=\"fb-root\"><\/div>\n<h4 class=\"entry-title\"><span style=\"font-size: 18pt;\">Rodi\u010de nech\u00e1pou. Tohle je ten z\u00e1pad \u2013 n\u00e1\u0161 vzor?<\/span>!<\/h4>\n<p><strong>Rodi\u010de mal\u00e9ho chlapce (6 let!)\u00a0<a href=\"https:\/\/thepostmillennial.com\/6-year-old-boy-labeled-transphobic-by-school-for-being-confused-by-gender-fluid-student\">obdr\u017eeli dopis od c\u00edrkevn\u00ed \u0161koly<\/a>\u00a0na Isle of Wight ve Velk\u00e9 Brit\u00e1nii, kde jejich syn byl obvin\u011bn z transfobie, proto\u017ee nech\u00e1pal, \u017ee jeho \u201egenderov\u011b fluidn\u00ed\u201c spolu\u017e\u00e1k zhruba stejn\u00e9ho v\u011bku si nen\u00ed jist, zda je d\u00edvka, nebo chlapec<\/strong>. Rodi\u010de se\u00a0<strong>proto rozhodli rad\u011bji synka vzd\u011bl\u00e1vat doma, aby ho nevystavovali dal\u0161\u00edm podobn\u00fdm \u0161\u00edlen\u00fdm n\u00e1pad\u016fm veden\u00ed \u0161koly. Ve\u0159ejn\u011b se ale ptaj\u00ed, jak m\u016f\u017ee mal\u00fd kluk takov\u00fdm v\u011bcem v\u016fbec rozum\u011bt?!<\/strong><\/p>\n<figure class=\"wp-block-image size-full\"><img decoding=\"async\" loading=\"lazy\" class=\"wp-image-12374\" src=\"https:\/\/ceskavec.com\/wp-content\/uploads\/2022\/02\/LGBT.jpg\" sizes=\"(max-width: 735px) 100vw, 735px\" srcset=\"https:\/\/ceskavec.com\/wp-content\/uploads\/2022\/02\/LGBT.jpg 735w, https:\/\/ceskavec.com\/wp-content\/uploads\/2022\/02\/LGBT-273x300.jpg 273w\" alt=\"\" width=\"468\" height=\"514\" \/><figcaption><em>Velk\u00fd po\u010det \u017eidovsk\u00fdch aktivist\u016f prosazuj\u00edc\u00ed konstruktivistick\u00e9 genderov\u00e9 teorie vede ke vzniku mnoha alternativn\u00edch, nebo konspira\u010dn\u00edch teori\u00ed<\/em><\/figcaption><\/figure>\n<p><strong>Je to jedna z mnoha dal\u0161\u00edch uk\u00e1zek, jak je tradi\u010dn\u00ed z\u00e1padn\u00ed kultura b\u00edl\u00e9ho mu\u017ee likvidov\u00e1na podle pl\u00e1nu glob\u00e1ln\u00edch finan\u010dn\u00edch elit. LGBT, gender \u0161\u00edlenstv\u00ed, green deal, migrace, koronavirus\u2026. to v\u0161echno jsou st\u0159\u00edpky jedn\u00e9 mozaiky \u0161\u00edlen\u00e9ho pl\u00e1nu na jeho\u017e konci m\u00e1 zmizet b\u00edl\u00e1 kultura.<\/strong>\u00a0P\u0159itom mnoha lidem za\u010d\u00edn\u00e1 doch\u00e1zet, \u017ee to nen\u00ed vina sna\u017eiv\u00fdch aktivist\u016f, nebo neziskovk\u00e1\u0159\u016f.\u00a0<strong>Za\u010d\u00ednaj\u00ed vid\u011bt skute\u010dn\u00e9 architekty t\u00e9to perverzn\u00ed genocidy b\u00edl\u00e9 rasy a n\u00e1rod\u016f. Odv\u00e1\u017e\u00ed se na n\u011b kone\u010dn\u011b ve\u0159ejn\u011b uk\u00e1zat prstem?<\/strong><\/p>\n<p><a href=\"https:\/\/ceskavec.com\/2022\/02\/britsky-chlapecek-6-obvinen-cirkevni-skolou-z-transfobie-rodice-nechapou-tohle-je-ten-zapad-nas-vzor\">Joe Nowak, Chicago, USA<\/a><\/p>\n<p>&nbsp;<\/p>\n","protected":false},"excerpt":{"rendered":"<p>Rodi\u010de nech\u00e1pou. Tohle je ten z\u00e1pad \u2013 n\u00e1\u0161 vzor?! Rodi\u010de mal\u00e9ho chlapce (6 let!)\u00a0obdr\u017eeli dopis&#8230;<\/p>\n","protected":false},"author":2,"featured_media":1407,"comment_status":"closed","ping_status":"closed","sticky":false,"template":"","format":"standard","meta":[],"categories":[7],"tags":[245,157,71,1107,94,774,303],"_links":{"self":[{"href":"https:\/\/www.infokuryr.cz\/n\/wp-json\/wp\/v2\/posts\/8397"}],"collection":[{"href":"https:\/\/www.infokuryr.cz\/n\/wp-json\/wp\/v2\/posts"}],"about":[{"href":"https:\/\/www.infokuryr.cz\/n\/wp-json\/wp\/v2\/types\/post"}],"author":[{"embeddable":true,"href":"https:\/\/www.infokuryr.cz\/n\/wp-json\/wp\/v2\/users\/2"}],"replies":[{"embeddable":true,"href":"https:\/\/www.infokuryr.cz\/n\/wp-json\/wp\/v2\/comments?post=8397"}],"version-history":[{"count":0,"href":"https:\/\/www.infokuryr.cz\/n\/wp-json\/wp\/v2\/posts\/8397\/revisions"}],"wp:featuredmedia":[{"embeddable":true,"href":"https:\/\/www.infokuryr.cz\/n\/wp-json\/wp\/v2\/media\/1407"}],"wp:attachment":[{"href":"https:\/\/www.infokuryr.cz\/n\/wp-json\/wp\/v2\/media?parent=8397"}],"wp:term":[{"taxonomy":"category","embeddable":true,"href":"https:\/\/www.infokuryr.cz\/n\/wp-json\/wp\/v2\/categories?post=8397"},{"taxonomy":"post_tag","embeddable":true,"href":"https:\/\/www.infokuryr.cz\/n\/wp-json\/wp\/v2\/tags?post=8397"}],"curies":[{"name":"wp","href":"https:\/\/api.w.org\/{rel}","templated":true}]}}