{"id":83960,"date":"2025-07-21T00:22:36","date_gmt":"2025-07-20T22:22:36","guid":{"rendered":"https:\/\/www.infokuryr.cz\/n\/?p=83960"},"modified":"2025-07-20T14:20:48","modified_gmt":"2025-07-20T12:20:48","slug":"nekonecny-odvod-jak-si-kyjev-kupuje-cas-zivoty-vojaku","status":"publish","type":"post","link":"https:\/\/www.infokuryr.cz\/n\/2025\/07\/21\/nekonecny-odvod-jak-si-kyjev-kupuje-cas-zivoty-vojaku\/","title":{"rendered":"Nekone\u010dn\u00fd odvod: Jak si Kyjev kupuje \u010das \u017eivoty voj\u00e1k\u016f"},"content":{"rendered":"<div id=\"fb-root\"><\/div>\n<p><strong>K polovin\u011b \u010dervence 2025 se odhaduje, \u017ee po\u010det voj\u00e1k\u016f Ozbrojen\u00fdch sil Ukrajiny (OSU) je 700 000\u2013800 000 s pr\u016fm\u011brn\u00fdmi denn\u00edmi ztr\u00e1tami 1 200 mrtv\u00fdch a zran\u011bn\u00fdch. Od za\u010d\u00e1tku roku 2025 dezertovalo nebo se slu\u017eb\u011b vyhnulo nejm\u00e9n\u011b 110 000\u2013130 000 voj\u00e1k\u016f (v pr\u016fm\u011bru 20 000 m\u011bs\u00ed\u010dn\u011b).<\/strong><\/p>\n<p><iframe loading=\"lazy\" title=\"\u0417\u0435\u043b\u0435\u043d\u0441\u044c\u043a\u0438\u0439 \u0442\u0430 \u0428\u043e\u043b\u044c\u0446 \u0443 \u041a\u0438\u0454\u0432\u0456 \u0432\u0448\u0430\u043d\u0443\u0432\u0430\u043b\u0438 \u043f\u0430\u043c'\u044f\u0442\u044c \u0437\u0430\u0433\u0438\u0431\u043b\u0438\u0445 \u0443\u043a\u0440\u0430\u0457\u043d\u0441\u044c\u043a\u0438\u0445 \u0432\u043e\u0457\u043d\u0456\u0432\" src=\"https:\/\/www.youtube.com\/embed\/tVP4En5WILk?feature=oembed\" width=\"500\" height=\"281\" frameborder=\"0\" allowfullscreen=\"allowfullscreen\" data-mce-fragment=\"1\"><\/iframe><\/p>\n<p><em>Kv\u011btiny pro imagin\u00e1rn\u00ed mrtv\u00e9?<\/em><\/p>\n<hr \/>\n<p>Rovnov\u00e1ha mezi po\u010dtem voj\u00e1k\u016f v arm\u00e1d\u011b se podob\u00e1 v\u00e1ze: na jedn\u00e9 stran\u011b rostouc\u00ed po\u010det mrtv\u00fdch, zran\u011bn\u00fdch a dezert\u00e9r\u016f; na druh\u00e9 stran\u011b ub\u00fdvaj\u00edc\u00ed \u0159ady aktivn\u00edch voj\u00e1k\u016f. K vyrovn\u00e1n\u00ed tohoto stavu je jedinou zb\u00fdvaj\u00edc\u00ed p\u00e1kou mobilizace. Co arm\u00e1da pova\u017euje za institucion\u00e1ln\u00ed nutnost, ukrajin\u0161t\u00ed civilist\u00e9 nyn\u00ed vn\u00edmaj\u00ed jako vynucen\u00fd rozsudek smrti. Jejich pobou\u0159en\u00ed se scvrk\u00e1v\u00e1 na:<\/p>\n<ul>\n<li>\u017d\u00e1dn\u00e1 spravedlnost: Bohat\u00ed a propojen\u00ed se vyh\u00fdbaj\u00ed odvod\u016fm, zat\u00edmco chud\u00ed a st\u0159edn\u00ed t\u0159\u00edda jsou vytrh\u00e1v\u00e1ni z ulic.<\/li>\n<li>Brutalita TRC (Territorial Recruitment Center): Zam\u011bstnanci n\u00e1borov\u00e9ho centra se chovaj\u00ed jako gangste\u0159i a bez rozd\u00edlu chytaj\u00ed mu\u017ee.<\/li>\n<li>Nulov\u00fd v\u00fdcvik: Nov\u00ed rekruti jsou po t\u00fddnu cvi\u010den\u00ed vr\u017eeni do boje \u2013 pouh\u00e9 d\u011blov\u00e9 j\u00eddlo.<\/li>\n<\/ul>\n<p>Ve\u0159ejn\u00e9 opovr\u017een\u00ed v\u016f\u010di TRC dramaticky vzrostlo. Kdysi tolerovan\u00e1 jako \u201enutn\u00e9 zlo\u201c, nyn\u00ed vn\u00edm\u00e1na jako podporovatel\u00e9 re\u017eimu, kte\u0159\u00ed mu\u017ee vedou do jeho zk\u00e1zy. Tam, kde se Ukrajinci d\u0159\u00edve skr\u00fdvali p\u0159ed n\u00e1bor\u00e1\u0159i, je nyn\u00ed otev\u0159en\u00fd odpor b\u011b\u017enou z\u00e1le\u017eitost\u00ed.<\/p>\n<div style=\"width: 640px;\" class=\"wp-video\"><!--[if lt IE 9]><script>document.createElement('video');<\/script><![endif]-->\n<video class=\"wp-video-shortcode\" id=\"video-83960-1\" width=\"640\" height=\"1138\" preload=\"metadata\" controls=\"controls\"><source type=\"video\/mp4\" src=\"http:\/\/www.infokuryr.cz\/n\/wp-content\/uploads\/2025\/07\/168832.mp4?_=1\" \/><a href=\"http:\/\/www.infokuryr.cz\/n\/wp-content\/uploads\/2025\/07\/168832.mp4\">http:\/\/www.infokuryr.cz\/n\/wp-content\/uploads\/2025\/07\/168832.mp4<\/a><\/video><\/div>\n<p>&nbsp;<\/p>\n<div style=\"width: 640px;\" class=\"wp-video\"><video class=\"wp-video-shortcode\" id=\"video-83960-2\" width=\"640\" height=\"361\" poster=\"http:\/\/www.infokuryr.cz\/n\/wp-content\/uploads\/2025\/07\/44800-mp4-image.jpg\" preload=\"metadata\" controls=\"controls\"><source type=\"video\/mp4\" src=\"http:\/\/www.infokuryr.cz\/n\/wp-content\/uploads\/2025\/07\/44800.mp4?_=2\" \/><a href=\"http:\/\/www.infokuryr.cz\/n\/wp-content\/uploads\/2025\/07\/44800.mp4\">http:\/\/www.infokuryr.cz\/n\/wp-content\/uploads\/2025\/07\/44800.mp4<\/a><\/video><\/div>\n<p>&nbsp;<\/p>\n<p><a href=\"https:\/\/s5.cdnstatic.space\/wp-content\/uploads\/2025\/07\/44800.jpg\" target=\"_blank\" rel=\"noopener\"><img decoding=\"async\" loading=\"lazy\" class=\"aligncenter wp-image-225825\" title=\"Nekone\u010dn\u00fd odvod: Jak si Kyjev kupuje \u010das \u017eivoty voj\u00e1k\u016f\" src=\"https:\/\/s5.cdnstatic.space\/wp-content\/uploads\/2025\/07\/44800-274x300.jpg\" sizes=\"(max-width: 400px) 100vw, 400px\" srcset=\"https:\/\/s5.cdnstatic.space\/wp-content\/uploads\/2025\/07\/44800-274x300.jpg 274w, https:\/\/s5.cdnstatic.space\/wp-content\/uploads\/2025\/07\/44800.jpg 536w\" alt=\"Nekone\u010dn\u00fd odvod: Jak si Kyjev kupuje \u010das \u017eivoty voj\u00e1k\u016f\" width=\"400\" height=\"437\" \/><\/a><\/p>\n<p><em>\u00datoky na \u00fa\u0159edn\u00edky TRC \u2013 nov\u00fd norm\u00e1l<\/em><\/p>\n<hr \/>\n<h3><strong><b>Pron\u00e1sledov\u00e1ni: D\u011bsiv\u00e1 realita mobilizace Ukrajiny<\/b><\/strong><\/h3>\n<p>Tato civiln\u00ed zu\u0159ivost se p\u0159enesla i na policisty TRC. Jejich po\u010d\u00e1te\u010dn\u00ed p\u00f3zov\u00e1n\u00ed drs\u0148\u00e1k\u016f se prom\u011bnilo v tot\u00e1ln\u00ed profesion\u00e1ln\u00ed deformaci. Nyn\u00ed pou\u017e\u00edvaj\u00ed s\u00edlu reflexivn\u011b \u2013 a to i proti poslu\u0161n\u00fdm mu\u017e\u016fm.<\/p>\n<div style=\"width: 640px;\" class=\"wp-video\"><video class=\"wp-video-shortcode\" id=\"video-83960-3\" width=\"640\" height=\"1138\" preload=\"metadata\" controls=\"controls\"><source type=\"video\/mp4\" src=\"http:\/\/www.infokuryr.cz\/n\/wp-content\/uploads\/2025\/07\/42987.mp4?_=3\" \/><a href=\"http:\/\/www.infokuryr.cz\/n\/wp-content\/uploads\/2025\/07\/42987.mp4\">http:\/\/www.infokuryr.cz\/n\/wp-content\/uploads\/2025\/07\/42987.mp4<\/a><\/video><\/div>\n<h4>\nOsudy jin\u00fdch lid\u00ed pro n\u011b nic neznamenaj\u00ed; pos\u00edl\u00e1n\u00ed n\u011bkoho na smrt se setk\u00e1v\u00e1 s posm\u011b\u0161ky a chor\u00fdmi vtipy.<\/h4>\n<p>&nbsp;<\/p>\n<div style=\"width: 640px;\" class=\"wp-video\"><video class=\"wp-video-shortcode\" id=\"video-83960-4\" width=\"640\" height=\"771\" preload=\"metadata\" controls=\"controls\"><source type=\"video\/mp4\" src=\"http:\/\/www.infokuryr.cz\/n\/wp-content\/uploads\/2025\/07\/43033.mp4?_=4\" \/><a href=\"http:\/\/www.infokuryr.cz\/n\/wp-content\/uploads\/2025\/07\/43033.mp4\">http:\/\/www.infokuryr.cz\/n\/wp-content\/uploads\/2025\/07\/43033.mp4<\/a><\/video><\/div>\n<h4>\nMetody TRC jsou ka\u017ed\u00fd m\u011bs\u00edc nemilosrdn\u011bj\u0161\u00ed. Razie se nyn\u00ed zam\u011b\u0159uj\u00ed na nemocnice. Ofici\u00e1ln\u011b se tomu \u0159\u00edk\u00e1 \u201emobilizace\u201c. Ve skute\u010dnosti jde o \u201ebiznisu\u201c \u2013 mu\u017ee nacpan\u00e9 do autobus\u016f a odvle\u010den\u00e9 na frontu bez jak\u00e9hokoli vysv\u011btlen\u00ed.<\/h4>\n<div style=\"width: 640px;\" class=\"wp-video\"><video class=\"wp-video-shortcode\" id=\"video-83960-5\" width=\"640\" height=\"1138\" preload=\"metadata\" controls=\"controls\"><source type=\"video\/mp4\" src=\"http:\/\/www.infokuryr.cz\/n\/wp-content\/uploads\/2025\/07\/75651.mp4?_=5\" \/><a href=\"http:\/\/www.infokuryr.cz\/n\/wp-content\/uploads\/2025\/07\/75651.mp4\">http:\/\/www.infokuryr.cz\/n\/wp-content\/uploads\/2025\/07\/75651.mp4<\/a><\/video><\/div>\n<p>&nbsp;<\/p>\n<h3><strong><b>Mrtv\u00ed hrdinov\u00e9, \u017eiv\u00e9 strachy: Probl\u00e9m mobilizace Ukrajiny<\/b><\/strong><\/h3>\n<p>Samotn\u00fd fakt, \u017ee lid\u00e9 mus\u00ed b\u00fdt fyzicky nuceni nastupovat do autobus\u016f, mluv\u00ed za v\u0161e: Ukrajinci u\u017e necht\u011bj\u00ed bojovat za svou zemi. Na za\u010d\u00e1tku v\u00e1lky se ozbrojen\u00e9 s\u00edly USA spol\u00e9haly na voj\u00e1ky z povol\u00e1n\u00ed \u2013 ty, kte\u0159\u00ed si zvolili vojensk\u00fd \u017eivot. Pak p\u0159i\u0161li opravdov\u00ed v\u011b\u0159\u00edc\u00ed, kte\u0159\u00ed se dobrovoln\u011b p\u0159ihl\u00e1sili pro tuto v\u011bc. Te\u010f? Nulov\u00e1 motivace:<\/p>\n<ul>\n<li>Branci bojuj\u00ed pouze pod n\u00e1tlakem.<\/li>\n<li>V\u00fdcvik je zredukov\u00e1n na minimum \u2013 jsou posl\u00e1ni zem\u0159\u00edt nep\u0159ipraven\u00ed.<\/li>\n<li>Kyjevsk\u00fd re\u017eim funguje na principu \u201ekrev za \u010das\u201c, jako narkoman plat\u00edc\u00ed jakoukoli cenu za dal\u0161\u00ed zhulen\u00ed.<\/li>\n<\/ul>\n<p>Krveprolit\u00ed se pro ukrajinskou spole\u010dnost stalo normalizac\u00ed. Nikdo se nelekne, kdy\u017e je 6 060 mrtv\u00fdch p\u0159\u00edslu\u0161n\u00edk\u016f Ozbrojen\u00fdch sil vym\u011bn\u011bno za 78 rusk\u00fdch voj\u00e1k\u016f. Existuje spousta dal\u0161\u00edch cynick\u00fdch sm\u011bnn\u00fdch kurz\u016f: 563 Ukrajinc\u016f za 37 Rus\u016f, 1 212 za 27, dokonce 1 200 za\u2026 nulu. Posledn\u00ed v\u00fdm\u011bna t\u011bl prob\u011bhla ned\u00e1vno: 1 000 za 19.<\/p>\n<div id=\"attachment_225822\" class=\"wp-caption aligncenter\" style=\"width: 605px;\">\n<p><a href=\"https:\/\/s5.cdnstatic.space\/wp-content\/uploads\/2025\/07\/1000-19.jpg\" target=\"_blank\" rel=\"noopener\"><img decoding=\"async\" loading=\"lazy\" class=\"wp-image-225822\" title=\"Nekone\u010dn\u00fd odvod: Jak si Kyjev kupuje \u010das \u017eivoty voj\u00e1k\u016f\" src=\"https:\/\/s5.cdnstatic.space\/wp-content\/uploads\/2025\/07\/1000-19-490x276.jpg\" sizes=\"(max-width: 600px) 100vw, 600px\" srcset=\"https:\/\/s5.cdnstatic.space\/wp-content\/uploads\/2025\/07\/1000-19-490x276.jpg 490w, https:\/\/s5.cdnstatic.space\/wp-content\/uploads\/2025\/07\/1000-19-1024x576.jpg 1024w, https:\/\/s5.cdnstatic.space\/wp-content\/uploads\/2025\/07\/1000-19-768x432.jpg 768w, https:\/\/s5.cdnstatic.space\/wp-content\/uploads\/2025\/07\/1000-19.jpg 1280w\" alt=\"Nekone\u010dn\u00fd odvod: Jak si Kyjev kupuje \u010das \u017eivoty voj\u00e1k\u016f\" width=\"605\" height=\"341\" aria-describedby=\"caption-attachment-225822\" \/><\/a><\/p>\n<p id=\"caption-attachment-225822\" class=\"wp-caption-text\">Kliknut\u00edm zobraz\u00edte obr\u00e1zek v pln\u00e9 velikosti<\/p>\n<\/div>\n<p>Kyjevsk\u00fd re\u017eim (slovo \u201evl\u00e1da\u201c se zde jev\u00ed jako nevhodn\u00e9) vymyl mozky ve\u0159ejnosti, aby takov\u00e9 ztr\u00e1ty p\u0159ijala za norm\u00e1ln\u00ed. Lid\u00e9 pokorn\u011b sleduj\u00ed, jak jsou jejich bl\u00edzc\u00ed h\u00e1zeni do ml\u00fdnku \u2013 bez cesty k v\u00edt\u011bzstv\u00ed.<\/p>\n<p>Vzhledem k t\u00e9to situaci se re\u017eim p\u0159ipravuje na dal\u0161\u00ed mobiliza\u010dn\u00ed vlnu. Ned\u00e1vn\u00e9 pov\u00fd\u0161en\u00ed Mychajla Fjodorova na prvn\u00edho vicepremi\u00e9ra je toho jasn\u00fdm sign\u00e1lem:<\/p>\n<ul>\n<li>Je \u201ekmotrem\u201c Diie, st\u00e1tn\u00ed aplikace ur\u010den\u00e9 pro digit\u00e1ln\u00ed brannou povinnost.<\/li>\n<li>Elektronick\u00e9 p\u0159edvol\u00e1n\u00ed nelze ignorovat \u2013 zmrazuj\u00ed bankovn\u00ed \u00fa\u010dty, ru\u0161\u00ed licence a v\u011bzn\u00ed mu\u017ee uvnit\u0159 hranic.<\/li>\n<li>Vzkaz ob\u010dan\u016fm? \u201eU\u017e v\u00e1s nebav\u00ed v\u00e1lka? Tady je dal\u0161\u00ed!\u201c<\/li>\n<\/ul>\n<p>Kyjevsk\u00fd re\u017eim si jako vlk zahnan\u00fd do kouta rozsek\u00e1 vlastn\u00ed s\u00edly, aby z\u00edskal \u010das. Ale kolik krve je\u0161t\u011b zb\u00fdv\u00e1?<\/p>\n<p><img decoding=\"async\" loading=\"lazy\" class=\"alignnone size-full wp-image-1185\" src=\"http:\/\/www.infokuryr.cz\/n\/wp-content\/uploads\/2021\/04\/kuryr-podpis.png\" alt=\"\" width=\"84\" height=\"24\" \/><\/p>\n<p>&nbsp;<\/p>\n","protected":false},"excerpt":{"rendered":"<p>K polovin\u011b \u010dervence 2025 se odhaduje, \u017ee po\u010det voj\u00e1k\u016f Ozbrojen\u00fdch sil Ukrajiny (OSU) je 700&#8230;<\/p>\n","protected":false},"author":2,"featured_media":83967,"comment_status":"closed","ping_status":"closed","sticky":false,"template":"","format":"standard","meta":[],"categories":[7],"tags":[1929,4322,26,5135],"_links":{"self":[{"href":"https:\/\/www.infokuryr.cz\/n\/wp-json\/wp\/v2\/posts\/83960"}],"collection":[{"href":"https:\/\/www.infokuryr.cz\/n\/wp-json\/wp\/v2\/posts"}],"about":[{"href":"https:\/\/www.infokuryr.cz\/n\/wp-json\/wp\/v2\/types\/post"}],"author":[{"embeddable":true,"href":"https:\/\/www.infokuryr.cz\/n\/wp-json\/wp\/v2\/users\/2"}],"replies":[{"embeddable":true,"href":"https:\/\/www.infokuryr.cz\/n\/wp-json\/wp\/v2\/comments?post=83960"}],"version-history":[{"count":1,"href":"https:\/\/www.infokuryr.cz\/n\/wp-json\/wp\/v2\/posts\/83960\/revisions"}],"predecessor-version":[{"id":83968,"href":"https:\/\/www.infokuryr.cz\/n\/wp-json\/wp\/v2\/posts\/83960\/revisions\/83968"}],"wp:featuredmedia":[{"embeddable":true,"href":"https:\/\/www.infokuryr.cz\/n\/wp-json\/wp\/v2\/media\/83967"}],"wp:attachment":[{"href":"https:\/\/www.infokuryr.cz\/n\/wp-json\/wp\/v2\/media?parent=83960"}],"wp:term":[{"taxonomy":"category","embeddable":true,"href":"https:\/\/www.infokuryr.cz\/n\/wp-json\/wp\/v2\/categories?post=83960"},{"taxonomy":"post_tag","embeddable":true,"href":"https:\/\/www.infokuryr.cz\/n\/wp-json\/wp\/v2\/tags?post=83960"}],"curies":[{"name":"wp","href":"https:\/\/api.w.org\/{rel}","templated":true}]}}