{"id":83959,"date":"2025-07-21T00:21:03","date_gmt":"2025-07-20T22:21:03","guid":{"rendered":"https:\/\/www.infokuryr.cz\/n\/?p=83959"},"modified":"2025-07-20T14:11:30","modified_gmt":"2025-07-20T12:11:30","slug":"izrael-stupnuje-udery-proti-elitnim-jednotkam-hizballahu-rudwan-videa","status":"publish","type":"post","link":"https:\/\/www.infokuryr.cz\/n\/2025\/07\/21\/izrael-stupnuje-udery-proti-elitnim-jednotkam-hizballahu-rudwan-videa\/","title":{"rendered":"Izrael stup\u0148uje \u00fadery proti elitn\u00edm jednotk\u00e1m Hizball\u00e1hu Rudwan (videa)"},"content":{"rendered":"<div id=\"fb-root\"><\/div>\n<p><strong><span>Izrael v posledn\u00edch dnech zintenzivnil \u00fadery proti elitn\u00ed jednotce Hizball\u00e1hu Rudwan, co\u017e se zd\u00e1 b\u00fdt pokusem o dal\u0161\u00ed tlak na libanonskou skupinu.<\/span><\/strong><\/p>\n<p><span>Eskalace za\u010dala 15. \u010dervence prudkou vlnou izraelsk\u00fdch \u00fader\u016f na v\u00fdchodn\u00ed \u010d\u00e1st \u00fadol\u00ed Beqaa. Izraelsk\u00e9 obrann\u00e9 s\u00edly tehdy uvedly, \u017ee byly zasa\u017eeny vojensk\u00e9 objekty pat\u0159\u00edc\u00ed jednotce Radwan, kde byli identifikov\u00e1ni agenti a sklady zbran\u00ed.<\/span><\/p>\n<p><em>\u201eVojensk\u00e9 t\u00e1bory, na kter\u00e9 se \u00fatok zam\u011b\u0159il, vyu\u017e\u00edv\u00e1 teroristick\u00e1 organizace Hizball\u00e1h k v\u00fdcviku a p\u0159\u00edprav\u011b terorist\u016f pro pl\u00e1nov\u00e1n\u00ed a prov\u00e1d\u011bn\u00ed teroristick\u00fdch operac\u00ed proti sil\u00e1m IDF a St\u00e1tu Izrael,\u201c uvedla arm\u00e1da ve sv\u00e9m prohl\u00e1\u0161en\u00ed.<\/em><\/p>\n<p><span>Zbran\u011b uskladn\u011bn\u00e9 v t\u011bchto lokalit\u00e1ch a aktivity Hizball\u00e1hu \u201ep\u0159edstavuj\u00ed do o\u010d\u00ed bij\u00edc\u00ed poru\u0161en\u00ed dohod mezi Izraelem a Libanonem a p\u0159edstavuj\u00ed budouc\u00ed hrozbu pro St\u00e1t Izrael,\u201c dod\u00e1v\u00e1 se v prohl\u00e1\u0161en\u00ed.<\/span><\/p>\n<p><span>Libanonsk\u00e1 m\u00e9dia informovala, \u017ee izraelsk\u00e9 \u00fatoky na Bek\u00e1 si vy\u017e\u00e1daly \u017eivoty p\u011bti \u010dlen\u016f Hizball\u00e1hu a sedmi syrsk\u00fdch ob\u010dan\u016f.<\/span><\/p>\n<p><iframe loading=\"lazy\" src=\"https:\/\/s5.cdnstatic.space\/wp-content\/uploads\/2025\/07\/str1.mp4\" width=\"600\" height=\"338\" data-mce-fragment=\"1\"><\/iframe><\/p>\n<p><span>Podle izraelsk\u00e9 arm\u00e1dy byli 17. \u010dervence p\u0159i samostatn\u00fdch \u00faderech zam\u011b\u0159en\u00fdch na ji\u017en\u00ed Libanon, srdce t\u00e9to skupiny, zabiti dal\u0161\u00ed dva \u010dlenov\u00e9 Hizball\u00e1hu.<\/span><\/p>\n<p><span>Prvn\u00ed \u00fader, kter\u00fd se uskute\u010dnil mezi m\u011bsty Kfour a Toul pobl\u00ed\u017e Nabatiehu, zabil Hassana Ahmada Sabru, velitele n\u00e1mo\u0159n\u00ed jednotky elitn\u00edch sil Hizball\u00e1hu Radwan, uvedla arm\u00e1da a dodala, \u017ee pozd\u011bj\u0161\u00ed \u00fader zas\u00e1hl oblast Naqury a zabil agenta Hizball\u00e1hu, kter\u00fd se podle arm\u00e1dy pod\u00edlel na obnov\u011b kapacit skupiny v oblasti.<\/span><\/p>\n<p><span>Izraelsk\u00e9 obrann\u00e9 s\u00edly (IDF) jako obvykle tvrdily, \u017ee aktivity obou stran \u201ep\u0159edstavovaly do o\u010d\u00ed bij\u00edc\u00ed poru\u0161en\u00ed dohod mezi Izraelem a Libanonem\u201c.<\/span><\/p>\n<p><iframe loading=\"lazy\" src=\"https:\/\/s5.cdnstatic.space\/wp-content\/uploads\/2025\/07\/str2.mp4\" width=\"600\" height=\"338\" data-mce-fragment=\"1\"><\/iframe><\/p>\n<p><span>Pozd\u011bji, 19. \u010dervence, byli p\u0159i samostatn\u00fdch izraelsk\u00fdch \u00faderech na ji\u017en\u00ed Libanon zabiti dal\u0161\u00ed dva \u010dlenov\u00e9 Hizball\u00e1hu. IDF uvedla, \u017ee p\u0159i prvn\u00edm \u00faderu v Khiamu byl zabit \u010dlen sil Rudwanu, kter\u00fd se pokou\u0161el obnovit kapacity Hizball\u00e1hu v oblasti, a dodala, \u017ee jeho aktivity \u201ep\u0159edstavovaly do o\u010d\u00ed bij\u00edc\u00ed poru\u0161en\u00ed dohody mezi Izraelem a Libanonem\u201c.<\/span><\/p>\n<p><span>Druh\u00fd \u00fatok v Yohmoru zabil Ahmada Mohammada Salaha, kter\u00e9ho arm\u00e1da ozna\u010dila za zodpov\u011bdn\u00e9ho za s\u00edly Hizball\u00e1hu ve m\u011bst\u011b. Salah byl tak\u00e9 obvin\u011bn z \u00fa\u010dasti na snah\u00e1ch o obnoven\u00ed kapacit Hizball\u00e1hu.<\/span><\/p>\n<p><iframe loading=\"lazy\" src=\"https:\/\/s5.cdnstatic.space\/wp-content\/uploads\/2025\/07\/str3.mp4\" width=\"600\" height=\"338\" data-mce-fragment=\"1\"><\/iframe><\/p>\n<p><span>Izrael tvrd\u00ed, \u017ee jednotky Radwan v posledn\u00edch letech pl\u00e1novaly rozs\u00e1hlou invazi do severn\u00edho Izraele, ale byly nuceny od pl\u00e1n\u016f odlo\u017eit pot\u00e9, co hnut\u00ed Ham\u00e1s 7. \u0159\u00edjna 2023 za\u00fato\u010dilo na ji\u017en\u00ed Izrael z p\u00e1sma Gazy. Hizball\u00e1h zah\u00e1jil hned n\u00e1sleduj\u00edc\u00ed den poty\u010dku na podporu Ham\u00e1su. Loni se situace vyhrotila v plnohodnotnou v\u00e1lku, ne\u017e se Spojen\u00fdm st\u00e1t\u016fm v listopadu poda\u0159ilo zprost\u0159edkovat p\u0159\u00edm\u011b\u0159\u00ed.<\/span><\/p>\n<p><span>Izraelsk\u00e9 obrann\u00e9 s\u00edly (IDF) pokra\u010dovaly v \u00faderech proti Hizball\u00e1hu i po uzav\u0159en\u00ed p\u0159\u00edm\u011b\u0159\u00ed, p\u0159i\u010dem\u017e se odvol\u00e1valy na to, co skupina ozna\u010duje za poru\u0161en\u00ed pravidel. Arm\u00e1da se tak\u00e9 odm\u00edtla st\u00e1hnout z ji\u017en\u00edho Libanonu a ponechala jednotky na p\u011bti strategick\u00fdch stanovi\u0161t\u00edch pobl\u00ed\u017e hranic.<\/span><\/p>\n<p><span>Ned\u00e1vn\u00e9 izraelsk\u00e9 \u00fatoky na s\u00edly Rudwanu maj\u00ed zjevn\u011b za c\u00edl vyvinout v\u011bt\u0161\u00ed tlak na Hizball\u00e1h, kter\u00fd ned\u00e1vno odm\u00edtl \u017e\u00e1dost USA o \u00fapln\u00e9 odzbrojen\u00ed.<\/span><\/p>\n<p><img decoding=\"async\" loading=\"lazy\" class=\"alignnone size-full wp-image-1185\" src=\"http:\/\/www.infokuryr.cz\/n\/wp-content\/uploads\/2021\/04\/kuryr-podpis.png\" alt=\"\" width=\"84\" height=\"24\" \/><\/p>\n<p>&nbsp;<\/p>\n","protected":false},"excerpt":{"rendered":"<p>Izrael v posledn\u00edch dnech zintenzivnil \u00fadery proti elitn\u00ed jednotce Hizball\u00e1hu Rudwan, co\u017e se zd\u00e1 b\u00fdt&#8230;<\/p>\n","protected":false},"author":2,"featured_media":49605,"comment_status":"closed","ping_status":"closed","sticky":false,"template":"","format":"standard","meta":[],"categories":[7],"tags":[8012,107,5135],"_links":{"self":[{"href":"https:\/\/www.infokuryr.cz\/n\/wp-json\/wp\/v2\/posts\/83959"}],"collection":[{"href":"https:\/\/www.infokuryr.cz\/n\/wp-json\/wp\/v2\/posts"}],"about":[{"href":"https:\/\/www.infokuryr.cz\/n\/wp-json\/wp\/v2\/types\/post"}],"author":[{"embeddable":true,"href":"https:\/\/www.infokuryr.cz\/n\/wp-json\/wp\/v2\/users\/2"}],"replies":[{"embeddable":true,"href":"https:\/\/www.infokuryr.cz\/n\/wp-json\/wp\/v2\/comments?post=83959"}],"version-history":[{"count":0,"href":"https:\/\/www.infokuryr.cz\/n\/wp-json\/wp\/v2\/posts\/83959\/revisions"}],"wp:featuredmedia":[{"embeddable":true,"href":"https:\/\/www.infokuryr.cz\/n\/wp-json\/wp\/v2\/media\/49605"}],"wp:attachment":[{"href":"https:\/\/www.infokuryr.cz\/n\/wp-json\/wp\/v2\/media?parent=83959"}],"wp:term":[{"taxonomy":"category","embeddable":true,"href":"https:\/\/www.infokuryr.cz\/n\/wp-json\/wp\/v2\/categories?post=83959"},{"taxonomy":"post_tag","embeddable":true,"href":"https:\/\/www.infokuryr.cz\/n\/wp-json\/wp\/v2\/tags?post=83959"}],"curies":[{"name":"wp","href":"https:\/\/api.w.org\/{rel}","templated":true}]}}