{"id":83946,"date":"2025-07-21T00:14:33","date_gmt":"2025-07-20T22:14:33","guid":{"rendered":"https:\/\/www.infokuryr.cz\/n\/?p=83946"},"modified":"2025-07-20T13:43:12","modified_gmt":"2025-07-20T11:43:12","slug":"studie-mrna-vakcina-od-spolecnosti-pfizer-muze-vest-ke-ztrate-zraku","status":"publish","type":"post","link":"https:\/\/www.infokuryr.cz\/n\/2025\/07\/21\/studie-mrna-vakcina-od-spolecnosti-pfizer-muze-vest-ke-ztrate-zraku\/","title":{"rendered":"Studie: mRNA vakc\u00edna od spole\u010dnosti Pfizer m\u016f\u017ee v\u00e9st ke ztr\u00e1t\u011b zraku"},"content":{"rendered":"<div id=\"fb-root\"><\/div>\n<p><strong><span>Podle ned\u00e1vno publikovan\u00e9 v\u011bdeck\u00e9 studie zvy\u0161uje injekce mRNA od spole\u010dnosti Pfizer riziko po\u0161kozen\u00ed o\u010d\u00ed a m\u016f\u017ee dokonce v\u00e9st ke ztr\u00e1t\u011b zraku. Podle studie m\u016f\u017ee injekce genu po\u0161kodit rohovku a zp\u016fsobit trval\u00e9 po\u0161kozen\u00ed. Toto je dal\u0161\u00ed potvrzen\u00fd vedlej\u0161\u00ed \u00fa\u010dinek v dlouh\u00e9m seznamu ji\u017e zn\u00e1m\u00fdch negativn\u00edch \u00fa\u010dink\u016f genov\u00e9 terapie od spole\u010dnosti Pfizer. V ojedin\u011bl\u00fdch p\u0159\u00edpadech byla kr\u00e1tce po zah\u00e1jen\u00ed o\u010dkov\u00e1n\u00ed dokonce hl\u00e1\u0161ena slepota \u2013 a v t\u00e9 dob\u011b byla ignorov\u00e1na.<\/span><\/strong><\/p>\n<p><span>Rohovka oka, latinsky cornea, je pr\u016fhledn\u00e1 p\u0159edn\u00ed \u010d\u00e1st oka, kter\u00e1 se nach\u00e1z\u00ed p\u0159ed duhovkou a zornic\u00ed. Chr\u00e1n\u00ed na\u0161e o\u010di p\u0159ed ciz\u00edmi t\u011blesy, bakteriemi a zran\u011bn\u00edmi. Injekce genu COVID od spole\u010dnosti Pfizer v\u0161ak m\u016f\u017ee tuto rohovku z\u0159ejm\u011b negativn\u011b ovlivnit. Toto zji\u0161t\u011bn\u00ed provedl ture\u010dt\u00ed v\u011bdci ve studii zahrnuj\u00edc\u00ed 64 lid\u00ed.<\/span><\/p>\n<p><span>V\u00fdsledky t\u00e9to studie uk\u00e1zaly, \u017ee pod\u00e1n\u00ed obou d\u00e1vek vakc\u00edny vedlo k tlust\u0161\u00ed rohovce, men\u0161\u00edmu po\u010dtu endoteli\u00e1ln\u00edch bun\u011bk v oku a v\u011bt\u0161\u00ed variabilit\u011b velikosti t\u011bchto specializovan\u00fdch bun\u011bk, kter\u00e9 tvo\u0159\u00ed endotel. I kdy\u017e studovan\u00e9 subjekty b\u011bhem studie nezaznamenaly \u017e\u00e1dn\u00e9 zjevn\u00e9 probl\u00e9my se zrakem,\u00a0<\/span><strong><span>zm\u011bny v endotelu mezi obdob\u00edm p\u0159ed prvn\u00ed injekc\u00ed mRNA od Pfizeru a dv\u011bma t\u00fddny po druh\u00e9 d\u00e1vce byly m\u011b\u0159iteln\u00e9.<\/span><\/strong><\/p>\n<figure class=\"wp-block-embed is-type-rich is-provider-twitter wp-block-embed-twitter\">\n<div class=\"wp-block-embed__wrapper\">\n<div class=\"twitter-tweet twitter-tweet-rendered\"><iframe id=\"twitter-widget-0\" class=\"\" title=\"X P\u0159\u00edsp\u011bvek\" src=\"https:\/\/platform.twitter.com\/embed\/Tweet.html?dnt=true&amp;embedId=twitter-widget-0&amp;features=eyJ0ZndfdGltZWxpbmVfbGlzdCI6eyJidWNrZXQiOltdLCJ2ZXJzaW9uIjpudWxsfSwidGZ3X2ZvbGxvd2VyX2NvdW50X3N1bnNldCI6eyJidWNrZXQiOnRydWUsInZlcnNpb24iOm51bGx9LCJ0ZndfdHdlZXRfZWRpdF9iYWNrZW5kIjp7ImJ1Y2tldCI6Im9uIiwidmVyc2lvbiI6bnVsbH0sInRmd19yZWZzcmNfc2Vzc2lvbiI6eyJidWNrZXQiOiJvbiIsInZlcnNpb24iOm51bGx9LCJ0ZndfZm9zbnJfc29mdF9pbnRlcnZlbnRpb25zX2VuYWJsZWQiOnsiYnVja2V0Ijoib24iLCJ2ZXJzaW9uIjpudWxsfSwidGZ3X21peGVkX21lZGlhXzE1ODk3Ijp7ImJ1Y2tldCI6InRyZWF0bWVudCIsInZlcnNpb24iOm51bGx9LCJ0ZndfZXhwZXJpbWVudHNfY29va2llX2V4cGlyYXRpb24iOnsiYnVja2V0IjoxMjA5NjAwLCJ2ZXJzaW9uIjpudWxsfSwidGZ3X3Nob3dfYmlyZHdhdGNoX3Bpdm90c19lbmFibGVkIjp7ImJ1Y2tldCI6Im9uIiwidmVyc2lvbiI6bnVsbH0sInRmd19kdXBsaWNhdGVfc2NyaWJlc190b19zZXR0aW5ncyI6eyJidWNrZXQiOiJvbiIsInZlcnNpb24iOm51bGx9LCJ0ZndfdXNlX3Byb2ZpbGVfaW1hZ2Vfc2hhcGVfZW5hYmxlZCI6eyJidWNrZXQiOiJvbiIsInZlcnNpb24iOm51bGx9LCJ0ZndfdmlkZW9faGxzX2R5bmFtaWNfbWFuaWZlc3RzXzE1MDgyIjp7ImJ1Y2tldCI6InRydWVfYml0cmF0ZSIsInZlcnNpb24iOm51bGx9LCJ0ZndfbGVnYWN5X3RpbWVsaW5lX3N1bnNldCI6eyJidWNrZXQiOnRydWUsInZlcnNpb24iOm51bGx9LCJ0ZndfdHdlZXRfZWRpdF9mcm9udGVuZCI6eyJidWNrZXQiOiJvbiIsInZlcnNpb24iOm51bGx9fQ%3D%3D&amp;frame=false&amp;hideCard=false&amp;hideThread=false&amp;id=1945473812314624217&amp;lang=cs&amp;origin=https%3A%2F%2Freport24.news%2Fstudie-pfizer-genspritze-kann-zu-sehverlust-fuehren%2F&amp;sessionId=bae207e8dc6e18489a20978af33f3e9a95a174ab&amp;theme=light&amp;widgetsVersion=2615f7e52b7e0%3A1702314776716&amp;width=550px\" frameborder=\"0\" scrolling=\"no\" allowfullscreen=\"allowfullscreen\" data-tweet-id=\"1945473812314624217\" data-mce-fragment=\"1\"><\/iframe><\/div>\n<\/div>\n<\/figure>\n<p><span>Podle v\u00fdzkumn\u00edk\u016f je nepravd\u011bpodobn\u00e9, \u017ee by tyto kr\u00e1tkodob\u00e9 zm\u011bny u lid\u00ed se zdrav\u00fdma o\u010dima zp\u016fsobily jak\u00e9koli znateln\u00e9 zhor\u0161en\u00ed zraku, ale \u00fa\u010dinky t\u011bchto zm\u011bn v pr\u016fb\u011bhu let nejsou zat\u00edm zn\u00e1my. Pokud p\u0159etrv\u00e1vaj\u00ed del\u0161\u00ed dobu, mohly by v\u00e9st k otoku rohovky nebo rozmazan\u00e9mu vid\u011bn\u00ed.\u00a0<\/span><strong><span>To by mohlo b\u00fdt z\u00e1va\u017en\u00fdm probl\u00e9mem, zejm\u00e9na pro lidi s existuj\u00edc\u00edmi o\u010dn\u00edmi probl\u00e9my. V nejhor\u0161\u00edm p\u0159\u00edpad\u011b by mohlo doj\u00edt k trval\u00e9 ztr\u00e1t\u011b zraku.<\/span><\/strong><\/p>\n<p><span>T\u00fdm konkr\u00e9tn\u011b zjistil, \u017ee vakc\u00edna Pfizer-BioNTech zp\u016fsobila zv\u011bt\u0161en\u00ed tlou\u0161\u0165ky rohovky pacienta z 528 na 542 mikrometr\u016f \u2013 co\u017e je asi dv\u011b procenta. Pokud toto ztlu\u0161t\u011bn\u00ed p\u0159etrv\u00e1v\u00e1 kr\u00e1tkou dobu, nezp\u016fsobuje trval\u00e9 po\u0161kozen\u00ed \u2013 ale pokud p\u0159etrv\u00e1v\u00e1 del\u0161\u00ed dobu, m\u016f\u017ee v\u00e9st k probl\u00e9m\u016fm.\u00a0<\/span><strong><span>V\u011bdci tvrd\u00ed, \u017ee je o to d\u016fle\u017eit\u011bj\u0161\u00ed sledovat tento v\u00fdvoj po dobu n\u011bkolika m\u011bs\u00edc\u016f a dokonce i let.<\/span><\/strong><\/p>\n<p><span>Ve sv\u00e9 studii s n\u00e1zvem \u201e\u00a0<\/span><a href=\"https:\/\/www.tandfonline.com\/doi\/full\/10.1080\/09286586.2025.2522724\"><span>Hodnocen\u00ed \u00fa\u010dink\u016f vakc\u00edn mRNA-COVID-19 na endotel rohovky<\/span><\/a><span> \u201c, publikovan\u00e9 v \u010dasopise Ophthalmic Epidemiology, varuj\u00ed: \u201eEndotel by m\u011bl b\u00fdt pe\u010dliv\u011b sledov\u00e1n u jedinc\u016f s n\u00edzk\u00fdm po\u010dtem endotelov\u00fdch bun\u011bk nebo po transplantaci rohovky.\u201c Pozorovan\u00fd pokles endotelov\u00fdch bun\u011bk zp\u016fsobuje, \u017ee se dal\u0161\u00ed bu\u0148ky rozp\u00ednaj\u00ed a vypl\u0148uj\u00ed pr\u00e1zdn\u00fd prostor, co\u017e by mohlo zhor\u0161it \u010dirost rohovky.<\/span><\/p>\n<p><span>Zd\u00e1 se, \u017ee Pfizer\/BioNTech nyn\u00ed m\u016f\u017ee p\u0159idat dal\u0161\u00ed mo\u017en\u00fd vedlej\u0161\u00ed \u00fa\u010dinek k ji\u017e tak dlouh\u00e9mu seznamu potenci\u00e1ln\u00edch vedlej\u0161\u00edch \u00fa\u010dink\u016f spojen\u00fdch s experiment\u00e1ln\u00edmi injekcemi genu koronaviru. Dal\u0161\u00ed d\u016fsledek usp\u011bchan\u00e9ho v\u00fdvoje vakc\u00edny bez proveden\u00ed rozs\u00e1hl\u00fdch dlouhodob\u00fdch studi\u00ed, jak je tomu obvykle.<\/span><\/p>\n<p><strong><span>N\u011bmecky psan\u00e1 m\u00e9dia se aktivn\u011b pod\u00edlela na utajov\u00e1n\u00ed ve prosp\u011bch farmaceutick\u00e9ho pr\u016fmyslu.<\/span><\/strong><span>\u00a0Krom\u011b pokyn\u016f z vl\u00e1dn\u00edch kruh\u016f se mo\u017en\u00e1 cht\u011bla vyhnout rozru\u0161en\u00ed dob\u0159e financovan\u00fdch inzerent\u016f. Zde je n\u011bkolik p\u0159\u00edklad\u016f.<\/span><\/p>\n<ul>\n<li><a href=\"https:\/\/www.focus.de\/gesundheit\/news\/faktencheck-blind-durch-die-corona-impfung-das-steckt-wirklich-hinter-den-geruechten-im-netz_id_260159803.html\" target=\"_blank\" rel=\"noreferrer noopener\"><span>Focus Fact Check, 2024: Zaslepeni o\u010dkov\u00e1n\u00edm proti koronaviru? Tohle se skute\u010dn\u011b skr\u00fdv\u00e1 za online f\u00e1mami<\/span><\/a><\/li>\n<li><a href=\"https:\/\/www.br.de\/nachrichten\/wissen\/mrna-impfstoffe-falscher-alarm-wegen-netzhaut-gefaessverschluessen,Te1qxI0\" target=\"_blank\" rel=\"noreferrer noopener\"><span>BR24, 2023: mRNA vakc\u00edny: Fale\u0161n\u00fd poplach v d\u016fsledku okluze c\u00e9v s\u00edtnice<\/span><\/a><\/li>\n<li><a href=\"https:\/\/www.sueddeutsche.de\/gesundheit\/impfung-augen-netzhaut-corona-nebenwirkung-1.5868942\" target=\"_blank\" rel=\"noreferrer noopener\"><span>SZ, 2023: Do jak\u00e9 m\u00edry je strach z infarktu oka opr\u00e1vn\u011bn\u00fd?<\/span><\/a><\/li>\n<li><a href=\"https:\/\/www.pro-retina.de\/sars-cov2-impfung-schaedigt-das-auge-nicht-keine-hinweise-auf-erhoehtes-risiko-fuer-gefaessverschluesse\" target=\"_blank\" rel=\"noreferrer noopener\"><span>Pro Retina N\u011bmecko: O\u010dkov\u00e1n\u00ed proti SARS-CoV2 nepo\u0161kozuje oko \u2013 \u017d\u00e1dn\u00e9 d\u016fkazy o zv\u00fd\u0161en\u00e9m riziku c\u00e9vn\u00edch okluz\u00ed<\/span><\/a><\/li>\n<\/ul>\n<p><span>Je zaj\u00edmav\u00e9, \u017ee n\u011bmeck\u00fd l\u00e9ka\u0159sk\u00fd \u010dasopis ji\u017e v roce 2021 jasn\u011b varoval p\u0159ed t\u00edmto rizikem:<\/span><\/p>\n<ul>\n<li><a href=\"https:\/\/www.aerzteblatt.de\/archiv\/covid-19-impfung-ein-diagnostischer-blick-ins-auge-4fd5ec18-d82c-4892-b5ea-73958ce3ef94\"><span>O\u010dkov\u00e1n\u00ed proti COVID-19: Diagnostick\u00fd pohled do o\u010d\u00ed<\/span><\/a><\/li>\n<\/ul>\n<p><img decoding=\"async\" loading=\"lazy\" class=\"alignnone size-full wp-image-1185\" src=\"http:\/\/www.infokuryr.cz\/n\/wp-content\/uploads\/2021\/04\/kuryr-podpis.png\" alt=\"\" width=\"84\" height=\"24\" \/><\/p>\n<p>&nbsp;<\/p>\n","protected":false},"excerpt":{"rendered":"<p>Podle ned\u00e1vno publikovan\u00e9 v\u011bdeck\u00e9 studie zvy\u0161uje injekce mRNA od spole\u010dnosti Pfizer riziko po\u0161kozen\u00ed o\u010d\u00ed a&#8230;<\/p>\n","protected":false},"author":2,"featured_media":83947,"comment_status":"closed","ping_status":"closed","sticky":false,"template":"","format":"standard","meta":[],"categories":[7],"tags":[694,839,651,8673],"_links":{"self":[{"href":"https:\/\/www.infokuryr.cz\/n\/wp-json\/wp\/v2\/posts\/83946"}],"collection":[{"href":"https:\/\/www.infokuryr.cz\/n\/wp-json\/wp\/v2\/posts"}],"about":[{"href":"https:\/\/www.infokuryr.cz\/n\/wp-json\/wp\/v2\/types\/post"}],"author":[{"embeddable":true,"href":"https:\/\/www.infokuryr.cz\/n\/wp-json\/wp\/v2\/users\/2"}],"replies":[{"embeddable":true,"href":"https:\/\/www.infokuryr.cz\/n\/wp-json\/wp\/v2\/comments?post=83946"}],"version-history":[{"count":0,"href":"https:\/\/www.infokuryr.cz\/n\/wp-json\/wp\/v2\/posts\/83946\/revisions"}],"wp:featuredmedia":[{"embeddable":true,"href":"https:\/\/www.infokuryr.cz\/n\/wp-json\/wp\/v2\/media\/83947"}],"wp:attachment":[{"href":"https:\/\/www.infokuryr.cz\/n\/wp-json\/wp\/v2\/media?parent=83946"}],"wp:term":[{"taxonomy":"category","embeddable":true,"href":"https:\/\/www.infokuryr.cz\/n\/wp-json\/wp\/v2\/categories?post=83946"},{"taxonomy":"post_tag","embeddable":true,"href":"https:\/\/www.infokuryr.cz\/n\/wp-json\/wp\/v2\/tags?post=83946"}],"curies":[{"name":"wp","href":"https:\/\/api.w.org\/{rel}","templated":true}]}}