{"id":8394,"date":"2022-02-18T07:58:21","date_gmt":"2022-02-18T06:58:21","guid":{"rendered":"http:\/\/www.infokuryr.cz\/n\/?p=8394"},"modified":"2022-02-18T07:58:21","modified_gmt":"2022-02-18T06:58:21","slug":"vsichni-jsme-hybridni-hrozbou","status":"publish","type":"post","link":"https:\/\/www.infokuryr.cz\/n\/2022\/02\/18\/vsichni-jsme-hybridni-hrozbou\/","title":{"rendered":"V\u0161ichni jsme hybridn\u00ed hrozbou?"},"content":{"rendered":"<div id=\"fb-root\"><\/div>\n<p>Pozorn\u011b si, pros\u00edm, pro\u010dt\u011bte,\u00a0co vis\u00ed na ofici\u00e1ln\u00edm webu Centra proti terorismu a hybridn\u00edm hrozb\u00e1m\u00a0(CTHH, sou\u010d\u00e1st Ministerstva vnitra).<\/p>\n<p>Kdyby \u0161lo o akademick\u00fd text pro diskusi na konferenci, dalo by se polemizovat skoro s ka\u017edou v\u011btou. Ale toto se vyd\u00e1v\u00e1 za ofici\u00e1ln\u00ed postoj \u010desk\u00e9ho ministerstva. Cel\u00fd text sp\u00ed\u0161 p\u0159ipom\u00edn\u00e1 doktr\u00ednu jednoho politick\u00e9ho sm\u011bru, kter\u00fd moment\u00e1ln\u011b p\u0159evl\u00e1d\u00e1 v unijn\u00edch org\u00e1nech. Je ps\u00e1n ideologick\u00fdm jazykem, kter\u00fd \u00fa\u010delov\u011b dehonestuje zcela legitimn\u00ed a v \u010desk\u00e9 spole\u010dnosti masov\u011b zastoupen\u00fd n\u00e1zorov\u00fd proud. V n\u011bkter\u00fdch \u010d\u00e1stech textu dokonce vid\u00edme rozpor s programov\u00fdm prohl\u00e1\u0161en\u00edm vl\u00e1dy.<\/p>\n<p>Kdo si vzpomene na americk\u00fd McCarthismus 50. let, mus\u00ed mu nasko\u010dit hus\u00ed k\u016f\u017ee. Co je zam\u00fd\u0161leno s lidmi, kte\u0159\u00ed sv\u011bt a politiku vid\u00ed jinak, kte\u0159\u00ed nesd\u00edlej\u00ed progresivistickou orientaci a zast\u00e1vaj\u00ed sp\u00ed\u0161e konzervativn\u00ed postoje? M\u016f\u017ee j\u00edt o v\u011bt\u0161inu ob\u010dan\u016f t\u00e9to zem\u011b. Maj\u00ed se ob\u00e1vat cenzury na soci\u00e1ln\u00edch s\u00edt\u00edch, ztr\u00e1ty zam\u011bstn\u00e1n\u00ed nebo omezen\u00ed pracovn\u00edho postupu, ostrakizace v m\u00e9di\u00edch? To u\u017e se ostatn\u011b d\u011bje. Existuj\u00ed politick\u00e9 neziskovky vytv\u00e1\u0159ej\u00edc\u00ed seznamy osob publikuj\u00edc\u00edch v m\u00e9di\u00edch, kter\u00e9 jsou aktivisty ozna\u010dov\u00e1ny za \u201edezinforma\u010dn\u00ed\u201c. Jin\u00fd jejich seznam zase uv\u00e1d\u00ed osoby, kter\u00e9 se v t\u011bchto m\u00e9di\u00edch zmi\u0148uj\u00ed nebo cituj\u00ed, ani\u017e by ony k tomu jakkoli aktivn\u011b p\u0159isp\u011bly nebo o tom v\u016fbec v\u011bd\u011bly.<\/p>\n<p><em>\u201eV r\u00e1mci st\u0159edn\u00ed Evropy jsou pak \u010dasto jako vzor vyzdvihov\u00e1ni k autorit\u00e1\u0159stv\u00ed nebo protiliber\u00e1ln\u00edm politik\u00e1m inklinuj\u00edc\u00ed st\u00e1ty, resp. jejich politick\u00e9 reprezentace a n\u011bkter\u00e9 jejich kroky \u2013 zejm\u00e9na Polsko a Ma\u010farsko. St\u0159edn\u00ed Evropa je tak d\u00e1v\u00e1na do protikladu k Z\u00e1padu (a zejm\u00e9na EU) jako prostor \u201enormality\u201c, kter\u00fd je\u0161t\u011b nen\u00ed zka\u017een\u00fd nesmysln\u00fdm pokrok\u00e1\u0159stv\u00edm, jen\u017e nicm\u00e9n\u011b \u010dasto reprezentuje t\u00e9mata, jako je ochrana men\u0161in nebo nap\u0159. zelen\u00e1 politika.<\/em>..\u201c<\/p>\n<p>Diskurz o \u201ezdegenerovan\u00e9m Z\u00e1padu\u201c je pr\u00fd \u201esou\u010d\u00e1st\u00ed prokremelsk\u00e9 propagandy nejen v\u00a0\u010cR\u201c. Ne \u201etak\u00e9\u201c, ne \u201emimo jin\u00e9\u201c, ne \u201eje n\u011bkdy zneu\u017e\u00edv\u00e1n\u201c. Je pr\u00fd sou\u010d\u00e1st\u00ed. Podprahov\u011b se tak \u010dten\u00e1\u0159i vnucuje, \u017ee kdo nesouhlas\u00ed s politikou Evropsk\u00e9 komise a zast\u00e1v\u00e1 n\u00e1rodn\u00ed nebo st\u0159edoevropskou identitu, je agentem Ruska nebo alespo\u0148 podl\u00e9h\u00e1 rusk\u00e9 propagand\u011b.<\/p>\n<p>\u201e<em>Jedn\u00edm z\u00a0dlouhodob\u00fdch narativ\u016f kvazi-medi\u00e1ln\u00ed sc\u00e9ny v\u00a0\u010cesk\u00e9 republice jsou \u00fatoky na Z\u00e1pad.\u00a0Vyu\u017e\u00edv\u00e1n\u00ed st\u0159edoevropsk\u00e9 identity nebo odkazov\u00e1n\u00ed na st\u0159edoevropsk\u00e1 specifika jsou jedn\u00edm z\u00a0jemn\u011bj\u0161\u00edch prost\u0159edk\u016f, jak vykreslit Z\u00e1pad jako prostor, ke kter\u00e9mu se nechceme vztahovat, a naopak nab\u00eddnout p\u0159ijatelnou alternativn\u00ed identitu. V\u00a0r\u00e1mci st\u0159edn\u00ed Evropy jsou pak \u010dasto jako vzor vyzdvihov\u00e1ni k\u00a0autorit\u00e1\u0159stv\u00ed nebo protiliber\u00e1ln\u00edm politik\u00e1m inklinuj\u00edc\u00ed st\u00e1ty, resp. jejich politick\u00e9 reprezentace a n\u011bkter\u00e9 jejich kroky \u2013 zejm\u00e9na Polsko a Ma\u010farsko.\u00a0St\u0159edn\u00ed Evropa je tak d\u00e1v\u00e1na do protikladu k\u00a0Z\u00e1padu (a zejm\u00e9na EU) jako prostor \u201enormality\u201c, kter\u00fd je\u0161t\u011b nen\u00ed zka\u017een\u00fd nesmysln\u00fdm pokrok\u00e1\u0159stv\u00edm, jen\u017e nicm\u00e9n\u011b \u010dasto reprezentuje t\u00e9mata, jako je ochrana men\u0161in nebo nap\u0159. zelen\u00e1 politika.\u00a0Systematick\u00e9 budov\u00e1n\u00ed tohoto typu politick\u00e9 identity nicm\u00e9n\u011b m\u016f\u017ee m\u00edt za d\u016fsledek tak\u00e9 \u2026 oslabov\u00e1n\u00ed mezin\u00e1rodn\u00ed solidarity \u010di pocitu p\u0159in\u00e1le\u017eitosti k\u00a0EU.. . To m\u016f\u017ee v\u00a0dlouhodob\u00e9m m\u011b\u0159\u00edtku znamenat riziko pro pozici \u010cR v\u00a0mezin\u00e1rodn\u00edm syst\u00e9mu.<\/em>\u201c<\/p>\n<p>Text CTHH vyb\u00edz\u00ed ke spoust\u011b ot\u00e1zek. Co je to kvazi-medi\u00e1ln\u00ed sc\u00e9na? Co se mysl\u00ed \u00fatokem? Jak\u00e1koli opr\u00e1vn\u011bn\u00e1 kritika? M\u00e1 b\u00fdt loajalitou zaml\u010dov\u00e1n\u00ed evidentn\u00edch probl\u00e9m\u016f a schvalov\u00e1n\u00ed v\u0161ech jev\u016f, kter\u00e9 na Z\u00e1pad\u011b zp\u016fsobily sou\u010dasn\u00fd stav? A co vlastn\u011b mysl\u00ed Z\u00e1padem? Ten, kter\u00fd jsme obdivovali p\u0159ed Listopadem nebo je\u0161t\u011b koncem minul\u00e9ho stolet\u00ed, u\u017e neexistuje. M\u00e1 to b\u00fdt geografick\u00e9 ur\u010den\u00ed nebo vyzn\u00e1van\u00e9 hodnoty? Pat\u0159\u00ed tam t\u0159eba dne\u0161n\u00ed Kanada, kde v\u00e1s policie m\u016f\u017ee perzekuovat, kdy\u017e p\u0159inesete demonstrant\u016fm j\u00eddlo nebo naftu do auta, a kde se zva\u017euje trest\u00e1n\u00ed t\u011bch, kte\u0159\u00ed oslovuj\u00ed druh\u00e9 nespr\u00e1vn\u00fdm z\u00e1jmenem? Je v\u00edce autorit\u00e1\u0159sk\u00e9 a m\u00e9n\u011b demokratick\u00e9 Ma\u010farsko a Polsko nebo N\u011bmecko a Francie s obrn\u011bn\u00fdmi vozy v ulic\u00edch?<\/p>\n<p>Nej\u010dast\u011bji t\u00e9mata u p\u0159\u00edsp\u011bvk\u016f, kter\u00fdmi n\u00e1m st\u011b\u017euj\u00edc\u00ed si lid\u00e9 dokl\u00e1daj\u00ed cenzurn\u00ed z\u00e1sahy soci\u00e1ln\u00edch s\u00edt\u00ed, jsou spojena pr\u00e1v\u011b s t\u00edm, kde se ob\u010dan\u00e9 EU c\u00edt\u00ed nespokojeni a o \u010dem se jim br\u00e1n\u00ed svobodn\u011b a kriticky se vyjad\u0159ovat \u2013 masov\u00e1 migrace, islamizace, genderov\u00e1 ideologie, relativizace pohlav\u00ed a rodiny, LGBT a klimatick\u00e1 politika, pojet\u00ed imunity, povinn\u00e9 o\u010dkov\u00e1n\u00ed, st\u00e1le u\u017e\u0161\u00ed integrace EU apod.<\/p>\n<p>Jestli\u017ee CTHH pova\u017euje jakoukoli kritiku d\u011bn\u00ed na sou\u010dasn\u00e9m post-Z\u00e1pad\u011b nebo sympatie v\u016f\u010di na\u0161im spojenc\u016fm v zem\u00edch V4 za dezinforma\u010dn\u00ed narativ, pak se zd\u00e1, jako by \u010desk\u00e9 ministerstvo vnitra vyhla\u0161ovalo studenou v\u00e1lku Ma\u010farsku, Polsku, v\u0161em st\u0159edoevropsk\u00fdm konzervativc\u016fm i cel\u00e9 \u0159ad\u011b publicist\u016f a intelektu\u00e1l\u016f ze z\u00e1padn\u00ed Evropy nebo USA. Znamen\u00e1 to, \u017ee v\u0161echny tyto n\u00e1zory budou u n\u00e1s cenzurov\u00e1ny a jejich auto\u0159i (nap\u0159. k\u0159es\u0165ansk\u00fd publicista Rod Dreher nebo moder\u00e1tor Tucker Carlson z Fox News) ozna\u010deni za dezinform\u00e1tory?<\/p>\n<p>Text je ozna\u010den jako anal\u00fdza a nevypl\u00fdv\u00e1 z n\u011bj p\u0159\u00edmo opat\u0159en\u00ed k cenzu\u0159e nebo ostrakizaci nositel\u016f t\u011bchto n\u00e1zor\u016f. Ale k \u010demu jin\u00e9mu m\u00e1 tedy slou\u017eit ozna\u010dov\u00e1n\u00ed nepohodln\u00fdch politick\u00fdch n\u00e1zor\u016f za dezinformace? Pokud chce Ministerstvo vnitra hodnotit politick\u00e9 n\u00e1zory ob\u010dan\u016f, vrac\u00edme se o 40 let zp\u011bt. I na to se hodl\u00e1me pt\u00e1t ministra Raku\u0161ana, kter\u00e9mu pos\u00edl\u00e1me ofici\u00e1ln\u00ed \u017e\u00e1dost o sch\u016fzku.<\/p>\n<p>Vyj\u00e1d\u0159en\u00ed n\u011bkter\u00fdch ministr\u016f nov\u00e9 vl\u00e1dy bouraj\u00edc\u00ed dosavadn\u00ed spolupr\u00e1ci se st\u00e1ty V4 n\u00e1s v\u00e1\u017en\u011b znepokojuj\u00ed. Chceme-li \u00fa\u010dinn\u011b br\u00e1nit snah\u00e1m po omezov\u00e1n\u00ed svobody projevu na digit\u00e1ln\u00edch platform\u00e1ch ze strany Bruselu, pot\u0159ebujeme vystupovat jako sou\u010d\u00e1st sebev\u011bdom\u00e9ho st\u0159edoevropsk\u00e9ho bloku, kter\u00fd vyva\u017euje vyjedn\u00e1vac\u00ed s\u00edlu a z\u00e1jmy N\u011bmecka a Francie.<\/p>\n<p><a href=\"https:\/\/www.sosp.cz\/vsichni-jsme-hybridni-hrozbou\/\">ZDROJ<\/a><\/p>\n<p>&nbsp;<\/p>\n","protected":false},"excerpt":{"rendered":"<p>Pozorn\u011b si, pros\u00edm, pro\u010dt\u011bte,\u00a0co vis\u00ed na ofici\u00e1ln\u00edm webu Centra proti terorismu a hybridn\u00edm hrozb\u00e1m\u00a0(CTHH, sou\u010d\u00e1st&#8230;<\/p>\n","protected":false},"author":2,"featured_media":5609,"comment_status":"closed","ping_status":"closed","sticky":false,"template":"","format":"standard","meta":[],"categories":[6],"tags":[28,1909,1809],"_links":{"self":[{"href":"https:\/\/www.infokuryr.cz\/n\/wp-json\/wp\/v2\/posts\/8394"}],"collection":[{"href":"https:\/\/www.infokuryr.cz\/n\/wp-json\/wp\/v2\/posts"}],"about":[{"href":"https:\/\/www.infokuryr.cz\/n\/wp-json\/wp\/v2\/types\/post"}],"author":[{"embeddable":true,"href":"https:\/\/www.infokuryr.cz\/n\/wp-json\/wp\/v2\/users\/2"}],"replies":[{"embeddable":true,"href":"https:\/\/www.infokuryr.cz\/n\/wp-json\/wp\/v2\/comments?post=8394"}],"version-history":[{"count":0,"href":"https:\/\/www.infokuryr.cz\/n\/wp-json\/wp\/v2\/posts\/8394\/revisions"}],"wp:featuredmedia":[{"embeddable":true,"href":"https:\/\/www.infokuryr.cz\/n\/wp-json\/wp\/v2\/media\/5609"}],"wp:attachment":[{"href":"https:\/\/www.infokuryr.cz\/n\/wp-json\/wp\/v2\/media?parent=8394"}],"wp:term":[{"taxonomy":"category","embeddable":true,"href":"https:\/\/www.infokuryr.cz\/n\/wp-json\/wp\/v2\/categories?post=8394"},{"taxonomy":"post_tag","embeddable":true,"href":"https:\/\/www.infokuryr.cz\/n\/wp-json\/wp\/v2\/tags?post=8394"}],"curies":[{"name":"wp","href":"https:\/\/api.w.org\/{rel}","templated":true}]}}