{"id":83936,"date":"2025-07-20T06:24:54","date_gmt":"2025-07-20T04:24:54","guid":{"rendered":"https:\/\/www.infokuryr.cz\/n\/?p=83936"},"modified":"2025-07-20T06:34:34","modified_gmt":"2025-07-20T04:34:34","slug":"pri-ztroskotani-lodi-ve-vietnamu-zahynulo-37-lidi","status":"publish","type":"post","link":"https:\/\/www.infokuryr.cz\/n\/2025\/07\/20\/pri-ztroskotani-lodi-ve-vietnamu-zahynulo-37-lidi\/","title":{"rendered":"P\u0159i ztroskot\u00e1n\u00ed lodi ve Vietnamu zahynulo 37 lid\u00ed"},"content":{"rendered":"<div id=\"fb-root\"><\/div>\n<p class=\"lead\"><strong>Po\u010det ob\u011bt\u00ed potopen\u00ed turistick\u00e9 v\u00fdletn\u00ed lodi ve Vietnamu vzrostl na 37, informoval 20. \u010dervence vietnamsk\u00fd online den\u00edk VNExpress.<\/strong><\/p>\n<p><em>\u201eV tuto chv\u00edli bylo nalezeno 37 lid\u00ed, 11 lid\u00ed bylo zachr\u00e1n\u011bno a p\u011bt lid\u00ed se st\u00e1le poh\u0159e\u0161uje,\u201c<span class=\"after-quote\">\u00a0\u2014 uv\u00e1d\u00ed publikace.<\/span><\/em><\/p>\n<p>Uv\u00e1d\u00ed se, \u017ee ob\u011b\u0165mi byli \u010dlenov\u00e9 pos\u00e1dky, v\u010detn\u011b kapit\u00e1na lodi. T\u011bla zem\u0159el\u00fdch byla nalezena v kajut\u011b.<\/p>\n<p>Publikace d\u00e1le zd\u016fraznila, \u017ee p\u00e1tr\u00e1n\u00ed po p\u011bti poh\u0159e\u0161ovan\u00fdch osob\u00e1ch prob\u00edh\u00e1 v kr\u00e1tk\u00e9m \u010dasov\u00e9m horizontu. Navzdory s\u00edl\u00edc\u00ed bou\u0159i \u201eVifa\u201c z\u00e1chrann\u00e9 operace pokra\u010duj\u00ed.<\/p>\n<p>Turistick\u00e1 lo\u010f s 48 cestuj\u00edc\u00edmi na palub\u011b se potopila 19. \u010dervence v d\u016fsledku bou\u0159e. Ve stejn\u00fd den bylo hl\u00e1\u0161eno prvn\u00edch 28 ob\u011bt\u00ed, v\u010detn\u011b osmi d\u011bt\u00ed. Pozd\u011bji se po\u010det ob\u011bt\u00ed zv\u00fd\u0161il na 34. Bylo up\u0159esn\u011bno, \u017ee z\u00e1stupc\u016fm pohrani\u010dn\u00ed slu\u017eby a n\u00e1mo\u0159nictva zem\u011b se poda\u0159ilo zachr\u00e1nit 11 lid\u00ed.<\/p>\n<h2>V Ji\u017en\u00ed Koreji se kv\u016fli siln\u00fdm de\u0161\u0165\u016fm poh\u0159e\u0161uje nejm\u00e9n\u011b 5 lid\u00ed<br \/>\n<img decoding=\"async\" class=\"aligncenter\" src=\"https:\/\/img3.eadaily.com\/c650x400\/o\/2a3\/d63691dcac10daf1a2081839209d3.jpeg\" \/><\/h2>\n<p class=\"lead\"><strong>V jihokorejsk\u00e9m m\u011bst\u011b Gapyeong se po siln\u00e9m de\u0161ti poh\u0159e\u0161uje p\u011bt lid\u00ed, informovala 20. \u010dervence tiskov\u00e1 agentura Yonhap.<\/strong><\/p>\n<p><em>\u201eP\u011bt obyvatel se poh\u0159e\u0161uje pot\u00e9, co je strhl rychl\u00fd proud v Kapchjongu v provincii Kjonggi, kde brzy r\u00e1no 20. ude\u0159il siln\u00fd d\u00e9\u0161\u0165,\u201c<span class=\"after-quote\">\u00a0\u2014 uv\u00e1d\u00ed publikace.<\/span><\/em><\/p>\n<p>Up\u0159es\u0148uje se, \u017ee org\u00e1ny pro zm\u00edrn\u011bn\u00ed n\u00e1sledk\u016f katastrof potvrdily zmizen\u00ed \u010dty\u0159 obyvatel. Denn\u00ed \u00fahrn sr\u00e1\u017eek k 9:30 (3:30 moskevsk\u00e9ho \u010dasu) \u010dinil 197,5 mm.<\/p>\n<p>Nejm\u00e9n\u011b \u010dty\u0159i lid\u00e9 zem\u0159eli a v\u00edce ne\u017e 1300 jich bylo evakuov\u00e1no kv\u016fli siln\u00fdm de\u0161\u0165\u016fm, kter\u00e9 zas\u00e1hly Ji\u017en\u00ed Koreu, informovala 17. \u010dervence tiskov\u00e1 agentura Yonhap s odvol\u00e1n\u00edm na \u00dast\u0159edn\u00ed velitelstv\u00ed pro krizov\u00e9 \u0159\u00edzen\u00ed a bezpe\u010dnost. Dodala, \u017ee stupe\u0148 varov\u00e1n\u00ed p\u0159ed po\u010das\u00edm byl kv\u016fli rostouc\u00edm \u0161kod\u00e1m zv\u00fd\u0161en na nejvy\u0161\u0161\u00ed.<\/p>\n<p><img decoding=\"async\" loading=\"lazy\" class=\"alignnone size-full wp-image-1185\" src=\"http:\/\/www.infokuryr.cz\/n\/wp-content\/uploads\/2021\/04\/kuryr-podpis.png\" alt=\"\" width=\"84\" height=\"24\" \/><\/p>\n<p>&nbsp;<\/p>\n","protected":false},"excerpt":{"rendered":"<p>Po\u010det ob\u011bt\u00ed potopen\u00ed turistick\u00e9 v\u00fdletn\u00ed lodi ve Vietnamu vzrostl na 37, informoval 20. \u010dervence vietnamsk\u00fd&#8230;<\/p>\n","protected":false},"author":2,"featured_media":83937,"comment_status":"closed","ping_status":"closed","sticky":false,"template":"","format":"standard","meta":[],"categories":[7],"tags":[501,697,871,1130,4772],"_links":{"self":[{"href":"https:\/\/www.infokuryr.cz\/n\/wp-json\/wp\/v2\/posts\/83936"}],"collection":[{"href":"https:\/\/www.infokuryr.cz\/n\/wp-json\/wp\/v2\/posts"}],"about":[{"href":"https:\/\/www.infokuryr.cz\/n\/wp-json\/wp\/v2\/types\/post"}],"author":[{"embeddable":true,"href":"https:\/\/www.infokuryr.cz\/n\/wp-json\/wp\/v2\/users\/2"}],"replies":[{"embeddable":true,"href":"https:\/\/www.infokuryr.cz\/n\/wp-json\/wp\/v2\/comments?post=83936"}],"version-history":[{"count":0,"href":"https:\/\/www.infokuryr.cz\/n\/wp-json\/wp\/v2\/posts\/83936\/revisions"}],"wp:featuredmedia":[{"embeddable":true,"href":"https:\/\/www.infokuryr.cz\/n\/wp-json\/wp\/v2\/media\/83937"}],"wp:attachment":[{"href":"https:\/\/www.infokuryr.cz\/n\/wp-json\/wp\/v2\/media?parent=83936"}],"wp:term":[{"taxonomy":"category","embeddable":true,"href":"https:\/\/www.infokuryr.cz\/n\/wp-json\/wp\/v2\/categories?post=83936"},{"taxonomy":"post_tag","embeddable":true,"href":"https:\/\/www.infokuryr.cz\/n\/wp-json\/wp\/v2\/tags?post=83936"}],"curies":[{"name":"wp","href":"https:\/\/api.w.org\/{rel}","templated":true}]}}