{"id":83927,"date":"2025-07-20T06:01:57","date_gmt":"2025-07-20T04:01:57","guid":{"rendered":"https:\/\/www.infokuryr.cz\/n\/?p=83927"},"modified":"2025-07-20T06:01:57","modified_gmt":"2025-07-20T04:01:57","slug":"miroslav-kavij-pokracujici-devastace-statu-eu","status":"publish","type":"post","link":"https:\/\/www.infokuryr.cz\/n\/2025\/07\/20\/miroslav-kavij-pokracujici-devastace-statu-eu\/","title":{"rendered":"Miroslav Kavij: Pokra\u010duj\u00edc\u00ed  devastace  st\u00e1t\u016f EU"},"content":{"rendered":"<div id=\"fb-root\"><\/div>\n<p>Nen\u00ed to zvl\u00e1\u0161tn\u00ed ?\u00a0 Zat\u00edmco Evropsk\u00e1 unie\u00a0 ji\u017e\u00a0 schv\u00e1lila\u00a0 17 sank\u010dn\u00edch\u00a0\u00a0 bal\u00ed\u010dk\u016f\u00a0 (p\u0159i sou\u010dasn\u00e9m schvalov\u00e1n\u00ed 18. bal\u00ed\u010dku\u00a0 zat\u00edm vzdoruje Slovensk\u00e1 republika)\u00a0\u00a0 nam\u00ed\u0159en\u00fdch proti\u00a0 Rusk\u00e9 federaci zahrnuj\u00edc\u00ed ekonomick\u00e1 opat\u0159en\u00ed, omezen\u00ed finan\u010dn\u00edch transakc\u00ed\u00a0 a dal\u0161\u00ed opat\u0159en\u00ed\u00a0 s\u00a0c\u00edlem co nejv\u011bt\u0161\u00edho dopadu na ruskou ekonomiku a re\u017eim, HDP Rusk\u00e9 federace\u00a0 na rozd\u00edl od st\u00e1t\u016f EU roste podstatn\u011b rychleji.<\/p>\n<p>Francouzsk\u00fd premi\u00e9r\u00a0 hledaj\u00edc\u00ed\u00a0 mo\u017enosti\u00a0 ke sn\u00ed\u017een\u00ed rekordn\u00edho st\u00e1tn\u00edho dluhu v\u00a0p\u0159epo\u010dtu kolem 83,16 bilionu K\u010d p\u0159ich\u00e1z\u00ed s\u00a0n\u00e1vrhem zru\u0161en\u00ed dvou st\u00e1tn\u00edch sv\u00e1tk\u016f.<\/p>\n<p>N\u011bmecko, jeho\u017e hlavn\u00edm c\u00edlem je finan\u010dn\u011b a vojensky p\u0159isp\u011bt kone\u010dn\u011b k\u00a0por\u00e1\u017ece Putina se nach\u00e1z\u00ed\u00a0 v\u00a0 nejhor\u0161\u00ed\u00a0 ekonomick\u00e9 situaci\u00a0 za posledn\u00edch n\u011bkolik des\u00edtek let.<\/p>\n<p>V\u00a0 \u010cR\u00a0 za Fialovy\u00a0 vl\u00e1dy\u00a0 vysko\u010dila inflace\u00a0 o 33,6 procent a zadlu\u017een\u00ed st\u00e1tu o neuv\u011b\u0159iteln\u00fdch 1,2 bil. K\u010d.<\/p>\n<p>Jedna dobr\u00e1 zpr\u00e1va se\u00a0 v\u017edy ale najde.\u00a0 Vl\u00e1da n\u00e1m schv\u00e1lila n\u00e1vrh nov\u00e9ho jednotn\u00e9ho stylu pro st\u00e1tn\u00ed spr\u00e1vu, kter\u00fd m\u00e1 za c\u00edl pos\u00edlit d\u016fv\u011bryhodnost st\u00e1tu navenek i dovnit\u0159! Jak trefn\u011b dod\u00e1v\u00e1\u00a0 ex-pir\u00e1tsk\u00fd\u00a0 ministr\u00a0 zahrani\u010d\u00ed\u00a0 Jan Lipavsk\u00fd\u00a0 \u201e<em>Modern\u00ed \u010cesko si zaslou\u017e\u00ed silnou a rozpoznatelnou zna\u010dku<\/em>\u201c!<\/p>\n<p>Mil\u00e1 vl\u00e1do, nev\u00e1\u017een\u00ed minist\u0159i a premi\u00e9re, st\u0159\u00edhejte pomysln\u00fd metr a u\u017e\u00edvejte si\u00a0 posledn\u00edch\u00a0 dn\u016f\u00a0 sv\u00fdch post\u016f.\u00a0 Ob\u010dan\u00e9\u00a0 V\u00e1m\u00a0 r\u00e1di n\u00e1slednou ne\u010dinnost prominou,\u00a0 v\u011bdomi si, \u017ee se jedn\u00e1 o\u00a0 jedinou\u00a0 mo\u017enost\u00a0 kdy nezp\u016fsob\u00edte\u00a0\u00a0 \u010cR a ob\u010dan\u016fm\u00a0 dal\u0161\u00ed ekonomick\u00e9 a mor\u00e1ln\u00ed \u0161kody.<\/p>\n<p><a href=\"https:\/\/www.pokec24.cz\/krize\/pokracujici-devastace-statu-eu\/\">Miroslav \u00a0Kavij<\/a><\/p>\n<p>&nbsp;<\/p>\n","protected":false},"excerpt":{"rendered":"<p>Nen\u00ed to zvl\u00e1\u0161tn\u00ed ?\u00a0 Zat\u00edmco Evropsk\u00e1 unie\u00a0 ji\u017e\u00a0 schv\u00e1lila\u00a0 17 sank\u010dn\u00edch\u00a0\u00a0 bal\u00ed\u010dk\u016f\u00a0 (p\u0159i sou\u010dasn\u00e9m schvalov\u00e1n\u00ed&#8230;<\/p>\n","protected":false},"author":2,"featured_media":63772,"comment_status":"closed","ping_status":"closed","sticky":false,"template":"","format":"standard","meta":[],"categories":[6],"tags":[41,1503,122],"_links":{"self":[{"href":"https:\/\/www.infokuryr.cz\/n\/wp-json\/wp\/v2\/posts\/83927"}],"collection":[{"href":"https:\/\/www.infokuryr.cz\/n\/wp-json\/wp\/v2\/posts"}],"about":[{"href":"https:\/\/www.infokuryr.cz\/n\/wp-json\/wp\/v2\/types\/post"}],"author":[{"embeddable":true,"href":"https:\/\/www.infokuryr.cz\/n\/wp-json\/wp\/v2\/users\/2"}],"replies":[{"embeddable":true,"href":"https:\/\/www.infokuryr.cz\/n\/wp-json\/wp\/v2\/comments?post=83927"}],"version-history":[{"count":0,"href":"https:\/\/www.infokuryr.cz\/n\/wp-json\/wp\/v2\/posts\/83927\/revisions"}],"wp:featuredmedia":[{"embeddable":true,"href":"https:\/\/www.infokuryr.cz\/n\/wp-json\/wp\/v2\/media\/63772"}],"wp:attachment":[{"href":"https:\/\/www.infokuryr.cz\/n\/wp-json\/wp\/v2\/media?parent=83927"}],"wp:term":[{"taxonomy":"category","embeddable":true,"href":"https:\/\/www.infokuryr.cz\/n\/wp-json\/wp\/v2\/categories?post=83927"},{"taxonomy":"post_tag","embeddable":true,"href":"https:\/\/www.infokuryr.cz\/n\/wp-json\/wp\/v2\/tags?post=83927"}],"curies":[{"name":"wp","href":"https:\/\/api.w.org\/{rel}","templated":true}]}}