{"id":83921,"date":"2025-07-20T00:30:09","date_gmt":"2025-07-19T22:30:09","guid":{"rendered":"https:\/\/www.infokuryr.cz\/n\/?p=83921"},"modified":"2025-07-19T17:26:53","modified_gmt":"2025-07-19T15:26:53","slug":"jiri-paroubek-za-vsechno-muze-putin-jak-jinak","status":"publish","type":"post","link":"https:\/\/www.infokuryr.cz\/n\/2025\/07\/20\/jiri-paroubek-za-vsechno-muze-putin-jak-jinak\/","title":{"rendered":"Ji\u0159\u00ed Paroubek: Za v\u0161echno m\u016f\u017ee Putin. Jak jinak"},"content":{"rendered":"<div id=\"fb-root\"><\/div>\n<p><strong>V posledn\u00edch dvou t\u00fddnech jsme za\u017eili dva zaj\u00edmav\u00e9 jevy, kter\u00e9 ukazuj\u00ed zcela rozd\u00edln\u00fd p\u0159\u00edstup \u010desk\u00fdch a slovensk\u00fdch vl\u00e1dn\u00edch politik\u016f a tak\u00e9 policist\u016f k ot\u00e1zk\u00e1m n\u00e1rodn\u00edho z\u00e1jmu. V posledn\u00edch deseti dnech slovensk\u00fd premi\u00e9r Robert Fico sd\u011blil \u0161\u00e9f\u016fm Evropsk\u00e9 komise a postupn\u011b tak\u00e9 \u0161\u00e9f\u016fm n\u011bkolika st\u00e1t\u016f \u010di vl\u00e1d EU, \u017ee Slovensko nebude souhlasit s osmn\u00e1ct\u00fdm bal\u00edkem sankc\u00ed EU, kter\u00fd p\u0159ipravila Evropsk\u00e1 komise v\u016f\u010di Rusku. R. Fico sd\u011blil, \u017ee chce, aby Slovensko i v nejbli\u017e\u0161\u00ed budoucnosti, co\u017e v\u0161ak Evropsk\u00e1 komise nechce p\u0159ipustit, m\u011blo mo\u017enost odeb\u00edrat rusk\u00e9 energetick\u00e9 suroviny za kontrahovan\u00e9, tedy podstatn\u011b ni\u017e\u0161\u00ed ne\u017eli sv\u011btov\u00e9 ceny. To pochopiteln\u011b m\u016f\u017ee pomoci jak slovensk\u00e9mu pr\u016fmyslu, tak zj. slovensk\u00e9mu obyvatelstvu.<\/strong><\/p>\n<p style=\"font-weight: 400;\">\u010cesk\u00fd premi\u00e9r Fiala se za\u0159adil &#8211; jak jinak &#8211; do \u0159ady evropsk\u00fdch l\u00eddr\u016f, kte\u0159\u00ed se sna\u017eili vykon\u00e1vat n\u00e1tlak na R. Fica, aby vyj\u00e1d\u0159il sv\u016fj souhlas se zat\u00edm posledn\u00ed verz\u00ed evropsk\u00fdch sankc\u00ed proti Rusku bezpodm\u00edne\u010dn\u011b. R. Fico pochopiteln\u011b v\u011bd\u011bl, \u017ee pokud bude bezpodm\u00edne\u010dn\u011b souhlasit, u\u017e nikdy se s n\u00edm nikdo nebude bavit o pot\u0159eb\u00e1ch slovensk\u00e9 ekonomiky a Slov\u00e1k\u016f. Tak\u017ee zvolil vyjedn\u00e1vac\u00ed taktiku n\u011bco za n\u011bco. A zd\u00e1 se, \u017ee ur\u010dit\u00e9ho \u00fasp\u011bchu dos\u00e1hl. Je ot\u00e1zka, jakou bude m\u00edt kompromis, kter\u00fd Slov\u00e1ci s Evropskou komis\u00ed ud\u011blali, podobu. Osobn\u011b si mysl\u00edm, \u017ee to sp\u00ed\u0161e bude znamenat p\u0159ipojen\u00ed se k rozhodnut\u00ed Evropsk\u00e9 komise s t\u00edm, \u017ee Slovensk\u00e9 republice bude z evropsk\u00fdch fond\u016f dotov\u00e1n rozd\u00edl mezi kontrahovanou (tedy ni\u017e\u0161\u00ed cenou odb\u011br\u016f z Ruska) a cenou skute\u010dnou.<\/p>\n<p style=\"font-weight: 400;\">Mainstreamov\u00e1 m\u00e9dia u n\u00e1s se pe\u010dliv\u011b vyh\u00fdbaj\u00ed sd\u011blen\u00ed, o kolik jsou vlastn\u011b dra\u017e\u0161\u00ed n\u00e1kupy energetick\u00fdch surovin \u2013 tedy plynu a ropy \u2013 z jin\u00fdch trh\u016f ne\u017eli z Ruska. Nemluv\u011b ji\u017e o ekologick\u00e9 z\u00e1t\u011b\u017ei, kterou znamen\u00e1 doprava zkapaln\u011bn\u00e9ho zemn\u00edho plynu, ob\u0159\u00edmi lod\u011bmi p\u0159es mo\u0159e a oce\u00e1ny. To je samoz\u0159ejm\u011b tak\u00e9 o dost dra\u017e\u0161\u00ed ne\u017eli doprava ji\u017e existuj\u00edc\u00edmi plynovody a ropovody z Ruska a p\u0159edstavuje tak\u00e9 velkou ekologickou z\u00e1t\u011b\u017e&#8230;<\/p>\n<p style=\"font-weight: 400;\">Premi\u00e9r Fiala se v tomto p\u0159\u00edpad\u011b cht\u011bl, pochopiteln\u011b, jak je jeho zvykem, zal\u00edbit \u0161\u00e9f\u016fm Evropsk\u00e9 komise. On si omylem mysl\u00ed, \u017ee ud\u011blat si \u201eoko\u201c u t\u011bchto \u0161\u00e9f\u016f je n\u011bco, co mu v budoucnu pom\u016f\u017ee. Fiala by si m\u011bl sp\u00ed\u0161e ne\u017eli z\u00e1le\u017eitost\u00ed ciz\u00edch st\u00e1t\u016f v\u0161\u00edmat pot\u0159eb vlastn\u00edho n\u00e1roda a \u010desk\u00e9ho pr\u016fmyslu. Tedy, kdy\u017e u\u017e nen\u00ed schopen zajistit dod\u00e1vky levn\u00e9ho plynu a ropy, jako se to z\u0159ejm\u011b poda\u0159ilo R. Ficovi pro Slov\u00e1ky, m\u011bl by se alespo\u0148 pokusit se svou poda\u0159enou vl\u00e1dou nap\u0159. o zru\u0161en\u00ed nesmysln\u00fdch povolenek, kter\u00e9 se \u0159\u00edt\u00ed na \u010ceskou republiku a jej\u00ed obyvatele v nejbli\u017e\u0161\u00edch letech, a kter\u00e9 povedou k drahot\u011b, kter\u00e1 \u010cesko posledn\u00ed l\u00e9ta ji\u017e tak dost pron\u00e1sledovala. Dal\u0161\u00edm zlat\u00fdm h\u0159ebem, kter\u00fd rozto\u010d\u00ed naplno kola inflace, m\u016f\u017ee b\u00fdt rychl\u00e9 zaveden\u00ed eura u n\u00e1s v pr\u016fb\u011bhu p\u0159\u00ed\u0161t\u00edho volebn\u00edho obdob\u00ed, co\u017e nen\u00ed v\u016fbec vylou\u010den\u00e9, pokud by d\u00e1le existovala\u00a0Fialova vl\u00e1da.<\/p>\n<p>Fico na\u0161t\u011bst\u00ed P. Fialu velmi tvrd\u011b usadil s t\u00edm, aby se staral o sv\u00e9 v\u011bci, tedy o probl\u00e9my sv\u00e9 zem\u011b.<\/p>\n<p style=\"font-weight: 400;\">V tomto t\u00fddnu se objevila informace, \u017ee byl na Ukrajin\u011b spole\u010dn\u00fdm \u00fasil\u00edm \u010desk\u00e9, slovensk\u00e9 a ukrajinsk\u00e9 policie zat\u010den mu\u017e, kter\u00fd vyhro\u017eoval teroristick\u00fdmi \u00fatoky \u010desk\u00fdm a slovensk\u00fdm \u0161kol\u00e1m. \u010cesk\u00e1 policie a \u010desk\u00fd ministr vnitra, jak jsem sly\u0161el na vlastn\u00ed u\u0161i v \u010cT, okam\u017eit\u011b sd\u011blili, \u017ee s pravd\u011bpodobnost\u00ed hrani\u010d\u00edc\u00ed s jistotou, je za t\u011bmito hrozbami Rusko. Vylou\u010dit nelze pochopiteln\u011b nikdy nic, ale jde o to, aby se policie a tajn\u00e9 slu\u017eby zab\u00fdvaly v\u017edy fakty a ne dojmy. Slovensk\u00e1 policie a ministr vnitra Slovenska se proti takov\u00e9to\u00a0\u00a0\u00a0interpretaci, se kterou p\u0159i\u0161ly \u010desk\u00e9 bezpe\u010dnostn\u00ed org\u00e1ny ohradilo. Zat\u00edm pro to nejsou d\u016fkazy. Jde o to, abychom se nedostali v bl\u00edzk\u00e9 budoucnosti do\u00a0\u00a0\u00a0\u00a0podobn\u00e9 d\u016fkazn\u00ed nouze, jako se to stalo v p\u0159\u00edpad\u011b \u201evrb\u011btick\u00e9ho atent\u00e1tu\u201c. Tehdy, na z\u00e1klad\u011b n\u011bkolika fotografi\u00ed, kter\u00e9 ukazovali dva mu\u017ee \u2013 \u00fadajn\u011b zn\u00e1m\u00e9 rusk\u00e9 agenty &#8211;\u00a0\u00a0kte\u0159\u00ed se fl\u00e1kaj\u00ed po ulici \u00fadajn\u011b n\u011bjak\u00e9ho \u010desk\u00e9ho m\u011bsta &#8211; jsme se dozv\u011bd\u011bli, ze cel\u00e1 v\u011bc je jasn\u00e1. A pak za\u010dalo fantaz\u00edrov\u00e1n\u00ed o tom, \u017ee tito &#8222;ru\u0161t\u00ed agenti&#8220; pronikli d\u011brav\u00fdm plotem ke sklad\u016fm munice ve Vrb\u011btic\u00edch a zp\u016fsobili tam postupn\u011b dva ob\u0159\u00ed v\u00fdbuchy. Do dne\u0161ka neprob\u011bhl s t\u011bmito \u00fadajn\u00fdmi pachateli \u017e\u00e1dn\u00fd soud. Ten by se musel pochopiteln\u011b zab\u00fdvat d\u016fkazy, kter\u00e9 by mu BIS a policie p\u0159edlo\u017eily. Tak\u017ee dnes se u\u017e hovo\u0159\u00ed o vrb\u011btick\u00e9m atent\u00e1tu bez toho, \u017ee by byly ve\u0159ejnosti p\u0159edlo\u017eeny relevantn\u00ed d\u016fkazy jako o teroristick\u00e9m \u00fatoku Putinov\u00fdch agent\u016f&#8230; Zkr\u00e1tka, p\u0159i Mikul\u00e1\u0161sk\u00e9 nad\u00edlce m\u00edsto \u010derta budeme m\u00edt tentokr\u00e1t v doprovodu Mikul\u00e1\u0161e Vladim\u00edra Putina.<\/p>\n<p style=\"font-weight: 400;\">Prost\u011b mas\u00edrov\u00e1n\u00ed \u010desk\u00e9 ve\u0159ejnosti a to zjevn\u011b nepr\u016fkazn\u00fdmi\u00a0\u00a0\u00a0a vykonstruovan\u00fdmi informacemi, z\u0159ejm\u011b vrchol\u00ed. Co n\u00e1s asi je\u0161t\u011b \u010dek\u00e1 v z\u00e1\u0159\u00ed, t\u011bsn\u011b p\u0159ed volbami do Poslaneck\u00e9 sn\u011bmovny&#8230;?<\/p>\n<p><a href=\"https:\/\/vasevec.info\/komentare\/za-vsechno-muze-putin-jak-jinak\">Ji\u0159\u00ed Paroubek<\/a><\/p>\n<p><img decoding=\"async\" loading=\"lazy\" class=\"alignnone size-medium wp-image-2342\" src=\"http:\/\/www.infokuryr.cz\/n\/wp-content\/uploads\/2021\/06\/paroubek-300x208.jpg\" alt=\"\" width=\"300\" height=\"208\" srcset=\"https:\/\/www.infokuryr.cz\/n\/wp-content\/uploads\/2021\/06\/paroubek-300x208.jpg 300w, https:\/\/www.infokuryr.cz\/n\/wp-content\/uploads\/2021\/06\/paroubek.jpg 318w\" sizes=\"(max-width: 300px) 100vw, 300px\" \/><\/p>\n<p>&nbsp;<\/p>\n","protected":false},"excerpt":{"rendered":"<p>V posledn\u00edch dvou t\u00fddnech jsme za\u017eili dva zaj\u00edmav\u00e9 jevy, kter\u00e9 ukazuj\u00ed zcela rozd\u00edln\u00fd p\u0159\u00edstup \u010desk\u00fdch&#8230;<\/p>\n","protected":false},"author":2,"featured_media":77114,"comment_status":"closed","ping_status":"closed","sticky":false,"template":"","format":"standard","meta":[],"categories":[6],"tags":[506,3568,41,636,535,102],"_links":{"self":[{"href":"https:\/\/www.infokuryr.cz\/n\/wp-json\/wp\/v2\/posts\/83921"}],"collection":[{"href":"https:\/\/www.infokuryr.cz\/n\/wp-json\/wp\/v2\/posts"}],"about":[{"href":"https:\/\/www.infokuryr.cz\/n\/wp-json\/wp\/v2\/types\/post"}],"author":[{"embeddable":true,"href":"https:\/\/www.infokuryr.cz\/n\/wp-json\/wp\/v2\/users\/2"}],"replies":[{"embeddable":true,"href":"https:\/\/www.infokuryr.cz\/n\/wp-json\/wp\/v2\/comments?post=83921"}],"version-history":[{"count":0,"href":"https:\/\/www.infokuryr.cz\/n\/wp-json\/wp\/v2\/posts\/83921\/revisions"}],"wp:featuredmedia":[{"embeddable":true,"href":"https:\/\/www.infokuryr.cz\/n\/wp-json\/wp\/v2\/media\/77114"}],"wp:attachment":[{"href":"https:\/\/www.infokuryr.cz\/n\/wp-json\/wp\/v2\/media?parent=83921"}],"wp:term":[{"taxonomy":"category","embeddable":true,"href":"https:\/\/www.infokuryr.cz\/n\/wp-json\/wp\/v2\/categories?post=83921"},{"taxonomy":"post_tag","embeddable":true,"href":"https:\/\/www.infokuryr.cz\/n\/wp-json\/wp\/v2\/tags?post=83921"}],"curies":[{"name":"wp","href":"https:\/\/api.w.org\/{rel}","templated":true}]}}