{"id":83911,"date":"2025-07-20T00:26:46","date_gmt":"2025-07-19T22:26:46","guid":{"rendered":"https:\/\/www.infokuryr.cz\/n\/?p=83911"},"modified":"2025-07-19T17:05:56","modified_gmt":"2025-07-19T15:05:56","slug":"jindrich-kulhavy-sli-vzorem-ted-na-to-mohou-doplatit","status":"publish","type":"post","link":"https:\/\/www.infokuryr.cz\/n\/2025\/07\/20\/jindrich-kulhavy-sli-vzorem-ted-na-to-mohou-doplatit\/","title":{"rendered":"Jind\u0159ich Kulhav\u00fd: \u0160li vzorem, te\u010f na to mohou doplatit"},"content":{"rendered":"<div id=\"fb-root\"><\/div>\n<p><strong><span class=\"anotation\">Posledn\u00ed ji\u017e prob\u011bhl\u00e9 parlamentn\u00ed volby se nesly v\u00a0duchu koalic\u00ed. Naprosto nepodstatn\u00e9 strany, jak\u00fdmi jsou nyn\u00ed Top09 a KDU-\u010cSL, se spojily s\u00a0ODS a vytvo\u0159ily p\u0159es \u0159adu diskuz\u00ed a d\u00edky posv\u011bcen\u00ed \u00dastavn\u00edho soudu parti\u010dku SPOLU. STAN vyu\u017eili stoupaj\u00edc\u00ed popularity a pen\u011bz Pir\u00e1t\u016f, kter\u00e9 nakonec v\u00a0realit\u011b p\u0159ev\u00e1lcovali, a jen d\u00edky dodr\u017een\u00ed dohod je dostali do v\u00edce vl\u00e1dn\u00edch post\u016f. Ani\u017e si je tito avantgardn\u00ed \u0161kodi\u010di ve skute\u010dnosti vyv\u00e1l\u010dili. T\u00e9m\u011b\u0159 shodn\u00fd po\u010det ministr\u016f jako poslanc\u016f ve Sn\u011bmovn\u011b je obdivuhodn\u00fd v\u00fdkon.<\/span><\/strong><\/p>\n<div id=\"pagetext\">\n<p>\u00a0 Pozd\u011bj\u0161\u00ed odchod pir\u00e1tsk\u00e9 svolo\u010de z\u00a0vl\u00e1dy po naprost\u00e9m krachu digitalizace stavebn\u00edch \u0159\u00edzen\u00ed u\u017e byl jen uk\u00e1zkou neschopnosti, kterou jsme o\u010dek\u00e1vali. Ostatn\u011b to, co d\u011bl\u00e1 H\u0159ib v jin\u00e9 \u010d\u00e1sti politick\u00e9ho p\u016fsoben\u00ed Pir\u00e1t\u016f, to jen podtrhuje. Praha p\u0159i vysloven\u00ed jeho jm\u00e9na pl\u00e1\u010de a n\u00e1sledky r\u00e9toriky slavi\u010d\u00ednsk\u00e9ho rod\u00e1ka budou metropoli tr\u00e1pit je\u0161t\u011b dlouho. Podobn\u011b destruktivn\u00ed je p\u0159\u00edstup pir\u00e1tsk\u00e9 europoslankyn\u011b Gregorov\u00e9 v\u00a0Evropsk\u00e9m parlamentu. Spole\u010dn\u011b se stranickou kolegyn\u00ed a m\u00edstop\u0159edsedkyn\u00ed Sn\u011bmovny Richterovou pat\u0159\u00ed k\u00a0tomu m\u00e9n\u011b inteligentn\u00edmu na politick\u00e9 sc\u00e9n\u011b a jejich zarputilost v\u00a0prosazov\u00e1n\u00ed greendealov\u00e9 zvrhlosti, genderu a eurohujersk\u00e9 pod\u0159azenosti je stra\u0161ideln\u00e9. Je tedy s\u00a0podivem, kolik potencion\u00e1ln\u00edch voli\u010d\u016f \u00a0ji\u017e osamocen\u00fdm Pir\u00e1t\u016fm z\u016fst\u00e1v\u00e1. Tato ultralevicov\u00e1 ml\u00e1de\u017e dopln\u011bn\u00e1 star\u00fdmi harcovn\u00edky vid\u00edc\u00edmi \u0161anci se udr\u017eet u koryt by m\u011bla b\u00fdt za zenitem a pohybovat se na \u00farovni nepot\u0159ebn\u00fdch Zelen\u00fdch.<\/p>\n<p>Rozpad koalice STAN a Pir\u00e1t\u016f asi nikoho nemrz\u00ed, i kdy\u017e dle p\u0159edvolebn\u00edch pr\u016fzkum\u016f by mohli m\u00edt dohromady a\u017e je 20%. To je smutn\u00e9 zji\u0161t\u011bn\u00ed, proto\u017ee STAN m\u00e1 za sebou \u00fa\u010dast ve v\u00edce z\u00e1sadn\u00edch kauz\u00e1ch. N\u00e1m\u011bstek ministra spravedlnosti se pod\u00edlel na prob\u00edhaj\u00edc\u00ed bitcoinov\u00e9 kauze, Raku\u0161anovi se rovnou \u0159\u00edk\u00e1 Dozimetr a v\u00a0pran\u00ed pen\u011bz p\u0159es Ukrajinu m\u00e1 prsty cel\u00e9 veden\u00ed STAN. Nav\u00edc europoslanci Nerudov\u00e1 a Farsk\u00fd jsou skute\u010dn\u00fdmi poddan\u00fdmi Leyenov\u00e9 a Danu\u0161e nav\u00edc ji\u017e n\u011bjakou dobu o\u017eivuje r\u016fzn\u00e9 debaty a soci\u00e1ln\u00ed s\u00edt\u011b svou neochv\u011bjnou moudrost\u00ed, kterou \u0161\u00ed\u0159\u00ed ona i jej\u00ed rodina. Bohu\u017eel jsou o n\u00ed p\u0159esv\u011bd\u010deni jen oni a p\u00e1r spolustran\u00edk\u016f. To Farsk\u00fd si zastudoval v\u00a0\u00e9\u0159e Bidena \u00a0v\u00a0USA a sv\u00e9 poznatky p\u0159en\u00e1\u0161\u00ed pot\u00e9 k\u00a0n\u00e1m. Jde o klasick\u00e9ho gaunera a u\u017e jeho ironick\u00fd v\u00fdraz p\u0159i argumentaci oponent\u016f v\u00a0oblasti liber\u00e1ln\u00edho chov\u00e1n\u00ed v\u00a0EU je\u2026.s prominut\u00edm\u2026na p\u0159esdr\u017eku. Stejn\u011b tak p\u016fsoben\u00ed stran\u00edk\u016f ve vl\u00e1d\u011b.<\/p>\n<p>Samotn\u00e9 SPOLU je spojen\u00edm stran s\u00a0rozd\u00edln\u00fdm potenci\u00e1lem. ODS se zvedla z\u00a0prachu, v\u00a0kter\u00e9m se ocitnula po kolapsu z\u00e1letn\u00edka Ne\u010dase. Zp\u011bt se pod veden\u00edm ultralh\u00e1\u0159e Fialy s pomoc\u00ed mnoha slib\u016f a d\u00edky d\u016fsledk\u016fm covidov\u00e9ho \u0161\u00edlenstv\u00ed Babi\u0161e po spolupr\u00e1ci s\u00a0dal\u0161\u00edmi subjekty slou\u010den\u00fdmi do P\u011btidemolice vr\u00e1tila do vl\u00e1dy. Svou destrukci st\u00e1tu prov\u00e1d\u00ed tak dokonale, \u017ee ji opustil posledn\u00ed schopn\u00fd dlouholet\u00fd \u010dlen Zahradil a tv\u00e1\u0159\u00ed se naopak \u010d\u00e1ste\u010dn\u011b stal fe\u0165\u00e1k a bl\u00e1zen Pavel Novotn\u00fd. Z\u00a0kdysi hrd\u00e9 ODS je spolek st\u0159edolev\u00fdch eurohujer\u016f nesouc\u00edch vinu na urychlovan\u00ed Green Dealu i d\u00edky pr\u016fb\u011bhu p\u0159edsednictv\u00ed v EU a \u0161\u00ed\u0159en\u00ed nen\u00e1visti v\u016f\u010di Rusku a B\u011blorusku. Moment\u00e1ln\u00ed p\u0159edvolebn\u00ed obrat je jen dal\u0161\u00ed vylhanou etapou v\u00a0\u017eivotech \u010dlen\u016f ODS. Kdy\u017e mohli pomoci strhnout Leyenovou z\u00a0piedestalu, rad\u0161i ml\u010deli. To je prav\u00e1 tv\u00e1\u0159 ODS. Jsou v\u017edy p\u0159edev\u0161\u00edm tam, kde to n\u011bco k\u00e1pne. Ne pro st\u00e1t, ale p\u0159\u00edmo pro n\u011b osobn\u011b.<\/p>\n<p>Top 09 je p\u0159edev\u0161\u00edm tup\u00e1 Pekarov\u00e1, na\u0161t\u011bst\u00ed \u00fadajn\u011b kon\u010d\u00edc\u00ed v\u00a0politice (asi u\u017e je zaji\u0161t\u011bna), liber\u00e1ln\u00ed zlo\u010dinec a europoslanec Niedermayer, kter\u00fd nem\u00e1 ani \u010desk\u00e9 jm\u00e9no, nato\u017e ochotu h\u00e1jit na\u0161e z\u00e1jmy, genderov\u011b pomaten\u00fd Posp\u00ed\u0161il zaopat\u0159uj\u00edc\u00ed si potomky n\u011bkde v\u00a0marketu a p\u00e1r dal\u0161\u00edch pohrobk\u016f zbo\u017et\u011bl\u00e9ho\u00a0 potomka \u0161lechtic\u016f za 2.sv\u011btov\u00e9 v\u00e1lky klidn\u011b spolupracuj\u00edc\u00edch s\u00a0nacisty Schwarzenberga. Ten s\u00a0Havlem nejen prolomil Bene\u0161ovy dekrety, ale z\u00e1rove\u0148 na sv\u00e9 panstv\u00ed a\u017e do sv\u00e9 smrti \u010derpal dal\u0161\u00ed hromady pen\u011bz r\u016fznou formou dotac\u00ed. Z\u00a0Topky toho moc nez\u016fstalo a po odchodu Pekarov\u00e9 vlastn\u011b nikdo ani nev\u00ed, co s\u00a0n\u00ed bude d\u00e1le. Je toti\u017e \u00fapln\u011b zbyte\u010dn\u00e1. To KDU-\u010cSL m\u00e1 aspo\u0148 na Morav\u011b jist\u00e9 z\u00e1zem\u00ed a je schopn\u00e1 p\u0159iv\u00e9st p\u00e1r voli\u010d\u016f, co\u017e vn\u00edm\u00e1me sp\u00ed\u0161e jako jistou tradici, ne\u017e aby to bylo opodstatn\u011bn\u00e9 v\u00fdkonem ministr\u016f nominovan\u00fdch za tuto partaj.<\/p>\n<p>Letos opozice pochopila, \u017ee j\u00edt proti vl\u00e1dn\u00edm stran\u00e1m a ANO samostatn\u011b je nesmysl. Rozt\u0159\u00ed\u0161t\u011bnost ni\u010demu nepom\u016f\u017ee. SPD se satelity m\u016f\u017ee myslet na v\u00edce ne\u017e jen na st\u00ednov\u00e9 p\u016fsoben\u00ed, nav\u00edc s\u00a0nov\u00fdmi p\u0159\u00e1teli p\u0159i\u0161lo p\u00e1r pot\u0159ebn\u00fdch odborn\u00edk\u016f. STA\u010cILO se dohodou z\u00a0torza je\u0161t\u011b relativn\u011b ned\u00e1vno siln\u00e9 levicov\u00e9 \u010cSSD vze\u0161l\u00e9 SOC-DEM \u00a0tak\u00e9 m\u016f\u017ee posunout o n\u011bjak\u00e9 procento v\u00fd\u0161e. Halek\u00e1n\u00ed liber\u00e1l\u016f v\u00a0\u010dele s\u00a0naprosto manipuluj\u00edc\u00edm a protivn\u00fdm Zdechovsk\u00fdm o nutnosti zak\u00e1zat cokoli spojen\u00e9 s\u00a0komunisty je jen projevem strachu z\u00a0Kate\u0159iny Kone\u010dn\u00e9 a jej\u00ed argumentace. Sou\u010dasn\u00ed levicov\u00ed komunist\u00e9 u\u017e nejsou t\u00edm, \u010d\u00edm byli jejich p\u0159edch\u016fdci za socialismu (mimochodem to byli mnohem lep\u0161\u00ed hospod\u00e1\u0159i, ne\u017e liber\u00e1lov\u00e9). Stejn\u00fd p\u0159\u00edm\u011br m\u016f\u017eeme d\u00e1t mezi Sov\u011btsk\u00fd svaz a Ruskou federaci, kdy jde o naprosto odli\u0161n\u00e9 st\u00e1tn\u00ed i politick\u00e9 \u00fatvary, jen \u00fazem\u00ed a n\u00e1rod z\u016fst\u00e1vaj\u00ed. A cel\u00e9 to protikomunistick\u00e9 a protirusk\u00e9 ta\u017een\u00ed je v\u00fdplodem fantast\u016f. Za\u010dne li te\u010f n\u011bkdo hovo\u0159it o \u201einvazi\u201c Rus\u016f na Ukrajinu, a\u0165 si z\u00a0relevantn\u00edch zdroj\u016f nastuduje jej\u00ed p\u0159\u00ed\u010diny, spo\u010d\u00edt\u00e1, kolik n\u00e1s Ukrajina st\u00e1la a a\u017e pot\u00e9 se m\u016f\u017eeme bavit d\u00e1le.<\/p>\n<p>Osamocen\u00ed tak z\u016fst\u00e1vaj\u00ed ANO a Motorist\u00e9. Samotn\u00ed Babi\u0161ovci u\u017e ve vl\u00e1d\u011b 2x byli, jen lidem nedoch\u00e1z\u00ed, co zp\u016fsobili. P\u0159i v\u0161\u00ed \u00fact\u011b jde o liber\u00e1ly, p\u0159\u00edznivce NATO i jen \u010d\u00e1ste\u010dn\u011b reorganizovan\u00e9 EU, maj\u00ed za sebou ne zrovna demokraticky pojat\u00fd covid, Schillerov\u00e1 nen\u00ed ekonomka s\u00a0rozs\u00e1hl\u00fdmi znalostmi a jsou schopn\u00ed spolupracovat s\u00a0k\u00fdmkoliv mimo SPD (r\u00e1di bychom se m\u00fdlili). Motorist\u00e9 bohu\u017eel maj\u00ed k\u00a0NATO kladn\u00fd vztah, k\u00a0Rusku jsou zdr\u017eenliv\u00fdmi a souhlas\u00edme s\u00a0nimi p\u0159edev\u0161\u00edm v\u00a0ot\u00e1zk\u00e1ch Green Dealu, nesmyslnosti dopravn\u00edch z\u00e1kon\u016f a omezen\u00ed, tak\u00e9 v\u00a0genderov\u00e9 problematice. Dok\u00e1zali by ale prosazovat sv\u00e9 priority i v\u00a0n\u011bjak\u00e9 koalici?\u00a0 Jist\u00e9 je, \u017ee pokud se ANO i Motorist\u00e9 dostanou do Sn\u011bmovny, budou muset s n\u011bk\u00fdm spolupracovat. ANO je favoritem, Turek &amp; spol . mohou jen p\u0159ekvapit. Volby se bl\u00ed\u017e\u00ed a pe\u010dliv\u011b v\u0161e sledujte. Za n\u00e1s je kdokoliv z\u00a0P\u011btidemolice nevoliteln\u00fd. ANO pova\u017eujeme za p\u0159\u00edli\u0161 poslu\u0161n\u00e9 EU, co\u017e nechceme b\u00fdt i my. A ze zbytku se d\u00e1 vyb\u00edrat podle toho, pat\u0159\u00edte li doprava \u010di doleva. Je to na v\u00e1s.<\/p>\n<p><a href=\"https:\/\/www.inadhled.live\/uvaha-dne\/sli-vzorem-ted-na-to-mohou-doplatit\/\">Jind\u0159ich Kulhav\u00fd<\/a><\/p>\n<p><img decoding=\"async\" loading=\"lazy\" class=\"alignnone size-full wp-image-48136\" src=\"http:\/\/www.infokuryr.cz\/n\/wp-content\/uploads\/2024\/02\/kulhavy-jindrich.jpg\" alt=\"\" width=\"219\" height=\"221\" srcset=\"https:\/\/www.infokuryr.cz\/n\/wp-content\/uploads\/2024\/02\/kulhavy-jindrich.jpg 219w, https:\/\/www.infokuryr.cz\/n\/wp-content\/uploads\/2024\/02\/kulhavy-jindrich-150x150.jpg 150w\" sizes=\"(max-width: 219px) 100vw, 219px\" \/><\/p>\n<p>&nbsp;<\/p>\n<\/div>\n","protected":false},"excerpt":{"rendered":"<p>Posledn\u00ed ji\u017e prob\u011bhl\u00e9 parlamentn\u00ed volby se nesly v\u00a0duchu koalic\u00ed. Naprosto nepodstatn\u00e9 strany, jak\u00fdmi jsou nyn\u00ed&#8230;<\/p>\n","protected":false},"author":2,"featured_media":83912,"comment_status":"closed","ping_status":"closed","sticky":false,"template":"","format":"standard","meta":[],"categories":[6],"tags":[506,1503,1085,424,27],"_links":{"self":[{"href":"https:\/\/www.infokuryr.cz\/n\/wp-json\/wp\/v2\/posts\/83911"}],"collection":[{"href":"https:\/\/www.infokuryr.cz\/n\/wp-json\/wp\/v2\/posts"}],"about":[{"href":"https:\/\/www.infokuryr.cz\/n\/wp-json\/wp\/v2\/types\/post"}],"author":[{"embeddable":true,"href":"https:\/\/www.infokuryr.cz\/n\/wp-json\/wp\/v2\/users\/2"}],"replies":[{"embeddable":true,"href":"https:\/\/www.infokuryr.cz\/n\/wp-json\/wp\/v2\/comments?post=83911"}],"version-history":[{"count":0,"href":"https:\/\/www.infokuryr.cz\/n\/wp-json\/wp\/v2\/posts\/83911\/revisions"}],"wp:featuredmedia":[{"embeddable":true,"href":"https:\/\/www.infokuryr.cz\/n\/wp-json\/wp\/v2\/media\/83912"}],"wp:attachment":[{"href":"https:\/\/www.infokuryr.cz\/n\/wp-json\/wp\/v2\/media?parent=83911"}],"wp:term":[{"taxonomy":"category","embeddable":true,"href":"https:\/\/www.infokuryr.cz\/n\/wp-json\/wp\/v2\/categories?post=83911"},{"taxonomy":"post_tag","embeddable":true,"href":"https:\/\/www.infokuryr.cz\/n\/wp-json\/wp\/v2\/tags?post=83911"}],"curies":[{"name":"wp","href":"https:\/\/api.w.org\/{rel}","templated":true}]}}