{"id":83906,"date":"2025-07-20T00:22:11","date_gmt":"2025-07-19T22:22:11","guid":{"rendered":"https:\/\/www.infokuryr.cz\/n\/?p=83906"},"modified":"2025-07-19T17:02:16","modified_gmt":"2025-07-19T15:02:16","slug":"petr-michalu-poctenicko-k-volbam-v-cr-aneb-rady-cloveka-zivotem-jiz-protreleho","status":"publish","type":"post","link":"https:\/\/www.infokuryr.cz\/n\/2025\/07\/20\/petr-michalu-poctenicko-k-volbam-v-cr-aneb-rady-cloveka-zivotem-jiz-protreleho\/","title":{"rendered":"Petr Michal\u016f: Po\u010dten\u00ed\u010dko k volb\u00e1m v \u010cR, aneb rady \u010dlov\u011bka \u017eivotem ji\u017e prot\u0159el\u00e9ho"},"content":{"rendered":"<div id=\"fb-root\"><\/div>\n<h2><strong>\u201eNERA\u010e, NEN\u00cd TI \u0160EDES\u00c1T A V RUSKU JSI NEBYL!\u201c<\/strong><\/h2>\n<p>Jist\u011b zn\u00e1te, nebo jste ve sv\u00e9m \u017eivot\u011b n\u011bkdy sly\u0161eli, nebo dokonce i p\u0159\u00edmo v\u00e1m n\u011bkdo alespo\u0148 jednou \u0159ekl ono zn\u00e1m\u00e9 a \u010dasto pou\u017e\u00edvan\u00e9 (a zneu\u017e\u00edvan\u00e9 \u2013 tj. hlavn\u011b, aby v\u00e1s usadili a poslali kamsi\u2026) po\u0159ekadlo: <strong>\u201eHELE, NERA\u010e, NEN\u00cd TI \u0160EDES\u00c1T, V RUSKU JSI NEBYL A NEVID\u011aL JSI LENINA!\u201c<\/strong><\/p>\n<p>Hm, mus\u00edm se tedy pochlubit &#8211; mn\u011b je dokonce o 3 roky v\u00edce, ne\u017e t\u011bch <strong>\u201er\u00e1dcovsk\u00fdch<\/strong> <strong>\u0161edes\u00e1t\u201c<\/strong>, v Rusku jsem byl (a jsem) a Lenina jsem vid\u011bl ur\u010dit\u011b v\u00edce ne\u017e t\u0159ikr\u00e1t, tak\u017ee m\u011b berte se v\u0161\u00ed v\u00e1\u017enost\u00ed a \u00factou a ne jen tak do v\u011btru a na lehkou v\u00e1hu. <strong>Kone\u010dn\u011b tedy J\u00c1 m\u016f\u017eu radit!<\/strong> &#8211; Ano, m\u016f\u017eu radit v\u00e1m v\u0161em, kter\u00fdm \u0161edes\u00e1t je\u0161t\u011b nen\u00ed, ani zdaleka nen\u00ed, kte\u0159\u00ed se pravd\u011bpodobn\u011b vinou \u0161patn\u00fdch r\u00e1dc\u016f ani t\u00e9 \u0161edes\u00e1tky nedo\u017eijete, kte\u0159\u00ed v Rusku nikdy nebyli, zato ale maj\u00ed Ruska o to v\u00edce st\u00e1le pln\u00e1 <em>\u201eliber\u00e1ln\u011b demokratick\u00e1\u201c<\/em> \u00fasta, kte\u0159\u00ed Lenina nevid\u011bli <em>(mnoz\u00ed ani neznaj\u00ed, kdo to byl, kdy \u017eil, zem\u0159el, co d\u011blal),<\/em> ale slovo <strong>\u201elenin\u201c<\/strong> pou\u017e\u00edvaj\u00ed jako n\u011bjak\u00e9 \u201ebububu!\u201c, jim\u017e cht\u011bj\u00ed stra\u0161it lidi, zrovna tak jako i Ruskem.<\/p>\n<p>Do\u017eil jsem se o t\u0159i roky v\u00edce, ne\u017e t\u00e9 po\u0159ekadlov\u00e9 \u201epot\u0159ebn\u00e9 r\u00e1dcovsk\u00e9 \u0161edes\u00e1tky\u201c <em>(6. 4. 1962).<\/em> I kdy\u017e, abych se up\u0159\u00edmn\u011b p\u0159iznal, jsem s\u00a0t\u00edm na pozad\u00ed v\u00e1le\u010dn\u00fdch ud\u00e1lost\u00ed posledn\u00edch let tak n\u011bjak snad ani nepo\u010d\u00edtal a byl v\u00a0podstat\u011b sm\u00ed\u0159en\u00fd a vd\u011b\u010dn\u00fd za to, \u017ee jsem se do\u017eil, \u010deho jsem se do\u017eil, co\u017e mnoh\u00fdm (i z\u00a0m\u00e9ho bl\u00edzk\u00e9ho okol\u00ed) nebylo dop\u0159\u00e1no. <u>\u010clov\u011bk si mus\u00ed o<\/u>p<u>ravdu v\u00e1\u017eit ka\u017ed\u00e9ho dne sv\u00e9ho \u017eivota<\/u> a um\u011bt se radovat z\u00a0toho, \u017ee se r\u00e1no probud\u00ed, z\u00a0ka\u017ed\u00e9 mali\u010dkosti a v\u00e1\u017eit si toho, \u017ee mu bylo Osudem, nebo n\u011bk\u00fdm \u201et\u00edm naho\u0159e\u201c, nad\u011bleno dokr\u00e1\u010det a\u017e k\u00a0tomu v\u011bku, kter\u00e9ho se aktu\u00e1ln\u011b pr\u00e1v\u011b do\u017eil. Kdy\u017e se zamysl\u00edm a rozhl\u00e9dnu kolem sebe, se smutkem vid\u00edm, \u017ee opravdu mnoz\u00ed z\u00a0m\u00fdch nejbli\u017e\u0161\u00edch, zn\u00e1m\u00fdch, bl\u00edzk\u00fdch, p\u0159\u00e1tel, \u010di i ve\u0159ejn\u011b zn\u00e1m\u00fdch osobnost\u00ed takov\u00e9 \u0161t\u011bst\u00ed nem\u011bli a Osudem, \u010di \u201et\u00edm naho\u0159e\u201c, jim nad\u011bleno nebylo.<\/p>\n<p>M\u016fj \u017eivot byl velice rozmanit\u00fd, bou\u0159liv\u00fd, bohat\u00fd a pestr\u00fd, v\u016fbec si nest\u011b\u017euji, naopak, m\u00e1m se \u010d\u00edm chlubit a na co b\u00fdt hrd\u00fd, a samoz\u0159ejm\u011b i naopak. <strong>Dokonce jsem si pro\u0161el i peklem v\u00e1lky 4 roky.<\/strong> Ot\u00e1zka je, zdali \u010dlov\u011bk, tedy i j\u00e1, chce nad\u00e1le \u017e\u00edt a pokra\u010dovat v\u00a0tomto veskrze prolhan\u00e9m, fale\u0161n\u00e9m, nespravedliv\u00e9m a neup\u0159\u00edmn\u00e9m drancovan\u00e9m sv\u011bt\u011b, v\u00a0n\u011bm\u017e v\u00a0posledn\u00edch desetilet\u00edch v\u00edt\u011bz\u00ed v\u0161ude p\u0159\u00edtomn\u00e1 le\u017e, fale\u0161, p\u0159etv\u00e1\u0159ka, agrese, zlo, n\u00e1sil\u00ed, dus\u00ed n\u00e1s dezinformace, \u0161krt\u00ed nesvoboda, spout\u00e1v\u00e1 zotro\u010dov\u00e1n\u00ed, hrub\u00e9 poru\u0161ov\u00e1n\u00ed z\u00e1kladn\u00edch lidsk\u00fdch pr\u00e1v ze strany t\u011bch, kte\u0159\u00ed maj\u00ed, ale jen plnou hubu, demokracie a svobody a pr\u00e1va si oh\u00fdbaj\u00ed a p\u0159izp\u016fsobuj\u00ed podle sv\u00fdch vlastn\u00edch pot\u0159eb. <u>O<\/u>p<u>ravdu nebude <\/u>p<u>ro m\u011b t\u011b\u017ek\u00e9 o<\/u>p<u>ustit tento sv\u011bt<\/u>! Ob\u010das, kdy\u017e se zamysl\u00edm, c\u00edt\u00edm dokonce i takov\u00e9 v\u00fd\u010ditky sv\u011bdom\u00ed, \u017ee j\u00e1 jsem se do\u017eil, a\u017e tak moc (63 let), a moji p\u0159\u00e1tel\u00e9 \u2013 i daleko mlad\u0161\u00ed, ne.<\/p>\n<p>P\u0159izn\u00e1m se d\u00e1le i k tomu, \u017ee ji\u017e <strong>jsou mi odporn\u00e1, nesn\u00e1\u0161\u00edm, nen\u00e1vid\u00edm slova jako je<\/strong> &#8211; <em>svoboda, demokracie, pravda, l\u00e1ska, volby<\/em> apod. V\u00edce zneu\u017e\u00edvan\u00e1, zdehonestovan\u00e1, zdiskreditovan\u00e1, profl\u00e1knut\u00e1, slova snad ani neexistuj\u00ed a nem\u016f\u017eou b\u00fdt! Jist\u011b jste si t\u00e9\u017e d\u00e1vno v\u0161imli, \u017ee pr\u00e1v\u011b t\u011bmito slovy se st\u00e1le p\u0159i ka\u017ed\u00e9 p\u0159\u00edle\u017eitosti nejv\u00edce oh\u00e1n\u011bj\u00ed ti, kte\u0159\u00ed ve skute\u010dnosti tu svobodu, demokracii, pravdu druh\u00fdm up\u00edraj\u00ed a ve\u0161ker\u00e1 pr\u00e1va po\u0161lap\u00e1vaj\u00ed, p\u0159ekrucuj\u00ed. Pln\u00e9 jejich nestydat\u00e9 huby t\u011bchto slov a skutek utek. V\u00e1\u017en\u011b nen\u00e1vid\u00edm, nesn\u00e1\u0161\u00edm je <em>(ta slova i ty, kte\u0159\u00ed n\u00e1m v\u0161e up\u00edraj\u00ed!).<\/em> M\u016f\u017ee se n\u011bkdo divit?<\/p>\n<p>M\u00e1m rad\u011bji a ct\u00edm jin\u00e1 slova \u2013 zodpov\u011bdnost, poctivost, up\u0159\u00edmnost, \u010destnost, vlastenectv\u00ed, ohleduplnost, respekt, pokora, \u00facta, pomoc, vd\u011bk, tvo\u0159ivost, p\u0159\u00e1telstv\u00ed <em>(ale jen to skute\u010dn\u00e9, opravdov\u00e9 tj. \u2013 ze srdce, ne to fale\u0161n\u00e9, pokryteck\u00e9, vnucen\u00e9),<\/em> soci\u00e1ln\u00ed jistoty, po\u0159\u00e1dek, bezpe\u010dnost, m\u00edr, <strong>v\u00a0\u017e\u00e1dn\u00e9m p\u0159\u00edpad\u011b ne konkurence, n\u00fdbr\u017e spolupr\u00e1ce<\/strong>! Toto jsou ty moje hodnoty, kter\u00e9 nade v\u0161e j\u00e1 ct\u00edm a vyzn\u00e1v\u00e1m a kdykoliv je okam\u017eit\u011b, bez zav\u00e1h\u00e1n\u00ed, vym\u011bn\u00edm za tu jejich <em>\u201esvobodu a demokracii, evropsk\u00e9 hodnoty, na\u0161e pat\u0159en\u00ed na z\u00e1pad\u201c<\/em> a dal\u0161\u00ed jejich bla bla bla! Samoz\u0159ejm\u011b, jak jinak, jsem pro tradi\u010dn\u00ed rodinu, kterou tvo\u0159\u00ed jen a pouze mu\u017e + \u017eena + jejich d\u011bti, jsem pro uct\u00edv\u00e1n\u00ed \u017een jako nositelek \u017eivota na Zemi.<\/p>\n<p>Znovu zopakuji up\u0159\u00edmn\u011b, stru\u010dn\u011b, drsn\u011b, srozumiteln\u011b, naprosto jasn\u011b, nedvojsmysln\u011b \u2013 seru na st\u00e1le jimi om\u00edlan\u00e9 jejich <em>\u201esvobodu a demokracii\u201c,<\/em> na jejich <em>\u201epravdu a l\u00e1sku\u201c,<\/em> na jejich <em>\u201eevropsk\u00e9 hodnoty\u201c,<\/em> na jejich <em>\u201ena\u0161e pat\u0159en\u00ed a orientaci na z\u00e1pad\u201c,<\/em> kter\u00e9 j\u00e1 fakt nechci!! Opravdu NE!! &#8211; J\u00e1 jsem pro svoje\/moje hodnoty (a v\u011b\u0159\u00edm, \u017ee jsou i va\u0161e) pro ty v\u00fd\u0161e vypsan\u00e9, jak jsem uvedl, kter\u00e9 j\u00e1 chci, je si p\u0159eji, je vy\u017eaduji, a k\u00a0nim\u017e jsem od mali\u010dka vedl a vychov\u00e1val i sv\u00e9 d\u011bti, nebo\u0165 i m\u011b tak vedli a vychov\u00e1vali moji rodi\u010de a socialistick\u00e9 \u0161kolstv\u00ed a cel\u00e1 socialistick\u00e1 spole\u010dnost, ve kter\u00e9 jsem se narodil.<\/p>\n<p><img decoding=\"async\" loading=\"lazy\" class=\"wp-image-83909 aligncenter\" src=\"http:\/\/www.infokuryr.cz\/n\/wp-content\/uploads\/2025\/07\/cesky-volic-300x286.jpg\" alt=\"\" width=\"769\" height=\"733\" srcset=\"https:\/\/www.infokuryr.cz\/n\/wp-content\/uploads\/2025\/07\/cesky-volic-300x286.jpg 300w, https:\/\/www.infokuryr.cz\/n\/wp-content\/uploads\/2025\/07\/cesky-volic.jpg 757w\" sizes=\"(max-width: 769px) 100vw, 769px\" \/><\/p>\n<h2><strong>Vr\u00e1t\u00edm se k\u00a0za\u010d\u00e1tku, pro\u010d vlastn\u011b vznikl tento m\u016fj \u010dl\u00e1nek, m\u00e9 pov\u00edd\u00e1n\u00ed\u2026 <\/strong><\/h2>\n<p><strong>\u00a0\u00a0\u00a0\u00a0 &#8211; <\/strong><u>Proto<\/u>,<u> \u017ee <\/u><u>kone\u010dn\u011b u\u017e m\u016f\u017eu<\/u>, i p\u0159i v\u0161\u00ed sv\u00e9 vrozen\u00e9 a v\u0161t\u011bpen\u00e9 rodinou a \u0161kolou skromnosti, poko\u0159e a \u00fact\u011b ke v\u0161em t\u011bm, kte\u0159\u00ed t\u011b\u017ece bojovali, um\u00edrali, pracovali, budovali a vybudovali prosperuj\u00edc\u00ed a vzkv\u00e9taj\u00edc\u00ed na\u0161i republiku \u2013 \u010ceskoslovenskou socialistickou republiku,<\/p>\n<p><u>radit v\u0161em v\u00e1m<\/u>, narozen\u00fdm v osmdes\u00e1t\u00fdch a devades\u00e1t\u00fdch letech minul\u00e9ho stolet\u00ed, v\u00e1m v\u0161em narozen\u00fdm po <em>bu\u010f nav\u017edy proklet\u00e9m listopadu 1989<\/em>, kte\u0159\u00ed jste je\u0161t\u011b nevybudovali v\u016fbec nic, bojovat a um\u00edrat za vlast jste nemuseli, nic neum\u00edte, nic nezn\u00e1te, nic nech\u00e1pete, spole\u010dnosti, \u010desk\u00e9mu n\u00e1rodu a \u010desk\u00e9 zemi prosp\u011b\u0161n\u00ed nejste, naopak \u2013 pouze \u0161kod\u00edte, absolutn\u011b nezn\u00e1te takov\u00e9 u\u0161lechtil\u00e9 a spole\u010dnost\u00ed \u017e\u00e1douc\u00ed pojmy jako je pravda, vlastenectv\u00ed, n\u00e1rod, hrdost, \u010dest, sv\u011bdom\u00ed, vd\u011bk, \u00facta, pokora, odpov\u011bdnost, p\u0159\u00e1telstv\u00ed, nem\u00e1te \u017e\u00e1dnou mor\u00e1lku, pojem \u201emor\u00e1ln\u011b voln\u00ed vlastnosti\u201c absolutn\u011b nech\u00e1pete, co to znamen\u00e1, n\u00e1\u0161 milovan\u00fd rodn\u00fd \u010desk\u00fd jazyk przn\u00edte, zn\u00e1sil\u0148ujete a hyzd\u00edte odporn\u00fdmi ciz\u00e1ck\u00fdmi, hlavn\u011b anglick\u00fdmi v\u00fdrazy, a mohl bych donekone\u010dna pokra\u010dovat.<\/p>\n<p>Ale zato, \u010d\u00edm v\u00edce jste hloup\u011bj\u0161\u00ed, nic neum\u011bj\u00edc\u00ed a bez sebemen\u0161\u00edch zku\u0161enost\u00ed, t\u00edm v\u00edce se zcela nesoudn\u011b a nestoudn\u011b, bez uzard\u011bn\u00ed a studu drze cpete a derete na \u0159\u00edd\u00edc\u00ed m\u00edsta ve ve\u0159ejn\u00e9 a st\u00e1tn\u00ed spr\u00e1v\u011b <em>(v politice)<\/em> a hlup\u00e1cky, naivn\u011b, jak blbe\u010dkov\u00e9 se domn\u00edv\u00e1te, \u017ee zrovna a pr\u00e1v\u011b jenom vy (a\u010d sv\u00fdmi dosavadn\u00edmi vlastn\u00edmi \u017eivotn\u00edmi, pracovn\u00edmi, rodinn\u00fdmi zku\u0161enostmi naprost\u00ed impotenti) jste vyvolen\u00ed a opr\u00e1vn\u011bn\u00ed sd\u011blovat <em>\u201esv\u00e1 \u017eivotn\u00ed moudra\u201c,<\/em> v\u00e9st a \u0159\u00eddit n\u00e1rod a zemi (j\u00e1 st\u00e1le ve sv\u00fdch \u010dl\u00e1nc\u00edch nepou\u017e\u00edv\u00e1m pojem \u2013 republika -, proto\u017ee ta polistopadov\u00e1 \u010desk\u00e1 zem\u011b opravdu ve skute\u010dnosti \u017e\u00e1dnou republikou nen\u00ed) a pou\u010dovat druh\u00e9, mnohem star\u0161\u00ed, zku\u0161en\u011bj\u0161\u00ed a vzd\u011blan\u011bj\u0161\u00ed, ne\u017e jste sami.<\/p>\n<p>Vy \u2013 zku\u0161enostmi a politick\u00fdm um\u011bn\u00edm IMPOTENTI a kastr\u00e1ti se nestyd\u00edte za svou <strong>neschopnost<\/strong> a mnoz\u00ed svou imbecilitu dokonce snad pova\u017euj\u00ed za svou p\u0159ednost! Sta\u010d\u00ed se jen pod\u00edvat na sestavu vl\u00e1dy, do sen\u00e1tu, parlamentu, ale i na \u00fa\u0159ad prezidenta, d\u00e1le pak na veden\u00ed politick\u00fdch stran, \u0159editelstv\u00ed \u0161kol, veden\u00ed st\u00e1tn\u00edch instituc\u00ed, velen\u00ed bezpe\u010dnostn\u00edch slo\u017eek, jednotliv\u00e1 ministerstva resort\u016f, vy\u0159v\u00e1va\u010de na n\u00e1m\u011bst\u00edch <em>\u201emilion\u00e1\u0159\u016f chvilek\u201c<\/em> a v\u0161ech podobn\u00fdch dal\u0161\u00edch \u201eneziskov\u00fdch\u201c parazituj\u00edc\u00edch \u0161kod\u00edc\u00edch hov\u00e1dek. Jmenovat nikoho nemus\u00edm, zn\u00e1te a vid\u00edte je velice dob\u0159e v\u0161ichni.<\/p>\n<p>No nic, o tom ps\u00e1t, bylo by na dlouho\u2026 a na celou knihu, \u010di rom\u00e1n, vlastn\u011b l\u00e9pe \u2013 mnohad\u00edln\u00e9 u\u010debnice psychiatrie a odborn\u00e9 mnohasvazkov\u00e9 p\u0159\u00edru\u010dky psychiatrick\u00fdch l\u00e9\u010deben.<\/p>\n<p><strong>\u00a0\u00a0\u00a0\u00a0 Je mi \u0161edes\u00e1t t\u0159i let, v Rusku jsem byl a Lenina jsem <em>vid\u011bl<\/em><\/strong><em> (a nejen Lenina, tak\u00e9 Auroru, byl jsem na jej\u00ed palub\u011b i v\u00a0podpalub\u00ed, Zimn\u00ed pal\u00e1c a mnoh\u00e9 dal\u0161\u00ed).<\/em> M\u016f\u017eu a mus\u00edm tedy radit. A budu!<\/p>\n<p><strong>Prvn\u00ed moje nejv\u011bt\u0161\u00ed rada je tato:<\/strong><\/p>\n<p><strong>\u201eNERA\u010e, NEN\u00cd TI \u0160EDES\u00c1T, V RUSKU JSI NEBYL A NEVID\u011aL JSI LENINA!\u201c<\/strong><\/p>\n<p><u>Dal\u0161\u00ed mo<\/u>j<u>e rady <\/u>j<u>en v r<\/u>y<u>chlosti<\/u>, <u>stru\u010dnosti a letem sv\u011btem<\/u>:<\/p>\n<p>Okam\u017eit\u011b, urychlen\u011b, co nejd\u0159\u00edve vystoupit ze zlo\u010dineck\u00e9ho americk\u00e9ho vojensk\u00e9ho agresivn\u00edho paktu NATO.<\/p>\n<p>Okam\u017eit\u011b, urychlen\u011b, co nejd\u0159\u00edve vystoupit z\u00a0eurofa\u0161istick\u00e9ho spolku Evropsk\u00e1 unie.<\/p>\n<p>Okam\u017eit\u011b vystoupit i z\u00a0mezin\u00e1rodn\u00ed teroristick\u00e9 organizace WHO (Mezin\u00e1rodn\u00ed zdravotnick\u00e1 organizace), kterou zcela ovl\u00e1dl duch Mengeleho. P\u0159\u00edpadn\u011b i vystoupen\u00ed z\u00a0OSN.<\/p>\n<p>Vymanit se co nejd\u0159\u00edve <em>(v\u010dera bylo pozd\u011b)<\/em> z vlivu USA na na\u0161i zemi, na na\u0161i politiku.<\/p>\n<p>Okam\u017eit\u011b <strong>odstranit z ve\u0159ejn\u00e9 a st\u00e1tn\u00ed spr\u00e1vy<\/strong> v\u0161echny, naprosto v\u0161echny ty, kte\u0159\u00ed maj\u00ed jak\u00e9koliv \u201evzd\u011bl\u00e1n\u00ed\u201c, kurzy, rychlokurzy, st\u00e1\u017ee, instituty, \u201easpeny\u201c, \u201ethink-tanky\u201c a dal\u0161\u00ed \u201enalejv\u00e1rny\u201c a \u201evym\u00fdv\u00e1rny\u201c mozk\u016f\u201c made in USA a chlub\u00ed se americk\u00fdmi diplomy, uzn\u00e1n\u00edmi, pap\u00edry prokazuj\u00edc\u00ed \u201evzd\u011bl\u00e1n\u00ed\u201c USA. Ale nejen USA, cel\u00e9ho anglosask\u00e9ho sv\u011bta! V\u0161ech t\u011bch soro\u0161ov\u00fdch neziskovek a tak podobn\u011b. V\u0161ech!! Okam\u017eit\u00fd z\u00e1kaz p\u016fsoben\u00ed t\u011bchto \u201eneziskovek\u201c na \u00fazem\u00ed \u010desk\u00e9 zem\u011b <em>(stejn\u011b tak slovensk\u00e9!)<\/em> bez v\u00fdjimek.<\/p>\n<p>Op\u011btovn\u011b nav\u00e1zat co nejt\u011bsn\u011bj\u0161\u00ed spojenectv\u00ed, spolupr\u00e1ci a p\u0159\u00e1telstv\u00ed s Ruskem a jeho p\u0159\u00e1teli a to ve v\u0161ech oblastech, i ve vojensk\u00e9. Po\u017e\u00e1dat o vstup do BRICS+. <strong>P\u0159edt\u00edm se ale, samoz\u0159ejm\u011b, Rusku a prezidentu Putinovi up\u0159\u00edmn\u011b omluvit za v\u0161echny na\u0161e polistopadov\u00e9 vl\u00e1dy.<\/strong><\/p>\n<p>Zm\u011bnit v \u010cR cel\u00fd volebn\u00ed syst\u00e9m. Dosavadn\u00ed je podvodem na naivn\u00edch voli\u010d\u00edch. Pr\u00e1vo volit a\u017e od 24 let (pokud se ostatn\u011b prodlu\u017euje neust\u00e1le i odchod do d\u016fchodu, nevid\u00edm sebemen\u0161\u00ed d\u016fvod, pro\u010d by se nemohl zv\u00fd\u0161it i v\u011bk pro pr\u00e1vo volit). Dobr\u00fd n\u00e1pad by byl z\u00edskat volebn\u00ed pr\u00e1vo a\u017e po dosa\u017een\u00ed 24 let a je\u0161t\u011b k tomu podm\u00ednka \u2013 a\u017e po narozen\u00ed prvn\u00edho d\u00edt\u011bte takov\u00e9mu \u010dlov\u011bku \u2013 voli\u010di. Tak\u00e9 pr\u00e1vo volit jen pro ob\u010dany \u010cR, a to jen ty, kte\u0159\u00ed se v \u010cR narodili, kte\u0159\u00ed maj\u00ed v \u010cR trval\u00fd pobyt, kte\u0159\u00ed maj\u00ed pouze jedno ob\u010danstv\u00ed, z\u00e1kaz koresponden\u010dn\u00edch voleb je samoz\u0159ejmost\u00ed.<\/p>\n<p>Mo\u017enost b\u00fdt zvolen poslancem a\u017e od 40 let, mo\u017enost b\u00fdt zvolen do vl\u00e1dy a\u017e od 50 let, mo\u017enost b\u00fdt ministrem kl\u00ed\u010dov\u00fdch resort\u016f (zahrani\u010d\u00ed, obrana, vnitro) a\u017e od 55 let \u2013 toto v\u0161e jen s podm\u00ednkou pracovn\u00ed praxe a kvalifikace v oboru, jemu\u017e \u0161\u00e9fuj\u00ed, minim\u00e1ln\u011b 25 let. Prezident od 55 let, klidn\u011b i na \u010dty\u0159i volebn\u00ed obdob\u00ed. V\u011bkovou hranici pro odchod do d\u016fchodu, samoz\u0159ejm\u011b, sn\u00ed\u017eit, ALE <strong>pr\u00e1vo j\u00edt volit a\u017e od 24 let a a\u017e po narozen\u00ed prvn\u00edho d\u00edt\u011bte takov\u00e9mu voli\u010di.<\/strong><\/p>\n<p>Zru\u0161it sen\u00e1t bez n\u00e1hrady. Poslaneckou sn\u011bmovnu zmen\u0161it o polovinu. P\u0159edseda PS od 45 let. \u010clenov\u00e9 PS pouze pracuj\u00edc\u00ed \u2013 tedy lid\u00e9 z fabrik, tov\u00e1ren, montoven, ze zem\u011bd\u011blstv\u00ed, z pol\u00ed, les\u016f, u\u010ditel\u00e9, zdravotn\u00edci \u2013 l\u00e9ka\u0159i, zdrav. sestry, zdrav. personal, pracovn\u00edci dopravy \u2013 \u00a0dispe\u010de\u0159i, \u0159idi\u010di, \u017eelezni\u010d\u00e1\u0159i, pracovn\u00edci po\u0161t a spoj\u016f, \u00fa\u0159edn\u00edci, zam\u011bstnanci bank, horn\u00edci, sl\u00e9va\u010di, prodava\u010di\u2026 a tak d\u00e1le. Funkci poslance vykon\u00e1vat po sv\u00e9m hlavn\u00edm zam\u011bstn\u00e1n\u00ed. Za tuto funkci a slu\u017ebu pro st\u00e1t nav\u00edc m\u00edt i nav\u00edc solidn\u00ed st\u00e1tem garantovan\u00fd finan\u010dn\u00ed p\u0159\u00edsp\u011bvek. Poslanci m\u016f\u017eou b\u00fdt odvol\u00e1ni. Obdobn\u011b se v\u0161emi \u00fastavn\u00edmi funkcemi, i se soudci.<\/p>\n<p>A mnoho a mnoho a mnoho\u2026<\/p>\n<p>Nu co\u017e, jak se v\u00e1m l\u00edb\u00ed m\u00e9 rady? Rady \u201et\u0159ia\u0161edes\u00e1tn\u00edka\u201c, kter\u00fd byl v\u00a0Rusku a vid\u011bl Lenina. V\u011b\u0159\u00edm, \u017ee se je\u0161t\u011b do\u017eiji toho, \u017ee nejen n\u011bco, ale hodn\u011b z mnou p\u0159edlo\u017een\u00e9ho, bude v brzk\u00e9 dob\u011b v obnoven\u00e9m, znovu osvobozen\u00e9m od fa\u0161ist\u016f, obrozuj\u00edc\u00edm se \u010ceskoslovensku realizov\u00e1no.<\/p>\n<p>Tak\u017ee \u2013 s chut\u00ed do toho, a p\u016fl je hotovo. M\u00edru zdar! <strong>\u010cest pr\u00e1ci!<\/strong> A\u0165 \u017eije obrozen\u00e9, svobodn\u00e9, na\u0161e nov\u00e9 \u010ceskoslovensko!<\/p>\n<p><strong>A va\u017ete si v\u0161ech \u0161edes\u00e1tn\u00edk\u016f a star\u0161\u00edch. Ct\u011bte je.<\/strong><\/p>\n<p>Mgr. Petr Michal\u016f<\/p>\n<p><img decoding=\"async\" loading=\"lazy\" class=\"alignnone wp-image-83907\" src=\"http:\/\/www.infokuryr.cz\/n\/wp-content\/uploads\/2025\/07\/michalu-lenin-300x166.jpg\" alt=\"\" width=\"401\" height=\"222\" srcset=\"https:\/\/www.infokuryr.cz\/n\/wp-content\/uploads\/2025\/07\/michalu-lenin-300x166.jpg 300w, https:\/\/www.infokuryr.cz\/n\/wp-content\/uploads\/2025\/07\/michalu-lenin-768x425.jpg 768w, https:\/\/www.infokuryr.cz\/n\/wp-content\/uploads\/2025\/07\/michalu-lenin.jpg 889w\" sizes=\"(max-width: 401px) 100vw, 401px\" \/><\/p>\n<p>&nbsp;<\/p>\n","protected":false},"excerpt":{"rendered":"<p>\u201eNERA\u010e, NEN\u00cd TI \u0160EDES\u00c1T A V RUSKU JSI NEBYL!\u201c Jist\u011b zn\u00e1te, nebo jste ve sv\u00e9m&#8230;<\/p>\n","protected":false},"author":2,"featured_media":83908,"comment_status":"closed","ping_status":"closed","sticky":false,"template":"","format":"standard","meta":[],"categories":[6],"tags":[506,1503,27],"_links":{"self":[{"href":"https:\/\/www.infokuryr.cz\/n\/wp-json\/wp\/v2\/posts\/83906"}],"collection":[{"href":"https:\/\/www.infokuryr.cz\/n\/wp-json\/wp\/v2\/posts"}],"about":[{"href":"https:\/\/www.infokuryr.cz\/n\/wp-json\/wp\/v2\/types\/post"}],"author":[{"embeddable":true,"href":"https:\/\/www.infokuryr.cz\/n\/wp-json\/wp\/v2\/users\/2"}],"replies":[{"embeddable":true,"href":"https:\/\/www.infokuryr.cz\/n\/wp-json\/wp\/v2\/comments?post=83906"}],"version-history":[{"count":1,"href":"https:\/\/www.infokuryr.cz\/n\/wp-json\/wp\/v2\/posts\/83906\/revisions"}],"predecessor-version":[{"id":83910,"href":"https:\/\/www.infokuryr.cz\/n\/wp-json\/wp\/v2\/posts\/83906\/revisions\/83910"}],"wp:featuredmedia":[{"embeddable":true,"href":"https:\/\/www.infokuryr.cz\/n\/wp-json\/wp\/v2\/media\/83908"}],"wp:attachment":[{"href":"https:\/\/www.infokuryr.cz\/n\/wp-json\/wp\/v2\/media?parent=83906"}],"wp:term":[{"taxonomy":"category","embeddable":true,"href":"https:\/\/www.infokuryr.cz\/n\/wp-json\/wp\/v2\/categories?post=83906"},{"taxonomy":"post_tag","embeddable":true,"href":"https:\/\/www.infokuryr.cz\/n\/wp-json\/wp\/v2\/tags?post=83906"}],"curies":[{"name":"wp","href":"https:\/\/api.w.org\/{rel}","templated":true}]}}