{"id":8390,"date":"2022-02-18T07:44:17","date_gmt":"2022-02-18T06:44:17","guid":{"rendered":"http:\/\/www.infokuryr.cz\/n\/?p=8390"},"modified":"2022-02-18T07:44:17","modified_gmt":"2022-02-18T06:44:17","slug":"ukrajinsti-ozbrojenci-uderili-na-doneck-a-predmesti-armada-dnr-nici-nepratelske-sily","status":"publish","type":"post","link":"https:\/\/www.infokuryr.cz\/n\/2022\/02\/18\/ukrajinsti-ozbrojenci-uderili-na-doneck-a-predmesti-armada-dnr-nici-nepratelske-sily\/","title":{"rendered":"Ukrajin\u0161t\u00ed ozbrojenci ude\u0159ili na Don\u011bck a p\u0159edm\u011bst\u00ed, arm\u00e1da DNR ni\u010d\u00ed nep\u0159\u00e1telsk\u00e9 s\u00edly"},"content":{"rendered":"<div id=\"fb-root\"><\/div>\n<p>Jak informovala Russkaja Vesna, ukrajin\u0161t\u00ed okupanti ve \u010dtvrtek od r\u00e1na intenzivn\u011b st\u0159\u00edlej\u00ed pod\u00e9l t\u00e9m\u011b\u0159 cel\u00e9 frontov\u00e9 linie v Donbasu. V nal\u00e9hav\u00e9m prohl\u00e1\u0161en\u00ed z\u00e1stupce arm\u00e1dy DNR uvedl, \u017ee obr\u00e1nci republiky byli nuceni op\u011btovat palbu na AFU a zni\u010dit palebn\u00e1 stanovi\u0161t\u011b, aby ochr\u00e1nili civilisty.<\/p>\n<p><strong>URGENTN\u00cd: AFU ude\u0159ila na Don\u011bck a\u00a0p\u0159edm\u011bst\u00ed, arm\u00e1da DNR zni\u010dila nep\u0159\u00e1telsk\u00e9 s\u00edly\u00a0<\/strong><\/p>\n<p>St\u0159eleck\u00e1 aktivita ukrajinsk\u00fdch okupant\u016f se v\u0161ak neomezila jen na rann\u00ed hodiny: zvuky d\u011blost\u0159electva jsou nyn\u00ed sly\u0161et nejen v\u00a0Gorlovce, ale tak\u00e9 v\u00a0Don\u011bcku a\u00a0na jeho severoz\u00e1padn\u00edch p\u0159edm\u011bst\u00edch.<\/p>\n<p>\u201eCentrum m\u011bsta poslouch\u00e1, Pu\u0161kin\u016fv bulv\u00e1r je hlu\u010dn\u00fd\u201c, \u201eKryt\u00fd trh je hlu\u010dn\u00fd\u201c \u2013 p\u00ed\u0161\u00ed ob\u010dan\u00e9 Donu na soci\u00e1ln\u00edch s\u00edt\u00edch a\u00a0vyjmenov\u00e1vaj\u00ed m\u00edsta v\u00a0centru m\u011bsta.<\/p>\n<p>V sou\u010dasn\u00e9 dob\u011b je zn\u00e1mo, \u017ee Trudovskoe, Aleksandrovka a\u00a0Luganske jsou pod palbou AFU. Obyvatel\u00e9 t\u011bchto don\u011bck\u00fdch p\u0159edm\u011bst\u00ed mus\u00ed p\u0159ijmout preventivn\u00ed opat\u0159en\u00ed.<\/p>\n<p>Hlu\u010dno je i\u00a0v\u00a0don\u011bck\u00e9 \u010dtvrti Kujby\u0161ev \u2013 obyvatel\u00e9 okol\u00ed z\u00e1vodu Topaz uv\u00e1d\u011bj\u00ed, \u017ee \u201etakhle hlu\u010dno u\u017e dlouho nebylo\u201c.<\/p>\n<p>Don\u011bck\u00e1 novin\u00e1\u0159ka Darina Vadovsk\u00e1 na sv\u00e9m kan\u00e1lu TG \u201eAwareness\u201c informovala, \u017ee ukrajin\u0161t\u00ed okupanti berou ob\u011bti:<em>\u00a0\u201eUkrajinci maj\u00ed dv\u011b stovky, my pracujeme.\u201d<\/em><\/p>\n<p>Informace o\u00a0zran\u011bn\u00e9m civilistovi v\u00a0DNR \u0161\u00ed\u0159en\u00e9 na soci\u00e1ln\u00edch s\u00edt\u00edch zat\u00edm nebyly ofici\u00e1ln\u011b potvrzeny.<\/p>\n<p>Ned\u00e1vn\u00e9 ud\u00e1losti d\u00e1le podkop\u00e1vaj\u00ed d\u016fv\u011bru v\u00a0z\u00e1padn\u00ed vl\u00e1dy a\u00a0zpravodajsk\u00e9 slu\u017eby, stejn\u011b jako v\u00a0m\u00e9dia, kter\u00e1 opakuj\u00ed pochybn\u00e1 tvrzen\u00ed \u010dasto nejmenovan\u00fdch \u201e\u00fa\u0159edn\u00edk\u016f\u201c. Hysterie, kter\u00e1 se \u0161\u00ed\u0159\u00ed z\u00a0Washingtonu a\u00a0Lond\u00fdna, hluboce po\u0161kozuje jejich budouc\u00ed d\u016fv\u011bryhodnost. Jak poznamenala mluv\u010d\u00ed rusk\u00e9ho ministerstva zahrani\u010d\u00ed Maria Zacharovov\u00e1, 15.\u00a0\u00fanor 2022 (den, kdy se p\u0159edpokl\u00e1dan\u00e1 invaze neuskute\u010dnila) \u201evejde do d\u011bjin jako den, kdy selhala z\u00e1padn\u00ed v\u00e1le\u010dn\u00e1 propaganda\u201c. Z\u00e1pad byl \u201ezostuzen a\u00a0zni\u010den bez jedin\u00e9ho v\u00fdst\u0159elu\u201c, \u0159ekla.<\/p>\n<p><strong>M\u016f\u017eeme na\u0161im \u0161pi\u00f3n\u016fm v\u011b\u0159it?<\/strong><\/p>\n<p>Pokud jde o\u00a0Ukrajinu, ta m\u016f\u017ee poukazovat na dodate\u010dnou vojenskou podporu, kter\u00e9 se j\u00ed dostalo, ale nov\u00e9 zbran\u011b j\u00ed t\u00e9m\u011b\u0159 nijak nepomohou odolat plnohodnotn\u00e9mu rusk\u00e9mu \u00fatoku. Je naprosto jasn\u00e9, \u017ee existuj\u00ed velmi p\u0159\u00edsn\u00e9 limity, pokud jde o\u00a0to, co je Z\u00e1pad ochoten ud\u011blat pro jeho podporu. Panika vyvolan\u00e1 americk\u00fdmi a\u00a0britsk\u00fdmi p\u0159edpov\u011b\u010fmi o\u00a0bl\u00ed\u017e\u00edc\u00ed se v\u00e1lce m\u011bla nav\u00edc \u0161kodliv\u00fd vliv na ukrajinskou ekonomiku. Zahrani\u010dn\u00ed investo\u0159i, kte\u0159\u00ed pravd\u011bpodobn\u011b ji\u017e d\u0159\u00edve pochybovali o\u00a0um\u00edst\u011bn\u00ed sv\u00fdch pen\u011bz na Ukrajin\u011b, si to od nyn\u011bj\u0161ka dvakr\u00e1t a\u017e t\u0159ikr\u00e1t rozmysl\u00ed.<\/p>\n<p>Je tak\u00e9 z\u0159ejm\u00e9, \u017ee ukrajinsk\u00e1 politika v\u016f\u010di Donbasu je ve slep\u00e9 uli\u010dce. Odm\u00edt\u00e1 plnit minsk\u00e9 dohody, ale z\u00e1rove\u0148 nem\u016f\u017ee probl\u00e9m vy\u0159e\u0161it silou. Putinova zm\u00ednka o\u00a0genocid\u011b d\u00e1v\u00e1 jasn\u011b najevo, \u017ee ochranu obyvatel Donbasu bere v\u00e1\u017en\u011b. Zd\u00e1 se tedy, \u017ee v\u00e1lka mezi Ruskem a\u00a0Ukrajinou je prozat\u00edm vylou\u010dena, ale pokud se ukrajinsk\u00e1 vl\u00e1da n\u011bkdy pokus\u00ed z\u00edskat Donbas zp\u011bt silou, lze o\u010dek\u00e1vat n\u00e1silnou reakci rusk\u00e9 arm\u00e1dy.<\/p>\n<p>To znamen\u00e1, \u017ee dokud bude konflikt v\u00a0Donbasu pokra\u010dovat, z\u016fst\u00e1v\u00e1 mo\u017enost v\u00e1lky zachov\u00e1na a\u00a0Rusko bude pravd\u011bpodobn\u011b udr\u017eovat velk\u00fd po\u010det voj\u00e1k\u016f v\u00a0t\u011bsn\u00e9 bl\u00edzkosti Ukrajiny. V\u00a0d\u016fsledku toho m\u016f\u017eeme v\u00a0budoucnu o\u010dek\u00e1vat dal\u0161\u00ed v\u00e1le\u010dn\u00e9 strachy. Tento p\u0159\u00edb\u011bh bohu\u017eel zdaleka nekon\u010d\u00ed.<\/p>\n<h2 id=\"ukrajina-a-donbas-se-navzajem-obvinuji-z-tezkeho-ostrelovani\">Ukrajina a\u00a0Donbas se navz\u00e1jem obvi\u0148uj\u00ed z\u00a0t\u011b\u017ek\u00e9ho ost\u0159elov\u00e1n\u00ed<\/h2>\n<p>Zpr\u00e1vy p\u0159i\u0161ly pot\u00e9, co Kreml prohl\u00e1sil, \u017ee riziko konfliktu v\u00a0regionu z\u016fst\u00e1v\u00e1 vysok\u00e9.<br \/>\nUkrajina a\u00a0Donbas se vz\u00e1jemn\u011b obvi\u0148uj\u00ed z\u00a0t\u011b\u017ek\u00e9ho ost\u0159elov\u00e1n\u00ed<\/p>\n<figure class=\"alignleft size-large is-resized\"><img decoding=\"async\" loading=\"lazy\" src=\"https:\/\/cdni.rt.com\/files\/2022.02\/l\/620e1f342030271230273621.jpg\" alt=\"\" width=\"417\" height=\"232\" \/><\/figure>\n<p>Na kontaktn\u00ed linii ve v\u00e1lkou zm\u00edtan\u00e9m ukrajinsk\u00e9m Donbasu byla hl\u00e1\u0161ena siln\u00e1 palba a\u00a0v\u00fdbuchy, p\u0159i\u010dem\u017e kyjevsk\u00e9 s\u00edly a\u00a0s\u00edly v\u011brn\u00e9 dv\u011bma separatistick\u00fdm samozvan\u00fdm republik\u00e1m se navz\u00e1jem obvi\u0148uj\u00ed z\u00a0agrese n\u011bkolik hodin pot\u00e9, co Kreml varoval, \u017ee by mohlo doj\u00edt k\u00a0nov\u00fdm boj\u016fm.<\/p>\n<p>P\u0159edstavitel\u00e9 neuznan\u00e9 separatistick\u00e9 Don\u011bck\u00e9 lidov\u00e9 republiky (DLR) na v\u00fdchod\u011b Ukrajiny ve \u010dtvrtek ozn\u00e1mili, \u017ee vl\u00e1dn\u00ed jednotky za\u00fato\u010dily na okraj jej\u00edho \u00fazem\u00ed. Podle DLR jednotky z\u00a0Kyjeva ost\u0159elovaly n\u011bkolik m\u011bst a\u00a0vesnic z\u00a0minomet\u016f r\u00e1\u017ee 82 mm, ru\u010dn\u00edch gran\u00e1t\u016f a\u00a0pu\u0161ek.<\/p>\n<p>Ukrajinsk\u00e9 ozbrojen\u00e9 s\u00edly n\u00e1sledn\u011b ozn\u00e1mily, \u017ee byla napadena osada nach\u00e1zej\u00edc\u00ed se pobl\u00ed\u017e Lugansk\u00e9 lidov\u00e9 republiky, druh\u00e9ho separatistick\u00e9ho \u00fazem\u00ed v\u00a0regionu, a\u00a0fotografie koluj\u00edc\u00ed po\u00a0internetu \u00fadajn\u011b ukazuj\u00ed mate\u0159skou \u0161kolu zasa\u017eenou gran\u00e1tem na stran\u011b kontrolovan\u00e9 vl\u00e1dn\u00edmi silami. \u00da\u0159ady uvedly, \u017ee dva civilist\u00e9 byli zran\u011bni, st\u0159ely zas\u00e1hly \u0161kolu a\u00a0polovina oblasti p\u0159i\u0161la o\u00a0elekt\u0159inu. Obyvatel\u00e9 byli evakuov\u00e1ni.<\/p>\n<p>Kyjev se zm\u00edt\u00e1 v\u00a0ob\u010dansk\u00e9 v\u00e1lce se dv\u011bma separatistick\u00fdmi \u00fazem\u00edmi od roku 2014, kdy separatist\u00e9 vyhl\u00e1sili nez\u00e1visl\u00e9 republiky po\u00a0svr\u017een\u00ed tehdej\u0161\u00edho prezidenta Viktora Janukovy\u010de b\u011bhem masov\u00fdch pouli\u010dn\u00edch protest\u016f. Ukrajin\u0161t\u00ed p\u0159edstavitel\u00e9 spolu se z\u00e1padn\u00edmi zem\u011bmi obvi\u0148uj\u00ed Rusko z\u00a0podpory povstalc\u016f a\u00a0rozdm\u00fdch\u00e1v\u00e1n\u00ed konfliktu.<\/p>\n<p>Moskva pop\u00edr\u00e1, \u017ee by byla stranou v\u00e1lky, a\u00a0ofici\u00e1ln\u011b neuzn\u00e1v\u00e1 Don\u011bckou lidovou republiku a\u00a0Luganskou lidovou republiku jako nez\u00e1visl\u00e9 st\u00e1ty.<\/p>\n<p>Tento t\u00fdden v\u0161ak rusk\u00fd parlament odhlasoval n\u00e1vrh adresovan\u00fd prezidentu Vladimiru Putinovi, kter\u00fd vyz\u00fdv\u00e1 Rusko, aby ozn\u00e1milo svou podporu nez\u00e1vislosti Don\u011bcka a\u00a0Luganska, p\u0159i\u010dem\u017e 351 z\u00e1konod\u00e1rc\u016f n\u00e1vrh podpo\u0159ilo a\u00a0pouze 16 bylo proti. Putin prohl\u00e1sil, \u017ee je naklon\u011bn diplomatick\u00e9mu \u0159e\u0161en\u00ed a\u00a0domn\u00edv\u00e1 se, \u017ee minsk\u00e9 dohody by m\u011bly b\u00fdt dodr\u017eov\u00e1ny, ale na n\u00e1vrh zat\u00edm ofici\u00e1ln\u011b nereagoval.<\/p>\n<p>Tiskov\u00fd tajemn\u00edk Kremlu Dmitrij Peskov ve st\u0159edu prohl\u00e1sil, \u017ee je docela pravd\u011bpodobn\u00e9, \u017ee Ukrajina bude usilovat o\u00a0vojensk\u00e9 \u0159e\u0161en\u00ed konfliktu.\u00a0<em>\u201ePozornost na\u0161ich partner\u016f je up\u0159ena na skute\u010dnost, \u017ee vojensk\u00e1 operace a\u00a0pokus o\u00a0\u0159e\u0161en\u00ed probl\u00e9m\u016f za pou\u017eit\u00ed s\u00edly na jihov\u00fdchod\u011b jsou zcela re\u00e1ln\u00e9,\u201c<\/em>\u00a0prohl\u00e1sil.<em>\u00a0\u201eTato pravd\u011bpodobnost je vysok\u00e1 a\u00a0re\u00e1ln\u00e1.\u201c<\/em><\/p>\n<p><em>Zdroj:\u00a0<a href=\"https:\/\/rusvesna.su\/news\/1645087514\"><strong>Russkaja Vesna<\/strong><\/a><\/em><\/p>\n<p>&nbsp;<\/p>\n","protected":false},"excerpt":{"rendered":"<p>Jak informovala Russkaja Vesna, ukrajin\u0161t\u00ed okupanti ve \u010dtvrtek od r\u00e1na intenzivn\u011b st\u0159\u00edlej\u00ed pod\u00e9l t\u00e9m\u011b\u0159 cel\u00e9&#8230;<\/p>\n","protected":false},"author":2,"featured_media":7975,"comment_status":"closed","ping_status":"closed","sticky":false,"template":"","format":"standard","meta":[],"categories":[7],"tags":[64,320,26],"_links":{"self":[{"href":"https:\/\/www.infokuryr.cz\/n\/wp-json\/wp\/v2\/posts\/8390"}],"collection":[{"href":"https:\/\/www.infokuryr.cz\/n\/wp-json\/wp\/v2\/posts"}],"about":[{"href":"https:\/\/www.infokuryr.cz\/n\/wp-json\/wp\/v2\/types\/post"}],"author":[{"embeddable":true,"href":"https:\/\/www.infokuryr.cz\/n\/wp-json\/wp\/v2\/users\/2"}],"replies":[{"embeddable":true,"href":"https:\/\/www.infokuryr.cz\/n\/wp-json\/wp\/v2\/comments?post=8390"}],"version-history":[{"count":0,"href":"https:\/\/www.infokuryr.cz\/n\/wp-json\/wp\/v2\/posts\/8390\/revisions"}],"wp:featuredmedia":[{"embeddable":true,"href":"https:\/\/www.infokuryr.cz\/n\/wp-json\/wp\/v2\/media\/7975"}],"wp:attachment":[{"href":"https:\/\/www.infokuryr.cz\/n\/wp-json\/wp\/v2\/media?parent=8390"}],"wp:term":[{"taxonomy":"category","embeddable":true,"href":"https:\/\/www.infokuryr.cz\/n\/wp-json\/wp\/v2\/categories?post=8390"},{"taxonomy":"post_tag","embeddable":true,"href":"https:\/\/www.infokuryr.cz\/n\/wp-json\/wp\/v2\/tags?post=8390"}],"curies":[{"name":"wp","href":"https:\/\/api.w.org\/{rel}","templated":true}]}}