{"id":83877,"date":"2025-07-20T00:13:00","date_gmt":"2025-07-19T22:13:00","guid":{"rendered":"https:\/\/www.infokuryr.cz\/n\/?p=83877"},"modified":"2025-07-19T11:46:45","modified_gmt":"2025-07-19T09:46:45","slug":"media-z-fondu-eu-lze-si-za-miliony-koupit-pozitivni-image","status":"publish","type":"post","link":"https:\/\/www.infokuryr.cz\/n\/2025\/07\/20\/media-z-fondu-eu-lze-si-za-miliony-koupit-pozitivni-image\/","title":{"rendered":"M\u00e9dia z fond\u016f EU: lze si za miliony koupit pozitivn\u00ed image?"},"content":{"rendered":"<div id=\"fb-root\"><\/div>\n<p><strong><span>Berliner\u00a0\u00a0<\/span><em><span>Zeitung<\/span><\/em><span>\u00a0, v jeho\u017e \u010dele stoj\u00ed b\u00fdval\u00fd ob\u010dan NDR Holger Friedrich, jeden z m\u00e1la v\u00fdchodon\u011bmeck\u00fdch multimilion\u00e1\u0159\u016f a b\u00fdval\u00fd \u00fasp\u011b\u0161n\u00fd podnikatel v oblasti IT, se i nad\u00e1le odli\u0161uje od medi\u00e1ln\u00edho sv\u011bta za R\u00fdnem.\u00a0<\/span><\/strong><\/p>\n<p><span>B\u00fdval\u00fd ofici\u00e1ln\u00ed org\u00e1n politick\u00e9 strany Jednotn\u00e1 socialistick\u00e1 strana N\u011bmecka (SED)\u00a0\u00a0<\/span><span>z \u00e9ry NDR<\/span><span>\u00a0, nach\u00e1zej\u00edc\u00ed se hned vedle Alexanderplatz v Berl\u00edn\u011b, nab\u00edz\u00ed pohled do z\u00e1kulis\u00ed financov\u00e1n\u00ed evropsk\u00fdch m\u00e9di\u00ed ze strany EU. Holger Friedrich v\u00ed, co je diktatura a jak funguje, proto\u017ee jej\u00edm hlavn\u00edm c\u00edlem je ovl\u00e1dat m\u00e9dia a jejich narativ. Podle\u00a0\u00a0<\/span><em><span>Frankfurter Allgemeine Zeitung archivy STASI obsahuj\u00ed \u201edostatek d\u016fkaz\u016f nazna\u010duj\u00edc\u00edch, \u017ee Holger Friedrich m\u00e1 negativn\u00ed postoj k NVA (arm\u00e1d\u011b NDR) a NDR jako celku. Sou\u010dasn\u00fd\u00a0<\/span><\/em><em><span>\u00a0Berliner Zeitung\u00a0<\/span><\/em><span>\u00a0m\u00e1 tedy\u00a0bystr\u00e9 oko pro techniky pou\u017e\u00edvan\u00e9 autorit\u00e1\u0159skou a nedemokratickou mocnost\u00ed: EU.\u201c\u00a0<\/span><\/p>\n<p><span>Pr\u00e1v\u011b zde je c\u00edlen technokratick\u00fd syst\u00e9m komunikace, respektive informace poskytovan\u00e9 m\u00e9dii, kter\u00e1 se zab\u00fdvaj\u00ed politikou Bruselu v\u016f\u010di EU.\u00a0<\/span><\/p>\n<p><span>\u201eDo evropsk\u00fdch medi\u00e1ln\u00edch projekt\u016f se ka\u017edoro\u010dn\u011b investuj\u00ed miliony eur. Ale podporuj\u00ed autentickou \u017eurnalistiku, nebo z\u00e1m\u011brn\u011b \u0161\u00ed\u0159\u00ed politick\u00e1 sd\u011blen\u00ed?\u201c\u00a0<\/span><a href=\"https:\/\/www.berliner-zeitung.de\/politik-gesellschaft\/geopolitik\/eu-finanziert-medien-wird-durch-millionen-ein-positives-image-gekauft-li.2339309\" target=\"_blank\" rel=\"noopener\"><span>pt\u00e1 se<\/span><\/a><span>\u00a0\u00a0n\u011bmeck\u00fd den\u00edk.\u00a0<\/span><\/p>\n<p><span>\u201ePod veden\u00edm Ursuly von der Leyenov\u00e9 EU zt\u00ed\u017eila \u0161\u00ed\u0159en\u00ed dezinformac\u00ed a fale\u0161n\u00fdch zpr\u00e1v. EU vypracovala dobrovoln\u00fd kodex chov\u00e1n\u00ed proti dezinformac\u00edm, kter\u00fd pod jej\u00edm veden\u00edm d\u00e1le pos\u00edlila. Tento kodex poskytuje velk\u00fdm technologick\u00fdm spole\u010dnostem, platform\u00e1m a ob\u010dansk\u00e9 spole\u010dnosti n\u00e1stroje, kter\u00e9 pot\u0159ebuj\u00ed k boji proti dezinformac\u00edm. Zejm\u00e9na zlep\u0161uje spolupr\u00e1ci s ov\u011b\u0159ovateli fakt\u016f. To umo\u017e\u0148uje odborn\u00edk\u016fm identifikovat fale\u0161n\u00e9 zpr\u00e1vy a odpov\u00eddaj\u00edc\u00edm zp\u016fsobem je ozna\u010dit,\u201c\u00a0<\/span><a href=\"https:\/\/www.home.cdu.de\/artikel\/ursula-von-der-leyen-hat-europa-freier-gemacht\" target=\"_blank\" rel=\"noopener\"><span>uvedla<\/span><\/a><span>\u00a0CDU (strana von der Leyenov\u00e9) \u00a0na sv\u00fdch webov\u00fdch str\u00e1nk\u00e1ch v kv\u011btnu 2024 s titulkem: \u201eUrsula von der Leyen osvobodila Evropu.\u201c\u00a0<\/span><\/p>\n<p><span>Pro\u00a0\u00a0<\/span><em><span>Berliner Zeitung\u00a0<\/span><\/em><span>\u00a0je to naopak: EU zt\u011b\u017euje \u0161\u00ed\u0159en\u00ed informac\u00ed, kter\u00e9 se j\u00ed nel\u00edb\u00ed, zam\u011bstn\u00e1n\u00edm ov\u011b\u0159ovatel\u016f fakt\u016f. A financuje mainstreamov\u00e1 m\u00e9dia. Nav\u00edc mainstreamov\u00e1 m\u00e9dia a tiskov\u00e9 agentury sd\u00edlej\u00ed sd\u011blen\u00ed\u00a0<\/span><span>\u00a0(obsah \u010dl\u00e1nk\u016f)\u00a0<\/span><span>\u00a0s ov\u011b\u0159ovateli fakt\u016f.<\/span><\/p>\n<p><span>V kv\u011btnu lo\u0148sk\u00e9ho roku p\u0159edstavila EU pod veden\u00edm Ursuly von der Leyen Evropsk\u00fd z\u00e1kon o svobod\u011b m\u00e9di\u00ed (evropsk\u00e9 na\u0159\u00edzen\u00ed o svobod\u011b m\u00e9di\u00ed). Ofici\u00e1ln\u011b si klade za\u00a0<\/span><a href=\"https:\/\/www.touteleurope.eu\/societe\/qu-est-ce-que-l-acte-europeen-sur-la-liberte-des-medias-european-media-freedom-act\/\" target=\"_blank\" rel=\"noopener\"><span>c\u00edl<\/span><\/a><span>\u00a0\u00a0\u201epos\u00edlit nez\u00e1vislost, transparentnost a pluralitu m\u00e9di\u00ed v Evropsk\u00e9 unii\u201c. \u201eOchrana z\u00e1sadn\u00ed role m\u00e9di\u00ed v umo\u017en\u011bn\u00ed ob\u010dan\u016fm a podnik\u016fm p\u0159\u00edstupu k pluralit\u011b n\u00e1zor\u016f a spolehliv\u00fdm zdroj\u016fm informac\u00ed: to je cel\u00fd smysl evropsk\u00e9ho na\u0159\u00edzen\u00ed o svobod\u011b m\u00e9di\u00ed,\u201c\u00a0<\/span><a href=\"https:\/\/www.culture.gouv.fr\/fr\/thematiques\/europe-et-international\/actualites\/la-liberte-et-l-independance-des-medias-protegees-par-l-europe\" target=\"_blank\" rel=\"noopener\"><span>zd\u016fraz\u0148uje<\/span><\/a><span>\u00a0\u00a0francouzsk\u00e9 ministerstvo kultury.<\/span><\/p>\n<p><span>Berliner\u00a0\u00a0<\/span><em><span>Zeitung<\/span><\/em><span>\u00a0\u00a0cituje von der Leyenovou, kter\u00e1 \u0159ekla: \u201eNa faktech z\u00e1le\u017e\u00ed, na pravd\u011b z\u00e1le\u017e\u00ed,\u201c \u0159ekla Ursula von der Leyenov\u00e1 ve sv\u00e9m projevu k Evropsk\u00e9mu parlamentu za\u010d\u00e1tkem minul\u00e9ho t\u00fddne, kdy\u017e se hlasovalo o n\u00e1vrhu na vysloven\u00ed ned\u016fv\u011bry proti n\u00ed. V\u017edy prok\u00e1zala, \u017ee je p\u0159ipravena zapojit se do diskus\u00ed, ale pouze pokud jsou zalo\u017eeny na \u201efaktech\u201c a \u201eargumentech\u201c. \u201eJak se dalo o\u010dek\u00e1vat, von der Leyenov\u00e1 p\u0159e\u017eila hlasov\u00e1n\u00ed o ned\u016fv\u011b\u0159e, a to navzdory v\u00e1\u017en\u00fdm obvin\u011bn\u00edm z nedostatku transparentnosti p\u0159i zad\u00e1v\u00e1n\u00ed ve\u0159ejn\u00fdch zak\u00e1zek na vakc\u00edny proti koronaviru a autorit\u00e1\u0159sk\u00e9mu stylu veden\u00ed,\u201c poznamenal den\u00edk.\u00a0<\/span><\/p>\n<p><span>\u201ePro mnoho m\u00e9di\u00ed byl v\u00fdsledek v\u00edt\u011bzstv\u00edm p\u0159edsedkyn\u011b Evropsk\u00e9 komise,\u201c poznamenal berl\u00ednsk\u00fd den\u00edk a p\u0159ipomn\u011bl, \u017ee p\u0159edsedkyn\u011b Evropsk\u00e9 komise argumentovala proti \u00fatok\u016fm krajn\u00ed pravice proti n\u00ed ohledn\u011b hlasov\u00e1n\u00ed o n\u00e1vrhu na vysloven\u00ed ned\u016fv\u011bry. A mainstreamov\u00e1 m\u00e9dia zopakovala postoj von der Leyenov\u00e9: \u201eVon der Leyenov\u00e1 se \u00fasp\u011b\u0161n\u011b br\u00e1n\u00ed n\u00e1vrhu na vysloven\u00ed ned\u016fv\u011bry a \u00fato\u010d\u00ed na pravicov\u00e9 extremisty,\u201c uvedl v titulku\u00a0\u00a0<\/span><em><span>Der Spiegel,<\/span><\/em><span>\u00a0\u00a0zat\u00edmco\u00a0\u00a0<\/span><em><span>Deutsche Welle\u00a0<\/span><\/em><span>\u00a0(\u00a0<\/span><em><span>DW<\/span><\/em><span>\u00a0) informovala o por\u00e1\u017ece pravice: \u201ePravicov\u00ed extremist\u00e9 s n\u00e1vrhem na vysloven\u00ed ned\u016fv\u011bry von der Leyenov\u00e9 neusp\u011bli.\u201c\u00a0<\/span><\/p>\n<p><span>\u201eZa t\u00edmto politick\u00fdm st\u0159etem se v\u0161ak skr\u00fdv\u00e1 dal\u0161\u00ed, do zna\u010dn\u00e9 m\u00edry ignorovan\u00e1 ot\u00e1zka: jak nez\u00e1visl\u00e1 jsou m\u00e9dia, kdy\u017e st\u00e1le v\u011bt\u0161\u00ed po\u010det z nich je financov\u00e1n p\u0159\u00edmo vl\u00e1dami nebo mezin\u00e1rodn\u00edmi institucemi, jako je EU? EU ka\u017edoro\u010dn\u011b vynakl\u00e1d\u00e1 miliony eur na medi\u00e1ln\u00ed projekty, a to nejen ve sv\u00fdch \u010dlensk\u00fdch st\u00e1tech, ale i v zem\u00edch, kde je roz\u0161\u00ed\u0159en\u00fd euroskepticismus, nap\u0159\u00edklad v n\u011bkter\u00fdch \u010d\u00e1stech v\u00fdchodn\u00ed Evropy,\u201c informuje\u00a0\u00a0<\/span><em><span>Berliner Zeitung<\/span><\/em><span>\u00a0s obavami: \u201eJak\u00fd dopad m\u00e1 ale tato finan\u010dn\u00ed podpora na novin\u00e1\u0159skou svobodu a objektivitu informac\u00ed?\u201c\u00a0<\/span><\/p>\n<p><span>\u201eEU financuje m\u00e9dia \u010d\u00e1stkou 80 milion\u016f eur ro\u010dn\u011b,\u201c poznamen\u00e1vaj\u00ed n\u011bme\u010dt\u00ed kolegov\u00e9 s odkazem na nez\u00e1visl\u00e9ho italsk\u00e9ho investigativn\u00edho novin\u00e1\u0159e Thomase Faziho, kter\u00fd se touto ot\u00e1zkou\u00a0<\/span><a href=\"https:\/\/brussels.mcc.hu\/uploads\/default\/0001\/01\/10af81f9f28a04dbcb2e9fb98bf28a7c9f16a07a.pdf\" target=\"_blank\" rel=\"noopener\"><span>zab\u00fdv\u00e1<\/span><\/a><span>\u00a0\u00a0ve zpr\u00e1v\u011b zve\u0159ejn\u011bn\u00e9 za\u010d\u00e1tkem \u010dervna:\u00a0<\/span><em><span>Bruselsk\u00fd medi\u00e1ln\u00ed stroj: Financov\u00e1n\u00ed m\u00e9di\u00ed ze strany EU a formov\u00e1n\u00ed ve\u0159ejn\u00e9ho diskurzu<\/span><\/em><span>\u00a0. \u201eSpolupr\u00e1ce Evropsk\u00e9 komise s tiskov\u00fdmi agenturami a m\u00e9dii na definov\u00e1n\u00ed hranic p\u0159ijateln\u00e9ho diskurzu se st\u00e1le \u010dast\u011bji odehr\u00e1v\u00e1 pod obecnou a \u010dasto \u0161patn\u011b definovanou vlajkou boje proti dezinformac\u00edm,\u201c obvi\u0148uje Thomas Fazi.\u00a0<\/span><\/p>\n<p><span>Tato zpr\u00e1va zkoum\u00e1 rostouc\u00ed vyu\u017e\u00edv\u00e1n\u00ed rozpo\u010dtov\u00fdch pravomoc\u00ed Evropsk\u00e9 komise k prosazov\u00e1n\u00ed sv\u00e9 politick\u00e9 agendy pod rou\u0161kou propagace \u201ehodnot EU\u201c. Odhaluje, jak EU vyu\u017e\u00edv\u00e1 programy k financov\u00e1n\u00ed nevl\u00e1dn\u00edch organizac\u00ed (NGO) a think tank\u016f, z nich\u017e mnoh\u00e9 v\u00fdslovn\u011b p\u0159ij\u00edmaj\u00ed vizi Komise o hlub\u0161\u00ed evropsk\u00e9 integraci. Tato \u201epropaganda skrze zastoupen\u00ed\u201c je v z\u00e1sad\u011b nedemokratick\u00e1,\u00a0<\/span><a href=\"https:\/\/brussels.mcc.hu\/publication\/the-eus-propaganda-machine-how-the-eu-funds-ngos-to-promote-itself\" target=\"_blank\" rel=\"noopener\"><span>poznamenal<\/span><\/a><span>\u00a0v \u00fanoru lo\u0148sk\u00e9ho roku web MCC Brussels, kter\u00fd \u010dervnovou zpr\u00e1vu zve\u0159ejnil. Analyzuje: \u201eMnoho projekt\u016f je prezentov\u00e1no jako podpora svobody m\u00e9di\u00ed, pluralismu nebo evropsk\u00fdch hodnot. V praxi \u010dasto slou\u017e\u00ed k: propagaci proevropsk\u00fdch narativ\u016f; marginalizaci disentu a kritick\u00fdch n\u00e1zor\u016f; a budov\u00e1n\u00ed \u201eevropsk\u00e9 ve\u0159ejn\u00e9 sf\u00e9ry\u201c shora dol\u016f. \u201ePojmy jako boj proti dezinformac\u00edm, podpora faktick\u00fdch program\u016f a podpora evropsk\u00e9 integrace se pou\u017e\u00edvaj\u00ed k ospravedln\u011bn\u00ed strategick\u00e9ho \u00fasil\u00ed o transformaci m\u00e9di\u00ed.\u201c\u00a0<\/span><\/p>\n<p><span>V geopoliticky citliv\u00fdch ot\u00e1zk\u00e1ch, jako je rusko-ukrajinsk\u00fd konflikt, by m\u00e9dia, kter\u00e1 tyto dotace dost\u00e1vaj\u00ed, mohla b\u00fdt povzbuzov\u00e1na k opakov\u00e1n\u00ed ofici\u00e1ln\u00edch postoj\u016f EU a NATO, varuje Fazi. \u201eJen v lo\u0148sk\u00e9m roce EU poskytla ukrajinsk\u00fdm m\u00e9di\u00edm p\u0159ibli\u017en\u011b deset milion\u016f eur,\u201c pokra\u010duje berl\u00ednsk\u00fd den\u00edk.\u00a0<\/span><\/p>\n<p><span>Evropsk\u00e1 observato\u0159 digit\u00e1ln\u00edch m\u00e9di\u00ed (EDMO), kter\u00e1 podporuje s\u00edt\u011b v \u201eboji proti dezinformac\u00edm\u201c, obdr\u017eela za posledn\u00edch p\u011bt let nejm\u00e9n\u011b 27 milion\u016f eur \u2013 oblast \u00fazce spjat\u00e1 s propagac\u00ed proevropsk\u00fdch narativ\u016f, jak zjistil den\u00edk\u00a0\u00a0<\/span><em><span>Berliner Zeitung<\/span><\/em><span>\u00a0.\u00a0\u00a0<\/span><span>Str\u00e1nky ov\u011b\u0159uj\u00edc\u00ed fakta jsou tedy s EDMO propojeny a pozorovatel\u00e9 je st\u00e1le \u010dast\u011bji zpochyb\u0148uj\u00ed.<\/span><\/p>\n<p><span>Nap\u0159\u00edklad v r\u00e1mci p\u0159\u00edprav na volby do Evropsk\u00e9ho parlamentu v roce 2024 bylo vy\u010dlen\u011bno 8 milion\u016f eur na \u201einformov\u00e1n\u00ed ob\u010dan\u016f o d\u016fle\u017eitosti voleb do Evropsk\u00e9ho parlamentu a povzbuzen\u00ed k uplatn\u011bn\u00ed jejich volebn\u00edho pr\u00e1va\u201c a na \u201eosloven\u00ed nov\u00fdch voli\u010d\u016f\u201c. \u201eNez\u00e1visl\u00e1 m\u00e9dia jsou pro evropskou demokracii nezbytn\u00e1 a Evropsk\u00fd parlament je podporuje transparentn\u00edmi iniciativami, kter\u00e9 chr\u00e1n\u00ed redak\u010dn\u00ed svobodu,\u201c uvedl mluv\u010d\u00ed Evropsk\u00e9ho parlamentu pro den\u00edk\u00a0\u00a0<\/span><em><span>Berliner Zeitung.<\/span><\/em><\/p>\n<p><span>\u201eTiskov\u00e9 agentury \u2013 v\u010detn\u011b AFP (Francie), EFE (\u0160pan\u011blsko), Ansa (It\u00e1lie), Belga (Belgie) a mnoha dal\u0161\u00edch \u2013 maj\u00ed za \u00fakol spole\u010dn\u011b produkovat a \u0161\u00ed\u0159it informace nab\u00edzej\u00edc\u00ed celoevropsk\u00fd pohled na evropsk\u00e1 t\u00e9mata,\u201c pokra\u010duje n\u011bmeck\u00fd den\u00edk. \u201eObsah [vytv\u00e1\u0159en\u00fd t\u011bmito tiskov\u00fdmi agenturami] je ur\u010den pro m\u00e9dia, ob\u010dany a instituce. Je \u0161\u00ed\u0159en prost\u0159ednictv\u00edm agenturn\u00edch s\u00edt\u00ed, Evropsk\u00e9ho datov\u00e9ho zpravodajsk\u00e9ho centra, zpravodaj\u016f, soci\u00e1ln\u00edch m\u00e9di\u00ed a projekt\u016f, jako je ChatEurope, a jeho c\u00edlem je podporovat porozum\u011bn\u00ed rozhodnut\u00edm EU a bojovat proti dezinformac\u00edm.\u201c Zpr\u00e1va rovn\u011b\u017e uv\u00e1d\u00ed, \u017ee EU financuje i hlavn\u00ed m\u00e9dia v evropsk\u00fdch zem\u00edch.\u00a0<\/span><\/p>\n<p><span>Nov\u00e1 zpr\u00e1va Thomase Faziho \u201ebyla p\u0159evzata nejen alternativn\u00edmi m\u00e9dii, ale i mainstreamov\u00fdmi platformami, zejm\u00e9na v It\u00e1lii a D\u00e1nsku, a to v neutr\u00e1ln\u00edm t\u00f3nu,\u201c poznamen\u00e1v\u00e1 Berliner Zeitung, \u010d\u00edm\u017e vyjad\u0159uje pov\u011bdom\u00ed o zp\u016fsobu nakl\u00e1d\u00e1n\u00ed s informacemi.\u00a0<\/span><\/p>\n<p><span>Koncem \u010dervna\u00a0\u00a0<\/span><em><span>Euractiv<\/span><\/em><span>\u00a0\u00a0pod titulkem\u00a0<\/span><em><span>EU vkl\u00e1d\u00e1 35 milion\u016f eur ro\u010dn\u011b do n\u011bkter\u00fdch m\u00e9di\u00ed\u00a0<\/span><\/em><a href=\"https:\/\/www.euractiv.de\/section\/innenpolitik\/news\/eu-pumpt-jaehrlich-35-millionen-euro-in-ausgewaehlte-medien\/\" target=\"_blank\" rel=\"noopener\"><span>zd\u016fraznil<\/span><\/a><span>\u00a0\u00a0finan\u010dn\u00ed intervence EU ve zpravodajsk\u00e9m sektoru: \u201eA\u010dkoli Evropsk\u00e1 komise zd\u016fraz\u0148uje, \u017ee jej\u00edm c\u00edlem je podpora medi\u00e1ln\u00ed rozmanitosti, \u0161t\u011bdr\u00e9 dotace naru\u0161uj\u00ed trh na \u00fakor nez\u00e1visl\u00fdch m\u00e9di\u00ed\u201c; \u201eKomise tvrd\u00ed, \u017ee jej\u00ed opat\u0159en\u00ed maj\u00ed za c\u00edl vytvo\u0159it lep\u0161\u00ed evropsk\u00e9 publikum. Navzdory let\u016fm financov\u00e1n\u00ed v\u0161ak nejsou k dispozici \u017e\u00e1dn\u00e9 d\u016fkazy o skute\u010dn\u00e9m \u00fasp\u011bchu\u201c; \u201ePodle zpr\u00e1vy Centra pro v\u00fdzkum m\u00e9di\u00ed a \u017eurnalistiky z roku 2024 EU jen v roce 2022 p\u0159isl\u00edbila 99 milion\u016f eur na \u017eurnalistick\u00e9 projekty, co\u017e je t\u00e9m\u011b\u0159 t\u0159ikr\u00e1t v\u00edce ne\u017e o dva roky d\u0159\u00edve\u201c; \u201eMezi lety 2014 a 2023\u00a0 obdr\u017eela\u00a0<\/span><em><span>stanice Euronews\u00a0<\/span><\/em><span>\u00a0z finan\u010dn\u00edch prost\u0159edk\u016f EU p\u0159ibli\u017en\u011b 227 milion\u016f eur, co\u017e je v pr\u016fm\u011bru 25 milion\u016f eur ro\u010dn\u011b. Tato \u010d\u00e1stka je o 4 miliony eur vy\u0161\u0161\u00ed ne\u017e celkov\u00e1 \u010d\u00e1stka ofici\u00e1ln\u011b ozn\u00e1men\u00e1 Komis\u00ed na ro\u010dn\u00ed financov\u00e1n\u00ed m\u00e9di\u00ed.\u201c\u00a0<\/span><\/p>\n<p><em><span>Euractiv<\/span><\/em><span>\u00a0\u201euv\u00e1d\u00ed, \u017ee evropsk\u00e9 dotace na tisk \u010din\u00ed novin\u00e1\u0159e z\u00e1visl\u00fdmi na politic\u00edch, kte\u0159\u00ed rozhoduj\u00ed o jejich ekonomick\u00e9m osudu a deformuj\u00ed trh pro v\u0161echny,\u201c uzav\u00edr\u00e1\u00a0<\/span><em><span>\u00a0Berliner Zeitung.<\/span><\/em><\/p>\n<p><a href=\"https:\/\/www.observateur-continental.fr\/?module=articles&amp;action=view&amp;id=7091\"><em><span>Philippe Rosenthal<\/span><\/em><\/a><\/p>\n<p>&nbsp;<\/p>\n","protected":false},"excerpt":{"rendered":"<p>Berliner\u00a0\u00a0Zeitung\u00a0, v jeho\u017e \u010dele stoj\u00ed b\u00fdval\u00fd ob\u010dan NDR Holger Friedrich, jeden z m\u00e1la v\u00fdchodon\u011bmeck\u00fdch multimilion\u00e1\u0159\u016f&#8230;<\/p>\n","protected":false},"author":2,"featured_media":83878,"comment_status":"closed","ping_status":"closed","sticky":false,"template":"","format":"standard","meta":[],"categories":[7],"tags":[63,920,41,158,90],"_links":{"self":[{"href":"https:\/\/www.infokuryr.cz\/n\/wp-json\/wp\/v2\/posts\/83877"}],"collection":[{"href":"https:\/\/www.infokuryr.cz\/n\/wp-json\/wp\/v2\/posts"}],"about":[{"href":"https:\/\/www.infokuryr.cz\/n\/wp-json\/wp\/v2\/types\/post"}],"author":[{"embeddable":true,"href":"https:\/\/www.infokuryr.cz\/n\/wp-json\/wp\/v2\/users\/2"}],"replies":[{"embeddable":true,"href":"https:\/\/www.infokuryr.cz\/n\/wp-json\/wp\/v2\/comments?post=83877"}],"version-history":[{"count":0,"href":"https:\/\/www.infokuryr.cz\/n\/wp-json\/wp\/v2\/posts\/83877\/revisions"}],"wp:featuredmedia":[{"embeddable":true,"href":"https:\/\/www.infokuryr.cz\/n\/wp-json\/wp\/v2\/media\/83878"}],"wp:attachment":[{"href":"https:\/\/www.infokuryr.cz\/n\/wp-json\/wp\/v2\/media?parent=83877"}],"wp:term":[{"taxonomy":"category","embeddable":true,"href":"https:\/\/www.infokuryr.cz\/n\/wp-json\/wp\/v2\/categories?post=83877"},{"taxonomy":"post_tag","embeddable":true,"href":"https:\/\/www.infokuryr.cz\/n\/wp-json\/wp\/v2\/tags?post=83877"}],"curies":[{"name":"wp","href":"https:\/\/api.w.org\/{rel}","templated":true}]}}