{"id":83875,"date":"2025-07-20T00:12:10","date_gmt":"2025-07-19T22:12:10","guid":{"rendered":"https:\/\/www.infokuryr.cz\/n\/?p=83875"},"modified":"2025-07-19T11:44:49","modified_gmt":"2025-07-19T09:44:49","slug":"michail-gamandij-jegorov-kuba-nadale-odolava-washingtonu","status":"publish","type":"post","link":"https:\/\/www.infokuryr.cz\/n\/2025\/07\/20\/michail-gamandij-jegorov-kuba-nadale-odolava-washingtonu\/","title":{"rendered":"Michail Gamandij-Jegorov: Kuba nad\u00e1le odol\u00e1v\u00e1 Washingtonu"},"content":{"rendered":"<div id=\"fb-root\"><\/div>\n<p><strong><span>Kub\u00e1nsk\u00e9 \u00fa\u0159ady poukazuj\u00ed na rostouc\u00ed po\u010det pokus\u016f o teroristick\u00e9 a n\u00e1siln\u00e9 \u010diny nam\u00ed\u0159en\u00e9 proti zemi, kter\u00e9 se odr\u00e1\u017eej\u00ed nejen v odm\u00edt\u00e1n\u00ed americk\u00e9ho re\u017eimu v t\u00e9to z\u00e1le\u017eitosti spolupracovat, ale tak\u00e9 v sotva skr\u00fdvan\u00e9 spolu\u00fa\u010dasti Washingtonu na teroristick\u00fdch \u017eivlech.<\/span><\/strong><\/p>\n<p><span>Na ned\u00e1vn\u00e9 tiskov\u00e9 konferenci v kub\u00e1nsk\u00e9m hlavn\u00edm m\u011bst\u011b Havan\u011b, kter\u00e9 se z\u00fa\u010dastnilo n\u011bkolik vysok\u00fdch kub\u00e1nsk\u00fdch vl\u00e1dn\u00edch \u00fa\u0159edn\u00edk\u016f, \u00fa\u0159ady zem\u011b nast\u00ednily \u0159adu prvk\u016f zd\u016fraz\u0148uj\u00edc\u00edch faktickou a neskr\u00fdvanou\u00a0<\/span><a href=\"https:\/\/cubaminrex.cu\/es\/crecen-las-acciones-violentas-y-terroristas-contra-cuba-y-sigue-la-impunidad-ante-la-inaccion-del\" target=\"_blank\" rel=\"noopener\"><span>spolu\u00fa\u010dast<\/span><\/a><span>\u00a0washingtonsk\u00e9ho re\u017eimu na nep\u0159\u00e1telsk\u00fdch \u010dinech, v\u010detn\u011b teroristick\u00fdch \u010din\u016f, nam\u00ed\u0159en\u00fdch proti kub\u00e1nsk\u00e9mu st\u00e1tu.<\/span><\/p>\n<p><span>\u00da\u0159edn\u00edci ministerstva vnitra, ministerstva spravedlnosti, gener\u00e1ln\u00edho prokur\u00e1tora a ministerstva zahrani\u010dn\u00edch v\u011bc\u00ed tak ozn\u00e1mili aktualizaci N\u00e1rodn\u00edho seznamu osob a subjekt\u016f, kter\u00e9 jsou p\u0159edm\u011btem trestn\u00edho vy\u0161et\u0159ov\u00e1n\u00ed a hledaj\u00ed je kub\u00e1nsk\u00e9 \u00fa\u0159ady pro jejich \u00fa\u010dast na podpo\u0159e, pl\u00e1nov\u00e1n\u00ed, organizaci, financov\u00e1n\u00ed, podpo\u0159e nebo p\u00e1ch\u00e1n\u00ed teroristick\u00fdch \u010din\u016f sp\u00e1chan\u00fdch v zemi nebo v zahrani\u010d\u00ed.<\/span><\/p>\n<p><span>Plukovn\u00edk \u00c1lvarez Valle z \u0158editelstv\u00ed krimin\u00e1ln\u00edho vy\u0161et\u0159ov\u00e1n\u00ed ministerstva vnitra vysv\u011btlil, \u017ee se jedn\u00e1 o aktualizaci seznamu p\u016fvodn\u011b zve\u0159ejn\u011bn\u00e9ho 7. prosince 2023, kter\u00fd zahrnoval 62 osob a 20 subjekt\u016f. T\u00edmto opat\u0159en\u00edm Kuba respektuje a ct\u00ed, stejn\u011b jako v minulosti, z\u00e1vazky p\u0159ijat\u00e9 v r\u00e1mci rezoluce Rady bezpe\u010dnosti OSN 1373 (2001), mezin\u00e1rodn\u00edho pr\u00e1va a vnitrost\u00e1tn\u00edho pr\u00e1vn\u00edho syst\u00e9mu.<\/span><\/p>\n<p><span>Vysok\u00fd kub\u00e1nsk\u00fd \u00fa\u0159edn\u00edk uvedl, \u017ee p\u0159\u00edslu\u0161n\u00e9 org\u00e1ny ministerstva vnitra v r\u00e1mci boje proti t\u00e9to n\u00e1siln\u00e9 \u010dinnosti nad\u00e1le monitoruj\u00ed a neutralizuj\u00ed opakovan\u00e9 \u010diny tohoto druhu, pl\u00e1novan\u00e9, organizovan\u00e9 a financovan\u00e9 n\u011bkter\u00fdmi osobami na tomto seznamu s bydli\u0161t\u011bm v r\u016fzn\u00fdch zem\u00edch, zejm\u00e9na ve Spojen\u00fdch st\u00e1tech. Uvedl tak\u00e9, \u017ee do tohoto cvi\u010den\u00ed je zahrnut kyberterorismus a nadm\u011brn\u00e9 vyu\u017e\u00edv\u00e1n\u00ed soci\u00e1ln\u00edch s\u00edt\u00ed k podn\u011bcov\u00e1n\u00ed k n\u00e1sil\u00ed a agresi proti p\u0159edstavitel\u016fm kub\u00e1nsk\u00e9 vl\u00e1dy.<\/span><\/p>\n<p><span>Eduard Roberts Campbell, gener\u00e1ln\u00ed prokur\u00e1tor a \u0159editel kancel\u00e1\u0159e gener\u00e1ln\u00edho prokur\u00e1tora, a Alexis Batista Segrera, \u0159editel pro mezin\u00e1rodn\u00ed vztahy na ministerstvu spravedlnosti, znovu potvrdili, \u017ee kub\u00e1nsk\u00fd st\u00e1t se odvol\u00e1v\u00e1 na 19 mezin\u00e1rodn\u00edch \u00famluv t\u00fdkaj\u00edc\u00edch se terorismu a sv\u011bdomit\u011b dodr\u017euje z\u00e1vazky vypl\u00fdvaj\u00edc\u00ed z p\u0159\u00edslu\u0161n\u00fdch rezoluc\u00ed Rady bezpe\u010dnosti OSN t\u00fdkaj\u00edc\u00edch se boje proti t\u00e9to pohrom\u011b.<\/span><\/p>\n<p><span>Vysv\u011btlili, \u017ee v souladu s t\u00edm Kuba zavedla pr\u00e1vn\u00ed a institucion\u00e1ln\u00ed opat\u0159en\u00ed k \u00fa\u010dinn\u00e9mu boji proti t\u00e9to pohrom\u011b a je pln\u011b ochotna spolupracovat, a to jak multilater\u00e1ln\u011b, tak i bilater\u00e1ln\u011b, profesion\u00e1ln\u00edm, seri\u00f3zn\u00edm a transparentn\u00edm zp\u016fsobem. Aktualizace tohoto seznamu je sou\u010d\u00e1st\u00ed tohoto \u00fasil\u00ed. N\u00e1m\u011bstkyn\u011b ministra zahrani\u010dn\u00edch v\u011bc\u00ed Josefina Vidal Ferreirov\u00e1 d\u00e1le uvedla, \u017ee Kuba doru\u010duje gener\u00e1ln\u00edmu tajemn\u00edkovi OSN dopis obsahuj\u00edc\u00ed aktualizovan\u00fd n\u00e1rodn\u00ed seznam v souladu s rezoluc\u00ed Rady bezpe\u010dnosti OSN 1373. \u201eT\u00edmto opat\u0159en\u00edm p\u0159ijat\u00fdm dnes ned\u011bl\u00e1me nic jin\u00e9ho, ne\u017e \u017ee, jak jsme to \u010dinili v minulosti, respektujeme a ct\u00edme z\u00e1vazky, kter\u00e9 Kuba v t\u00e9to z\u00e1le\u017eitosti u\u010dinila.\u201c<\/span><\/p>\n<p><span>Odsouzena byla tak\u00e9 historick\u00e1 ne\u010dinnost americk\u00fdch \u00fa\u0159ad\u016f, zp\u016fsoben\u00e1 zjevn\u00fdmi politick\u00fdmi \u00favahami. \u201eKuba usnadnila spolupr\u00e1ci v boji proti terorismu prost\u0159ednictv\u00edm mechanismu dialogu a memoranda o porozum\u011bn\u00ed mezi ob\u011bma stranami o uplat\u0148ov\u00e1n\u00ed a vym\u00e1h\u00e1n\u00ed z\u00e1kon\u016f.\u201c Americk\u00e1 vl\u00e1da, a zejm\u00e9na ministr zahrani\u010d\u00ed, v\u0161ak tyto mechanismy paralyzovala.<\/span><\/p>\n<p><span>Vidal Ferreiro poznamenal, \u017ee kub\u00e1nsk\u00e9 org\u00e1ny \u010dinn\u00e9 v trestn\u00edm \u0159\u00edzen\u00ed pravideln\u011b poskytuj\u00ed informace, v\u010detn\u011b jmen a bydli\u0161\u0165, o osob\u00e1ch zapojen\u00fdch v posledn\u00edch letech do propagace, financov\u00e1n\u00ed a organizov\u00e1n\u00ed n\u00e1siln\u00fdch a teroristick\u00fdch \u010din\u016f na Kub\u011b. S ohledem na chov\u00e1n\u00ed jejich americk\u00fdch prot\u011bj\u0161k\u016f v\u0161ak americk\u00e9 ministerstvo zahrani\u010d\u00ed jednodu\u0161e chyb\u00ed politick\u00e1 v\u016fle proti t\u011bmto osob\u00e1m zas\u00e1hnout a koordinovat spolupr\u00e1ci s Kubou a jej\u00edmi bezpe\u010dnostn\u00edmi institucemi.<\/span><\/p>\n<p><span>Paradoxn\u00edm a cynick\u00fdm aspektem cel\u00e9 situace, uzav\u0159ela, je, \u017ee vl\u00e1da Spojen\u00fdch st\u00e1t\u016f ozna\u010duje Kubu za st\u00e1t sponzoruj\u00edc\u00ed terorismus a za\u0159azuje ji na sv\u00e9voln\u00fd a jednostrann\u00fd seznam bez jak\u00e9hokoli mand\u00e1tu od mezin\u00e1rodn\u00edch organizac\u00ed, zat\u00edmco jak\u00fdkoli informovan\u00fd a nestrann\u00fd pozorovatel m\u016f\u017ee ur\u010dit, kter\u00e1 vl\u00e1da terorismus skute\u010dn\u011b povzbuzuje, podporuje a toleruje a kter\u00e1 zem\u011b mu \u010del\u00ed a bojuje proti n\u011bmu, p\u0159esto\u017ee je ob\u011bt\u00ed t\u00e9to pohromy ji\u017e v\u00edce ne\u017e 60 let. V podstat\u011b se n\u00e1siln\u00e9 a teroristick\u00e9 \u010diny proti Kub\u011b stup\u0148uj\u00ed a beztrestnost p\u0159etrv\u00e1v\u00e1 tv\u00e1\u0159\u00ed v tv\u00e1\u0159 ne\u010dinnosti vl\u00e1dy Spojen\u00fdch st\u00e1t\u016f.<\/span><\/p>\n<p><span>Pokud jde o vyhl\u00eddky, informace p\u0159edlo\u017een\u00e9 vysok\u00fdmi kub\u00e1nsk\u00fdmi p\u0159edstaviteli nejen demonstruj\u00ed ne\u010dinnost washingtonsk\u00e9ho re\u017eimu ve spole\u010dn\u00e9m boji proti terorismu, ale tak\u00e9 potvrzuj\u00ed zapojen\u00ed re\u017eimu po boku teroristick\u00fdch element\u016f, z nich\u017e v\u011bt\u0161ina, pro p\u0159ipomenut\u00ed, pokojn\u011b \u017eije na americk\u00e9 p\u016fd\u011b. Neru\u0161en\u011b. To v\u0161e v r\u00e1mci bezmezn\u00e9ho nep\u0159\u00e1telstv\u00ed americk\u00e9ho re\u017eimu, v\u010detn\u011b sou\u010dasn\u00e9 administrativy, v\u016f\u010di Kub\u011b a v\u0161em svobodn\u00fdm, nez\u00e1visl\u00fdm a skute\u010dn\u011b suver\u00e9nn\u00edm latinskoamerick\u00fdm st\u00e1t\u016fm.<\/span><\/p>\n<p><span>Pro p\u0159ipomenut\u00ed, spolu\u00fa\u010dast Washingtonu na teroristick\u00fdch akt\u00e9rech se zjevn\u011b neomezuje pouze na Kubu a mnoho dal\u0161\u00edch latinskoamerick\u00fdch zem\u00ed, a\u010dkoli p\u0159\u00edklad Kuby je jist\u011b jedn\u00edm z nejstar\u0161\u00edch a nejodporn\u011bj\u0161\u00edch.\u00a0<\/span><a href=\"https:\/\/www.observateur-continental.fr\/?module=articles&amp;action=view&amp;id=6393\"><span>Ostatn\u00ed regiony sv\u011bta<\/span><\/a><span>\u00a0, zejm\u00e9na Afrika a oblast Sahelu, nejsou vynech\u00e1ny z akc\u00ed ve prosp\u011bch terorismu ze strany washingtonsk\u00e9ho re\u017eimu a n\u011bkolika jeho vazal\u016f a slu\u017eebn\u00edk\u016f.<\/span><\/p>\n<p><span>Tato fakta znovu ukazuj\u00ed, \u017ee americk\u00fd establishment, bez ohledu na administrativu sed\u00edc\u00ed ve Washingtonu a volebn\u00ed sliby t\u00e9 \u010di on\u00e9 administrativy, z\u016fst\u00e1v\u00e1 a z\u016fstane subjektem, kter\u00fd ohro\u017euje mezin\u00e1rodn\u00ed bezpe\u010dnostn\u00ed stabilitu. Realita, kter\u00e1 vy\u017eaduje mezin\u00e1rodn\u00ed koordinaci mezi v\u0161emi n\u00e1rody up\u0159\u00edmn\u011b dodr\u017euj\u00edc\u00edmi hodnoty multipol\u00e1rn\u00edho sv\u011btov\u00e9ho \u0159\u00e1du.<\/span><\/p>\n<p><span>Obecn\u011bji v\u0161ak spolupr\u00e1ce p\u0159i p\u0159edch\u00e1zen\u00ed teroristick\u00fdm \u010din\u016fm podporovan\u00fdm a organizovan\u00fdm z\u00e1padn\u00edmi re\u017eimy ji\u017e nen\u00ed dostate\u010dn\u00fdm p\u0159\u00edstupem. Hlavn\u00ed s\u00edly multipol\u00e1rn\u00edho sv\u011bta, stejn\u011b jako jejich spojenci, budou jist\u011b muset definovat strategii, kter\u00e1 m\u016f\u017ee urychlit n\u00e1vrat ohn\u011b proti t\u011bm, kte\u0159\u00ed se domn\u00edvaj\u00ed, \u017ee mohou ovl\u00e1dat \u017eivly praktikuj\u00edc\u00ed terorismus.<\/span><\/p>\n<p><a href=\"https:\/\/www.observateur-continental.fr\/?module=articles&amp;action=view&amp;id=7089\"><em><span>Michail Gamandij-Jegorov<\/span><\/em><\/a><\/p>\n<p>&nbsp;<\/p>\n","protected":false},"excerpt":{"rendered":"<p>Kub\u00e1nsk\u00e9 \u00fa\u0159ady poukazuj\u00ed na rostouc\u00ed po\u010det pokus\u016f o teroristick\u00e9 a n\u00e1siln\u00e9 \u010diny nam\u00ed\u0159en\u00e9 proti zemi,&#8230;<\/p>\n","protected":false},"author":2,"featured_media":83876,"comment_status":"closed","ping_status":"closed","sticky":false,"template":"","format":"standard","meta":[],"categories":[7],"tags":[1042,135,125,37],"_links":{"self":[{"href":"https:\/\/www.infokuryr.cz\/n\/wp-json\/wp\/v2\/posts\/83875"}],"collection":[{"href":"https:\/\/www.infokuryr.cz\/n\/wp-json\/wp\/v2\/posts"}],"about":[{"href":"https:\/\/www.infokuryr.cz\/n\/wp-json\/wp\/v2\/types\/post"}],"author":[{"embeddable":true,"href":"https:\/\/www.infokuryr.cz\/n\/wp-json\/wp\/v2\/users\/2"}],"replies":[{"embeddable":true,"href":"https:\/\/www.infokuryr.cz\/n\/wp-json\/wp\/v2\/comments?post=83875"}],"version-history":[{"count":0,"href":"https:\/\/www.infokuryr.cz\/n\/wp-json\/wp\/v2\/posts\/83875\/revisions"}],"wp:featuredmedia":[{"embeddable":true,"href":"https:\/\/www.infokuryr.cz\/n\/wp-json\/wp\/v2\/media\/83876"}],"wp:attachment":[{"href":"https:\/\/www.infokuryr.cz\/n\/wp-json\/wp\/v2\/media?parent=83875"}],"wp:term":[{"taxonomy":"category","embeddable":true,"href":"https:\/\/www.infokuryr.cz\/n\/wp-json\/wp\/v2\/categories?post=83875"},{"taxonomy":"post_tag","embeddable":true,"href":"https:\/\/www.infokuryr.cz\/n\/wp-json\/wp\/v2\/tags?post=83875"}],"curies":[{"name":"wp","href":"https:\/\/api.w.org\/{rel}","templated":true}]}}