{"id":83859,"date":"2025-07-19T00:22:19","date_gmt":"2025-07-18T22:22:19","guid":{"rendered":"https:\/\/www.infokuryr.cz\/n\/?p=83859"},"modified":"2025-07-18T13:52:27","modified_gmt":"2025-07-18T11:52:27","slug":"jiri-vyvadil-blamaz-trumpa-a-rutteho-pokracovani","status":"publish","type":"post","link":"https:\/\/www.infokuryr.cz\/n\/2025\/07\/19\/jiri-vyvadil-blamaz-trumpa-a-rutteho-pokracovani\/","title":{"rendered":"Ji\u0159\u00ed Vyvadil: Blam\u00e1\u017e Trumpa a Rutteho &#8211; pokra\u010dov\u00e1n\u00ed"},"content":{"rendered":"<div id=\"fb-root\"><\/div>\n<p><strong>Ve sv\u00e9m p\u0159\u00edsp\u011bvku <a href=\"https:\/\/www.infokuryr.cz\/n\/2025\/07\/18\/jiri-vyvadil-tece-trumpovi-a-ruttemu-do-bot-ceka-je-blamaz\/\">Te\u010de Trumpovi a Ruttemu do bot? \u010cek\u00e1 je blam\u00e1\u017e?<\/a> Jsem vyslovil p\u0159esv\u011bd\u010den\u00ed, \u017ee se neob\u00e1v\u00e1m, \u017ee by brazilsk\u00fd prezident Lula, zn\u00e1m\u00fd svou jednozna\u010dnou podporou Putinovi a Rusku a jako kl\u00ed\u010dov\u00e9ho politika a zem\u011b Glob\u00e1ln\u00edho jihu, jeho\u017e s\u00edla se koncentruje v uskupen\u00ed BRICS, kter\u00e9 co do po\u010dtu obyvatelstva, ale i ekonomick\u00e9ho rozsahu ji\u017e p\u0159evy\u0161uje z\u00e1padn\u00ed zem\u011b sdru\u017een\u00e9 v G7, uhnul agresivn\u00edm v\u00fdhru\u017ek\u00e1m Trumpa a Rutteho pronesen\u00fdm v teatr\u00e1ln\u00edm p\u0159edstaven\u00ed z jevi\u0161t\u011b Ov\u00e1ln\u00e9 pracovny, kde bylo vysloveno ultim\u00e1tum 50 dn\u016f k uzav\u0159en\u00ed p\u0159\u00edm\u011b\u0159\u00ed tedy do 2. z\u00e1\u0159\u00ed tohoto ruku s n\u00e1sledkem ulo\u017een\u00ed sekund\u00e1rn\u00edch 100% sankc\u00ed t\u011bm zem\u00edm, kter\u00e9 odeb\u00edraj\u00ed produkty, zejm\u00e9na plyn a ropu z Ruska.<\/strong><\/p>\n<p style=\"font-weight: 400;\">Jen pro informaci ct\u011bn\u00fdm sledovatel\u016fm t\u00e9to na\u0161imi \u010dten\u00e1\u0159i, ale i sv\u011btem sledovan\u00e9 kauzy dod\u00e1v\u00e1m s\u00a0p\u0159isp\u011bn\u00edm sv\u00fdch spolupracovn\u00edk\u016f such\u00e9, a to p\u0159\u00edzna\u010dn\u011b v\u00fdmluvn\u011bj\u0161\u00ed prohl\u00e1\u0161en\u00ed\u00a0 brazilsk\u00e9ho ministr zahrani\u010d\u00ed Mauro Vieira v rozhovoru pro CNN Brazil, kter\u00fd nepat\u0159i\u010dn\u00e9 megalomansk\u00e9 prohl\u00e1\u0161en\u00ed gener\u00e1ln\u00edho tajemn\u00edka NATO Rutteho odk\u00e1zal do pat\u0159i\u010dn\u00edch mez\u00ed:<\/p>\n<p style=\"font-weight: 400;\">Hrozby sekund\u00e1rn\u00edch sankc\u00ed proti Braz\u00edlii za obchod s Ruskem, kter\u00e9 d\u0159\u00edve vyslovil gener\u00e1ln\u00ed tajemn\u00edk NATO Mark Rutte, jsou nevhodn\u00e9, uvedl brazilsk\u00fd ministr zahrani\u010d\u00ed Mauro Vieira v rozhovoru pro CNN Brazil.<\/p>\n<p style=\"font-weight: 400;\">\u201eMysl\u00edm, \u017ee tyto koment\u00e1\u0159e gener\u00e1ln\u00edho tajemn\u00edka NATO (o mo\u017en\u00fdch sankc\u00edch) jsou naprosto nevhodn\u00e9,\u201c\u00a0\u0159ekl Vieira a zd\u016fraznil, \u017ee \u201eNATO je vojensk\u00e1 aliance a Braz\u00edlie nen\u00ed jej\u00edm \u010dlenem. Braz\u00edlie \u0159e\u0161\u00ed obchodn\u00ed ot\u00e1zky \u201ebu\u010f p\u0159\u00edmo, nebo prost\u0159ednictv\u00edm WTO\u201c, tak\u017ee Rutteho slova jsou \u201enesmysl\u201c.15. \u010dervence Rutte varoval, \u017ee Braz\u00edlie, \u010c\u00edna a Indie by mohly \u010delit sekund\u00e1rn\u00edm sankc\u00edm, pokud budou pokra\u010dovat v obchodov\u00e1n\u00ed s Ruskem.<\/p>\n<p style=\"font-weight: 400;\">P\u0159ipom\u00edn\u00e1m, \u017ee podle gener\u00e1ln\u00edho tajemn\u00edka NATO by n\u00e1kup ropy a plynu z Ruska mohl b\u00fdt pro tyto zem\u011b \u201evelmi \u0161kodliv\u00fd\u201c. Rutte tak\u00e9 navrhl, aby tyto zem\u011b jednaly s rusk\u00fdm prezidentem\u00a0Vladimirem Putinem\u00a0a nal\u00e9haly na n\u011bj k m\u00edrov\u00fdm jedn\u00e1n\u00edm.<\/p>\n<p style=\"font-weight: 400;\">Americk\u00fd prezident Donald Trump\u00a0d\u0159\u00edve\u00a0na sch\u016fzce s Ruttem prohl\u00e1sil, \u017ee Washington uval\u00ed na Moskvu a jej\u00ed obchodn\u00ed partnery cla ve v\u00fd\u0161i 100 %, pokud do 50 dn\u016f nebude dosa\u017eeno dohody o Ukrajin\u011b.<\/p>\n<p>Z\u016fsta\u0148te na p\u0159\u00edjmu. Kauzu trapn\u00e9 \u0161m\u00edry rozhovoru Trump &#8211; Rutte a jejich d\u016fsledk\u016f budeme a\u017e do konce sledovat.<\/p>\n<p><a href=\"https:\/\/vasevec.info\/komentare\/blamaz-trumpa-rutteho-pokracovani\">Ji\u0159\u00ed Vyvadil<\/a><\/p>\n<p><img decoding=\"async\" loading=\"lazy\" class=\"alignnone size-medium wp-image-16474\" src=\"http:\/\/www.infokuryr.cz\/n\/wp-content\/uploads\/2022\/10\/jiri-vyvadil-300x200.jpg\" alt=\"\" width=\"300\" height=\"200\" srcset=\"https:\/\/www.infokuryr.cz\/n\/wp-content\/uploads\/2022\/10\/jiri-vyvadil-300x200.jpg 300w, https:\/\/www.infokuryr.cz\/n\/wp-content\/uploads\/2022\/10\/jiri-vyvadil-768x512.jpg 768w, https:\/\/www.infokuryr.cz\/n\/wp-content\/uploads\/2022\/10\/jiri-vyvadil.jpg 800w\" sizes=\"(max-width: 300px) 100vw, 300px\" \/><\/p>\n<p>&nbsp;<\/p>\n","protected":false},"excerpt":{"rendered":"<p>Ve sv\u00e9m p\u0159\u00edsp\u011bvku Te\u010de Trumpovi a Ruttemu do bot? \u010cek\u00e1 je blam\u00e1\u017e? Jsem vyslovil p\u0159esv\u011bd\u010den\u00ed,&#8230;<\/p>\n","protected":false},"author":2,"featured_media":83861,"comment_status":"closed","ping_status":"closed","sticky":false,"template":"","format":"standard","meta":[],"categories":[6],"tags":[1060,1503,39,122,7473,452],"_links":{"self":[{"href":"https:\/\/www.infokuryr.cz\/n\/wp-json\/wp\/v2\/posts\/83859"}],"collection":[{"href":"https:\/\/www.infokuryr.cz\/n\/wp-json\/wp\/v2\/posts"}],"about":[{"href":"https:\/\/www.infokuryr.cz\/n\/wp-json\/wp\/v2\/types\/post"}],"author":[{"embeddable":true,"href":"https:\/\/www.infokuryr.cz\/n\/wp-json\/wp\/v2\/users\/2"}],"replies":[{"embeddable":true,"href":"https:\/\/www.infokuryr.cz\/n\/wp-json\/wp\/v2\/comments?post=83859"}],"version-history":[{"count":1,"href":"https:\/\/www.infokuryr.cz\/n\/wp-json\/wp\/v2\/posts\/83859\/revisions"}],"predecessor-version":[{"id":83860,"href":"https:\/\/www.infokuryr.cz\/n\/wp-json\/wp\/v2\/posts\/83859\/revisions\/83860"}],"wp:featuredmedia":[{"embeddable":true,"href":"https:\/\/www.infokuryr.cz\/n\/wp-json\/wp\/v2\/media\/83861"}],"wp:attachment":[{"href":"https:\/\/www.infokuryr.cz\/n\/wp-json\/wp\/v2\/media?parent=83859"}],"wp:term":[{"taxonomy":"category","embeddable":true,"href":"https:\/\/www.infokuryr.cz\/n\/wp-json\/wp\/v2\/categories?post=83859"},{"taxonomy":"post_tag","embeddable":true,"href":"https:\/\/www.infokuryr.cz\/n\/wp-json\/wp\/v2\/tags?post=83859"}],"curies":[{"name":"wp","href":"https:\/\/api.w.org\/{rel}","templated":true}]}}