{"id":83839,"date":"2025-07-19T00:21:08","date_gmt":"2025-07-18T22:21:08","guid":{"rendered":"https:\/\/www.infokuryr.cz\/n\/?p=83839"},"modified":"2025-07-18T12:45:30","modified_gmt":"2025-07-18T10:45:30","slug":"francouzsky-strategicky-dokument-z-roku-2025","status":"publish","type":"post","link":"https:\/\/www.infokuryr.cz\/n\/2025\/07\/19\/francouzsky-strategicky-dokument-z-roku-2025\/","title":{"rendered":"Francouzsk\u00fd strategick\u00fd dokument z roku 2025"},"content":{"rendered":"<div id=\"fb-root\"><\/div>\n<h3 class=\"elementor-heading-title elementor-size-default\"><span>Velk\u00e1 v\u00e1lka v Evrop\u011b je mo\u017en\u00e1 do roku 2030 \u2013 ter\u010dem komplexn\u00ed v\u00e1lky by se mohly st\u00e1t cel\u00e9 spole\u010dnosti<\/span><\/h3>\n<div class=\"elementor-element elementor-element-1fb4c2c elementor-widget elementor-widget-theme-post-content\" data-id=\"1fb4c2c\" data-element_type=\"widget\" data-widget_type=\"theme-post-content.default\">\n<div class=\"elementor-widget-container\">\n<p><strong><span>Evropa ve st\u00ednu v\u00e1lky: Francouzsk\u00fd strategick\u00fd dokument varuje p\u0159ed velk\u00fdm ozbrojen\u00fdm konfliktem do roku 2030<\/span><\/strong><\/p>\n<p><span>Francie publikuje dokument \u201eRevue Nationale Strategique 2025\u201c (RNS 2025)\u00a0<\/span><a href=\"https:\/\/archive.is\/gmMT1\" target=\"_blank\" rel=\"noreferrer noopener\" data-type=\"link\" data-id=\"https:\/\/archive.is\/gmMT1\"><span>o<\/span><\/a><span>\u00a0bezpe\u010dnostn\u00ed politice historick\u00e9ho v\u00fdznamu. Jeho anal\u00fdza strategick\u00e9ho prost\u0159ed\u00ed je jednozna\u010dn\u00e1: Evropa sm\u011b\u0159uje k nebezpe\u010dn\u00e9 dek\u00e1d\u011b. V jej\u00edm j\u00e1dru se skr\u00fdv\u00e1 zdrcuj\u00edc\u00ed varov\u00e1n\u00ed: rozs\u00e1hlou v\u00e1lku na evropsk\u00e9 p\u016fd\u011b do roku 2030 ji\u017e nelze vylou\u010dit.<\/span><\/p>\n<p><span>Co bylo d\u0159\u00edve pova\u017eov\u00e1no za hypotetick\u00fd extr\u00e9mn\u00ed sc\u00e9n\u00e1\u0159, se nyn\u00ed st\u00e1v\u00e1 sou\u010d\u00e1st\u00ed ofici\u00e1ln\u00ed francouzsk\u00e9 bezpe\u010dnostn\u00ed politiky. Podle RNS 2025 geopolitick\u00e9 posuny, zejm\u00e9na ty zp\u016fsoben\u00e9 ruskou agres\u00ed na Ukrajin\u011b, p\u0159ekro\u010dily hranici.\u00a0<\/span><strong><span>Francie hovo\u0159\u00ed o \u201ezlomu\u201c v mezin\u00e1rodn\u00edm \u0159\u00e1du<\/span><\/strong><span>\u00a0. Sv\u011bt se st\u00e1v\u00e1 nestabiln\u011bj\u0161\u00edm, n\u00e1siln\u011bj\u0161\u00edm a nep\u0159edv\u00eddateln\u011bj\u0161\u00edm \u2013 a Evropa st\u00e1le v\u00edce ztr\u00e1c\u00ed spolehlivou bezpe\u010dnostn\u00ed ochranu.<\/span><\/p>\n<p><span>Nebezpe\u010d\u00ed nehroz\u00ed pouze z konven\u010dn\u00edch arm\u00e1d.\u00a0<\/span><strong><span>Francie nal\u00e9hav\u011b varuje p\u0159ed hybridn\u00edmi \u00fatoky, kter\u00e9 formuj\u00ed novou generaci v\u00e1l\u010den\u00ed: kybernetick\u00e9 \u00fatoky na kritickou infrastrukturu, masov\u00e1 dezinformace, ekonomick\u00fd n\u00e1tlak, c\u00edlen\u00e1 destabilizace demokraci\u00ed<\/span><\/strong><span>\u00a0\u2013 to v\u0161e je nyn\u00ed pova\u017eov\u00e1no za sou\u010d\u00e1st systematick\u00e9ho hrozebn\u00e9ho sc\u00e9n\u00e1\u0159e, kter\u00fd by mohl postihnout Evropu. Tyto hybridn\u00ed prost\u0159edky jsou vn\u00edm\u00e1ny jako prekurzory nebo vedlej\u0161\u00ed \u00fa\u010dinky potenci\u00e1ln\u00edho \u201ekonfliktu vysok\u00e9 intenzity\u201c.<\/span><\/p>\n<p><span>Rusko je uv\u00e1d\u011bno jako hlavn\u00ed hrozba \u2013 nejen kv\u016fli jeho hromad\u011bn\u00ed vojensk\u00e9 s\u00edly, ale tak\u00e9 kv\u016fli jeho dlouhodob\u00e9 revizionistick\u00e9 strategii, podporovan\u00e9 akt\u00e9ry, jako je \u00cdr\u00e1n a Severn\u00ed Korea. Pa\u0159\u00ed\u017e ji\u017e nepova\u017euje v\u00e1lku na Ukrajin\u011b za region\u00e1ln\u00ed konflikt, ale sp\u00ed\u0161e za p\u0159edehru nov\u00e9 \u00e9ry vojensk\u00e9 konfrontace v Evrop\u011b. Strategick\u00e1 rovnov\u00e1ha byla naru\u0161ena \u2013 mimo jin\u00e9 kv\u016fli rostouc\u00ed roli jadern\u00fdch zbran\u00ed v geopolitick\u00e9 rovnov\u00e1ze sil.<\/span><\/p>\n<p><span>Obzvl\u00e1\u0161t\u011b alarmuj\u00edc\u00ed je zji\u0161t\u011bn\u00ed, \u017ee st\u00e1vaj\u00edc\u00ed bezpe\u010dnostn\u00ed architektura Evropy se stala k\u0159ehkou.\u00a0<\/span><strong><span>Spojen\u00e9 st\u00e1ty, tradi\u010dn\u00ed garant z\u00e1padn\u00ed bezpe\u010dnosti, se geopoliticky st\u00e1le v\u00edce orientuj\u00ed sm\u011brem k Asii<\/span><\/strong><span>\u00a0. Podle RNS 2025 ji\u017e transatlantick\u00e9 partnerstv\u00ed nen\u00ed spolehlivou oporou. Evropa mus\u00ed vz\u00edt svou obranu do vlastn\u00edch rukou \u2013 ne jako mo\u017enost, ale jako nutnost.<\/span><\/p>\n<p><span>RNS 2025\u00a0<\/span><strong><span>proto nevyz\u00fdv\u00e1 k ni\u010demu men\u0161\u00edmu ne\u017e strategick\u00e9 revoluci<\/span><\/strong><span>\u00a0: Francie si klade za c\u00edl pos\u00edlit n\u00e1rodn\u00ed odolnost,\u00a0<\/span><strong><span>p\u0159ipravit spole\u010dnost na krize a v\u00e1lky, u\u010dinit ekonomiku odolnou v\u016f\u010di v\u00e1lk\u00e1m, pos\u00edlit obrann\u00fd pr\u016fmysl a zajistit technologickou p\u0159evahu prost\u0159ednictv\u00edm kvantov\u00e9ho v\u00fdzkumu, technologie dron\u016f a kybernetick\u00e9 bezpe\u010dnosti<\/span><\/strong><span>\u00a0. Modernizace vlastn\u00edch jadern\u00fdch sil je uv\u00e1d\u011bna jako \u00fast\u0159edn\u00ed sou\u010d\u00e1st t\u00e9to strategie odstra\u0161ov\u00e1n\u00ed.<\/span><\/p>\n<p><span>Dokument rovn\u011b\u017e zd\u016fraz\u0148uje roli obyvatelstva. Vzd\u011bl\u00e1v\u00e1n\u00ed, zvy\u0161ov\u00e1n\u00ed pov\u011bdom\u00ed a obnova mor\u00e1lky \u2013 zejm\u00e9na mezi mlad\u00fdmi lidmi \u2013 maj\u00ed zajistit, aby se Francie stala odolnou v\u016f\u010di kriz\u00edm nejen vojensky, ale i soci\u00e1ln\u011b. RNS 2025 popisuje sc\u00e9n\u00e1\u0159, ve kter\u00e9m by se\u00a0<\/span><strong><span>ter\u010dem tot\u00e1ln\u00ed v\u00e1lky mohly st\u00e1t nejen arm\u00e1dy, ale cel\u00e9 spole\u010dnosti.<\/span><\/strong><\/p>\n<p><span>Francouzsk\u00e1 vize je jasn\u00e1: Evropa se mus\u00ed probudit \u2013 rychle. Nadch\u00e1zej\u00edc\u00ed roky jsou pova\u017eov\u00e1ny za kl\u00ed\u010dov\u00e9. Ti, kdo nejsou p\u0159ipraveni dnes, budou z\u00edtra zahlceni. Dokument je proto v\u00edce ne\u017e jen strategick\u00fdm pl\u00e1nem. Je to dramatick\u00fd bud\u00ed\u010dek pro Evropu, aby se p\u0159ipravila na nemysliteln\u00e9: v\u00e1lku na vlastn\u00ed p\u016fd\u011b. Do roku 2030.<\/span><\/p>\n<\/div>\n<\/div>\n<div class=\"elementor-element elementor-element-8c57238 quelle dc-has-condition dc-condition-empty elementor-widget elementor-widget-heading\" data-id=\"8c57238\" data-element_type=\"widget\" data-widget_type=\"heading.default\">\n<div class=\"elementor-widget-container\">\n<h3 class=\"elementor-heading-title elementor-size-default\"><span style=\"font-size: 10pt;\"><a href=\"https:\/\/www.sgdsn.gouv.fr\/files\/files\/Publications\/20250713_NP_SGDSN_Actualisation_2025_RNS_FR.pdf\" target=\"_blank\" rel=\"nofollow noopener\">Zdroj<\/a><\/span><\/h3>\n<p>&nbsp;<\/p>\n<\/div>\n<\/div>\n","protected":false},"excerpt":{"rendered":"<p>Velk\u00e1 v\u00e1lka v Evrop\u011b je mo\u017en\u00e1 do roku 2030 \u2013 ter\u010dem komplexn\u00ed v\u00e1lky by se&#8230;<\/p>\n","protected":false},"author":2,"featured_media":81950,"comment_status":"closed","ping_status":"closed","sticky":false,"template":"","format":"standard","meta":[],"categories":[7],"tags":[283,130,1505,40,724],"_links":{"self":[{"href":"https:\/\/www.infokuryr.cz\/n\/wp-json\/wp\/v2\/posts\/83839"}],"collection":[{"href":"https:\/\/www.infokuryr.cz\/n\/wp-json\/wp\/v2\/posts"}],"about":[{"href":"https:\/\/www.infokuryr.cz\/n\/wp-json\/wp\/v2\/types\/post"}],"author":[{"embeddable":true,"href":"https:\/\/www.infokuryr.cz\/n\/wp-json\/wp\/v2\/users\/2"}],"replies":[{"embeddable":true,"href":"https:\/\/www.infokuryr.cz\/n\/wp-json\/wp\/v2\/comments?post=83839"}],"version-history":[{"count":0,"href":"https:\/\/www.infokuryr.cz\/n\/wp-json\/wp\/v2\/posts\/83839\/revisions"}],"wp:featuredmedia":[{"embeddable":true,"href":"https:\/\/www.infokuryr.cz\/n\/wp-json\/wp\/v2\/media\/81950"}],"wp:attachment":[{"href":"https:\/\/www.infokuryr.cz\/n\/wp-json\/wp\/v2\/media?parent=83839"}],"wp:term":[{"taxonomy":"category","embeddable":true,"href":"https:\/\/www.infokuryr.cz\/n\/wp-json\/wp\/v2\/categories?post=83839"},{"taxonomy":"post_tag","embeddable":true,"href":"https:\/\/www.infokuryr.cz\/n\/wp-json\/wp\/v2\/tags?post=83839"}],"curies":[{"name":"wp","href":"https:\/\/api.w.org\/{rel}","templated":true}]}}