{"id":83833,"date":"2025-07-19T00:18:28","date_gmt":"2025-07-18T22:18:28","guid":{"rendered":"https:\/\/www.infokuryr.cz\/n\/?p=83833"},"modified":"2025-07-18T12:21:22","modified_gmt":"2025-07-18T10:21:22","slug":"tezke-casy-pro-chude-sveta-papez-lev-podporuje-zelenou-agendu-a-net-zero","status":"publish","type":"post","link":"https:\/\/www.infokuryr.cz\/n\/2025\/07\/19\/tezke-casy-pro-chude-sveta-papez-lev-podporuje-zelenou-agendu-a-net-zero\/","title":{"rendered":"T\u011b\u017ek\u00e9 \u010dasy pro chud\u00e9 sv\u011bta: Pape\u017e Lev podporuje zelenou agendu a Net Zero"},"content":{"rendered":"<div id=\"fb-root\"><\/div>\n<div class=\"elementor-element elementor-element-1fb4c2c elementor-widget elementor-widget-theme-post-content\" data-id=\"1fb4c2c\" data-element_type=\"widget\" data-widget_type=\"theme-post-content.default\">\n<div class=\"elementor-widget-container\">\n<p>V ot\u00e1zk\u00e1ch katolick\u00e9 dogmatiky pape\u017eov\u00e9 tvrd\u00ed, \u017ee jsou neomyln\u00ed. Ale pokud jde o v\u011bdu o zm\u011bn\u011b klimatu a nulov\u00e9 politick\u00e9 \u0161\u00edlenstv\u00ed, \u010dasto mluv\u00ed ze sv\u00e9ho pape\u017esk\u00e9ho zadku. Kdo by mohl zapomenout na tvrzen\u00ed zesnul\u00e9ho pape\u017ee Franti\u0161ka, \u017ee lid\u00e9 zp\u016fsobuj\u00ed zem\u011bt\u0159esen\u00ed \u2013 tvrzen\u00ed, kter\u00e9 by mohli vyslovit jen ti nej\u0161\u00edlen\u011bj\u0161\u00ed klimati\u010dt\u00ed alarmist\u00e9? Bohu\u017eel i nov\u00fd \u0159\u00edmsk\u00fd biskup je schopen tohle vyt\u00e1hnout z ruk\u00e1vu, jak ned\u00e1vno pronesl pape\u017e Lev XIV. svou homilii o tom, \u017ee \u201e\u00a0<em>sv\u011bt ho\u0159\u00ed<\/em>\u00a0\u201c. Na \u201ezelen\u00e9\u201c m\u0161i ve sv\u00e9m letn\u00edm s\u00eddle v Castel Gandolfo dodal: \u201eMus\u00edme se modlit za obr\u00e1cen\u00ed tolika lid\u00ed, jak uvnit\u0159, tak i vn\u011b c\u00edrkve, kte\u0159\u00ed st\u00e1le nevid\u00ed nal\u00e9havost p\u00e9\u010de o n\u00e1\u0161 spole\u010dn\u00fd domov.\u201c<\/p>\n<p>Jako \u201eodpadl\u00fd\u201c katol\u00edk byl v\u00e1\u0161 korespondent p\u0159\u00edjemcem mnoha takov\u00fdch \u201emodliteb za obr\u00e1cen\u00ed\u201c. Strach funguje dob\u0159e, kdy\u017e jste \u0161kol\u00e1k sed\u00edc\u00ed u nohou sestry Agnes, \u0159editelky z\u00e1kladn\u00ed \u0161koly sv. Anselma v Dartfordu, kter\u00e1 v\u00e1m slibuje pekeln\u00fd ohe\u0148 za vynech\u00e1n\u00ed ned\u011bln\u00ed m\u0161e a \u010detn\u00fdch zak\u00e1zan\u00fdch sv\u00e1tk\u016f. Pape\u017esk\u00e9 obavy, \u017ee by kv\u016fli nadm\u011brn\u00e9mu po\u010dtu pr\u00e1zdnin v Benidormu mohl ho\u0159et sv\u011bt, jsou trochu m\u00edrn\u00e9. Koneckonc\u016f, \u0161\u00e9f kampan\u011b OSN Ant\u00f3nio Guterres s t\u00edmhle dos\u00e1hl hranic hlouposti. No tak, Leo, nem\u016f\u017eu si pomoct, ale mysl\u00edm, \u017ee to dok\u00e1\u017ee\u0161 l\u00e9pe.<\/p>\n<p>Nen\u00ed t\u0159eba dod\u00e1vat, \u017ee nov\u00fd zelen\u00fd pape\u017e je pln\u011b odd\u00e1n fale\u0161n\u00e9 v\u011bd\u011b o p\u0159ipisov\u00e1n\u00ed po\u010das\u00ed. \u201eVid\u00edme tolik p\u0159\u00edrodn\u00edch katastrof na sv\u011bt\u011b, t\u00e9m\u011b\u0159 ka\u017ed\u00fd den a v tolika zem\u00edch, kter\u00e9 jsou \u010d\u00e1ste\u010dn\u011b zp\u016fsobeny excesy lidsk\u00e9ho byt\u00ed, na\u0161\u00edm \u017eivotn\u00edm stylem.\u201c Lze se jen modlit, aby si nov\u00fd pape\u017e p\u0159e\u010detl nejnov\u011bj\u0161\u00ed v\u011bdeck\u00e9 hodnocen\u00ed Mezivl\u00e1dn\u00edho panelu pro zm\u011bnu klimatu (IPCC), kter\u00e9 shled\u00e1v\u00e1 mal\u00e9 nebo \u017e\u00e1dn\u00e9 lidsk\u00e9 zapojen\u00ed do t\u00e9m\u011b\u0159 v\u0161ech p\u0159\u00edrodn\u00edch pov\u011btrnostn\u00edch jev\u016f \u2013 nyn\u00ed i do roku 2100. Mo\u017en\u00e1 by m\u011bl zv\u00e1\u017eit, \u017ee \u00famrt\u00ed v d\u016fsledku p\u0159\u00edrodn\u00edch katastrof se za posledn\u00edch 100 let sn\u00ed\u017eila o 95 %, zat\u00edmco p\u0159idan\u00fd oxid uhli\u010dit\u00fd v atmosf\u00e9\u0159e vedl k pozoruhodn\u00e9mu 15\u201320% \u201ezezelen\u00e1n\u00ed\u201c planety.<\/p>\n<p>Pape\u017e Lev, oble\u010den\u00fd v zelen\u00e9m rouchu na sv\u00e9 zvl\u00e1\u0161tn\u00ed m\u0161i v nov\u00e9m ekologick\u00e9m vzd\u011bl\u00e1vac\u00edm centru letn\u00edho s\u00eddla, vyzval sv\u011bt, aby si uv\u011bdomil nal\u00e9havost klimatick\u00e9 krize a, jak to vyj\u00e1d\u0159il, \u201evysly\u0161el pl\u00e1\u010d chud\u00fdch\u201c. Chud\u00ed v\u0161ak nepl\u00e1\u010dou \u2013 alespo\u0148 ne kv\u016fli fantazii bohat\u00fdch z\u00e1padn\u00edch elit o \u010dist\u00e9 nule. Mnoz\u00ed v rozvojov\u00e9m sv\u011bt\u011b pova\u017euj\u00ed pou\u017e\u00edv\u00e1n\u00ed uhlovod\u00edk\u016f za kl\u00ed\u010d k vyman\u011bn\u00ed se z naprost\u00e9 chudoby. Jsou si v\u011bdomi obrovsk\u00e9ho n\u00e1r\u016fstu plodin z\u00e1kladn\u00edch potravin, jeho\u017e bylo za posledn\u00edch 60 let dosa\u017eeno pou\u017e\u00edv\u00e1n\u00edm uhlovod\u00edkov\u00fdch hnojiv. C\u00edt\u00ed to p\u0159ebyte\u010dn\u00e9 j\u00eddlo v b\u0159i\u0161e \u2013 p\u0159ipravit je v t\u00e9to f\u00e1zi jejich v\u00fdvoje o p\u0159irozen\u011b ulo\u017eenou energii Zem\u011b by, slovy \u010dasto mluven\u00e9 sestry Agnes, bylo zlo.<\/p>\n<p>O zelen\u00e9 m\u0161i pape\u017ee Lva informovala agentura\u00a0<em>Associated Press<\/em>\u00a0, kter\u00e1 z\u00edsk\u00e1v\u00e1\u00a0n\u00e1bo\u017eensk\u00e9 pokryt\u00ed z den\u00edku\u00a0<em>Conversation , financovan\u00e9ho nadac\u00ed\u00a0<\/em><em>Lilly Endowment Inc.<\/em>\u00a0Zpr\u00e1va, o n\u00ed\u017e se v\u011b\u0159\u00ed, \u017ee byla ofici\u00e1ln\u011b schv\u00e1lena Vatik\u00e1nem, uv\u00e1d\u00ed, \u017ee Lev je dlouholet\u00fdm mision\u00e1\u0159em a biskupem v Peru, kde \u00fadajn\u011b na vlastn\u00ed k\u016f\u017ei za\u017eil \u201edopady klimatick\u00fdch zm\u011bn na zraniteln\u00e9 komunity\u201c. Peru m\u00e1 prom\u011bnliv\u00e9 klima a nep\u0159\u00edzniv\u00e9 po\u010das\u00ed m\u016f\u017ee tr\u00e1pit komunity \u017eij\u00edc\u00ed na okraji spole\u010dnosti. Pokud se v\u0161ak pod\u00edv\u00e1me na klima a vyhneme se pseudov\u011bdeck\u00e9mu nesmyslu o kr\u00e1tkodob\u00e9m p\u0159ipisov\u00e1n\u00ed vlivu po\u010das\u00ed, m\u016f\u017eeme z klimatick\u00e9ho port\u00e1lu Sv\u011btov\u00e9 banky vid\u011bt, \u017ee pr\u016fm\u011brn\u00e1 sez\u00f3nn\u00ed teplota v zemi se za posledn\u00edch 100 let zv\u00fd\u0161ila pouze o 0,36 \u00b0C. B\u011bhem tohoto obdob\u00ed do\u0161lo k m\u00edrn\u00e9mu sn\u00ed\u017een\u00ed sr\u00e1\u017eek \u2013 a\u010dkoli pokles z 9,9 mm na 1610,34 mm nebyl patrn\u00fd. Pokud chcete podpo\u0159it klimatick\u00fd kolaps, Peru nemus\u00ed b\u00fdt nejlep\u0161\u00edm m\u00edstem pro za\u010d\u00e1tek, bez ohledu na va\u0161i osobn\u00ed pravdu, p\u0159esv\u011bd\u010den\u00ed nebo \u017eivotn\u00ed zku\u0161enosti.<\/p>\n<p>I pape\u017e Lev by se m\u011bl p\u0159i sv\u00e9 p\u0159\u00ed\u0161t\u00ed n\u00e1v\u0161t\u011bv\u011b rodn\u00e9 Ameriky vyhnout \u201eho\u0159\u00edc\u00edmu sv\u011btu\u201c. Lesn\u00ed po\u017e\u00e1ry jsou v alarmistick\u00fdch kruz\u00edch velk\u00fdm hitem, a\u010dkoli ned\u00e1vn\u00e9 nad\u0161en\u00ed bylo zm\u00edrn\u011bno zji\u0161t\u011bn\u00edmi publikovan\u00fdmi v\u00a0<em>Nature Communications,<\/em>\u00a0kter\u00e1 ukazuj\u00ed, \u017ee lesn\u00ed po\u017e\u00e1ry ho\u0159\u00ed pouze na 23 % \u00farovn\u00ed, kter\u00e9 by byly pova\u017eov\u00e1ny za norm\u00e1ln\u00ed, a to na z\u00e1klad\u011b zkoum\u00e1n\u00ed z\u00e1znam\u016f sahaj\u00edc\u00edch a\u017e do 17. stolet\u00ed. Jeden recenzent vid\u011bl jasn\u00e9 nebezpe\u010d\u00ed, \u017ee \u010dl\u00e1nek \u201ebude zneu\u017eit pop\u00edra\u010di dopad\u016f klimatick\u00fdch zm\u011bn\u201c. Jin\u00fdmi slovy: m\u00e9n\u011b fakt\u016f, v\u00edce emoc\u00ed. I zde se m\u016f\u017eeme jen modlit, aby m\u00fdtus o o\u010distn\u00e9m svat\u00e9m kou\u0159i, kter\u00fd zamete v\u0161e p\u0159edt\u00edm, ne\u017e to projde, mohl b\u00fdt vzk\u0159\u00ed\u0161en sp\u00e1sou, kter\u00e1 je mo\u017en\u00e1 pouze s po\u017eehn\u00e1n\u00edm Net Zero.<\/p>\n<p>Pape\u017eov\u00e9 b\u00fdvaj\u00ed lid\u00e9, kte\u0159\u00ed znaj\u00ed v\u011bdu \u2013 Vatik\u00e1nu trvalo asi 100 let, ne\u017e p\u0159ijal fakt, \u017ee Zem\u011b ob\u00edh\u00e1 kolem Slunce. Franti\u0161ek i Lev se sna\u017eili spojit extr\u00e9mn\u00ed environmentalismus se z\u00e1jmem o chud\u00e9 a s n\u011b\u010d\u00edm, \u010demu \u0159\u00edkaj\u00ed\u00a0<em>klimatick\u00e1 spravedlnost<\/em>\u00a0. Obecn\u011b nejsou v\u011bdci a stejn\u011b jako v\u011bt\u0161ina modern\u00edch levicov\u00fdch politik\u016f maj\u00ed jen mal\u00e9 pochopen\u00ed pro v\u011bdu a v\u011bdeck\u00e9 procesy. Zd\u00e1 se, \u017ee neznaj\u00ed roli p\u0159irozen\u00fdch klimatick\u00fdch zm\u011bn a nech\u00e1pou, jak uhlovod\u00edky za posledn\u00edch 100 let vyvedly miliardy lid\u00ed z chudoby. Jejich elitn\u00ed\u00a0<em>ex cathedra<\/em>\u00a0n\u00e1zory vedou st\u00e1vaj\u00edc\u00ed p\u0159edstavitele, jako je Franti\u0161ek, k bl\u00e1bolen\u00ed zn\u00e1m\u00fdmi biblick\u00fdmi term\u00edny o sv\u011bt\u011b, kter\u00fd se \u201ehrout\u00ed a mo\u017en\u00e1 je na pokraji kolapsu\u201c. Franti\u0161ek pova\u017eoval CO\u2082 za \u201evysoce zne\u010di\u0161\u0165uj\u00edc\u00ed\u201c, p\u0159esto\u017ee ho ka\u017ed\u00fd den sv\u00e9ho \u017eivota vydechoval asi dva kilogramy. Ten nov\u00e1\u010dek u\u017e te\u010f k\u0159i\u010d\u00ed o ho\u0159\u00edc\u00edm sv\u011bt\u011b \u2013 o\u010dek\u00e1vejte dal\u0161\u00ed pekeln\u00fd ohe\u0148 a zatracen\u00ed.<\/p>\n<p><em><strong>Chris Morrison<\/strong><\/em><\/p>\n<\/div>\n<\/div>\n<div class=\"elementor-element elementor-element-8c57238 quelle dc-has-condition dc-condition-empty elementor-widget elementor-widget-heading\" data-id=\"8c57238\" data-element_type=\"widget\" data-widget_type=\"heading.default\">\n<div class=\"elementor-widget-container\">\n<h3 class=\"elementor-heading-title elementor-size-default\"><span style=\"font-size: 10pt;\"><a href=\"https:\/\/dailysceptic.org\/2025\/07\/17\/worlds-poor-in-for-hard-time-as-pope-leo-backs-green-agenda-and-net-zero\/\" target=\"_blank\" rel=\"nofollow noopener\">Zdroj<\/a><\/span><\/h3>\n<\/div>\n<\/div>\n","protected":false},"excerpt":{"rendered":"<p>V ot\u00e1zk\u00e1ch katolick\u00e9 dogmatiky pape\u017eov\u00e9 tvrd\u00ed, \u017ee jsou neomyln\u00ed. Ale pokud jde o v\u011bdu o&#8230;<\/p>\n","protected":false},"author":2,"featured_media":83834,"comment_status":"closed","ping_status":"closed","sticky":false,"template":"","format":"standard","meta":[],"categories":[7],"tags":[279,873,9089,4239,254],"_links":{"self":[{"href":"https:\/\/www.infokuryr.cz\/n\/wp-json\/wp\/v2\/posts\/83833"}],"collection":[{"href":"https:\/\/www.infokuryr.cz\/n\/wp-json\/wp\/v2\/posts"}],"about":[{"href":"https:\/\/www.infokuryr.cz\/n\/wp-json\/wp\/v2\/types\/post"}],"author":[{"embeddable":true,"href":"https:\/\/www.infokuryr.cz\/n\/wp-json\/wp\/v2\/users\/2"}],"replies":[{"embeddable":true,"href":"https:\/\/www.infokuryr.cz\/n\/wp-json\/wp\/v2\/comments?post=83833"}],"version-history":[{"count":0,"href":"https:\/\/www.infokuryr.cz\/n\/wp-json\/wp\/v2\/posts\/83833\/revisions"}],"wp:featuredmedia":[{"embeddable":true,"href":"https:\/\/www.infokuryr.cz\/n\/wp-json\/wp\/v2\/media\/83834"}],"wp:attachment":[{"href":"https:\/\/www.infokuryr.cz\/n\/wp-json\/wp\/v2\/media?parent=83833"}],"wp:term":[{"taxonomy":"category","embeddable":true,"href":"https:\/\/www.infokuryr.cz\/n\/wp-json\/wp\/v2\/categories?post=83833"},{"taxonomy":"post_tag","embeddable":true,"href":"https:\/\/www.infokuryr.cz\/n\/wp-json\/wp\/v2\/tags?post=83833"}],"curies":[{"name":"wp","href":"https:\/\/api.w.org\/{rel}","templated":true}]}}