{"id":8382,"date":"2022-02-18T03:49:31","date_gmt":"2022-02-18T02:49:31","guid":{"rendered":"http:\/\/www.infokuryr.cz\/n\/?p=8382"},"modified":"2022-02-18T03:49:31","modified_gmt":"2022-02-18T02:49:31","slug":"rakusanovo-ministerstvo-oznacilo-operace-ruska-proti-is-za-agresivni-pocinani-co-prijde-dal","status":"publish","type":"post","link":"https:\/\/www.infokuryr.cz\/n\/2022\/02\/18\/rakusanovo-ministerstvo-oznacilo-operace-ruska-proti-is-za-agresivni-pocinani-co-prijde-dal\/","title":{"rendered":"Raku\u0161anovo ministerstvo ozna\u010dilo operace Ruska proti IS za agresivn\u00ed po\u010d\u00edn\u00e1n\u00ed. Co p\u0159ijde d\u00e1l?"},"content":{"rendered":"<div id=\"fb-root\"><\/div>\n<p><strong>Centrum proti terorismu a hybridn\u00edm hrozb\u00e1m Ministerstva vnitra \u010cR na pozad\u00ed eskaluj\u00edc\u00ed krize kolem Ukrajiny p\u0159ipravilo p\u0159ehled akc\u00ed Ruska z posledn\u00edch let, kter\u00fd by podle n\u00e1zoru tohoto pracovi\u0161t\u011b m\u011bl vyvr\u00e1tit obraz Ruska jako \u201em\u00edrumilovn\u00e9 zem\u011b, kter\u00e1 je ohro\u017eov\u00e1na ostatn\u00edmi\u201d. Slovy prezidenta Zemana by se tento v\u00fdtvor dalo ozna\u010dit za blam\u00e1\u017e.<\/strong><\/p>\n<p>Centrum doslova h\u00e1z\u00ed v\u0161echno do jednoho pytle. Za p\u0159\u00edklady agresivn\u00edho po\u010d\u00edn\u00e1n\u00ed ozna\u010duje t\u0159eba p\u0159ipojen\u00ed Krymu k Rusku na z\u00e1klad\u011b demokratick\u00e9ho referenda v roce 2014 nebo otravu b\u00fdval\u00e9ho rusk\u00e9ho dvojit\u00e9ho agenta\u00a0Sergeje Skripala\u00a0v Salisbury z roku 2018, kterou britsk\u00e1 vl\u00e1da zn\u00e1m\u00fdmi slovy \u201ehighly likely\u201c \u2013 tedy \u201es vysokou m\u00edrou pravd\u011bpodobnosti\u201c, le\u010d bez d\u016fkaz\u016f, p\u0159ipisuje Rusku.<\/p>\n<p>\u201eV\u00fdbuchy ve Vrb\u011btic\u00edch ukazuj\u00ed, \u017ee ob\u011bt\u00ed agresivn\u00edho \u010di hybridn\u00edho po\u010d\u00edn\u00e1n\u00ed RF se m\u016f\u017ee st\u00e1t i \u010cR a jej\u00ed ob\u010dan\u00e9,\u201c vysv\u011btluje CTHH, ale zapom\u00edn\u00e1 dodat, \u017ee \u010desk\u00e1 strana dosud nep\u0159edstavila \u017e\u00e1dn\u00e9 d\u016fkazy zapojen\u00ed Ruska do t\u00e9to kauzy.<\/p>\n<p>Pozoruhodn\u00e9, \u017ee mezi p\u0159\u00edklady agresivn\u00edho po\u010d\u00edn\u00e1n\u00ed vnitro za\u0159adilo i ruskou operaci proti terorist\u016fm\u00a0Isl\u00e1msk\u00e9ho st\u00e1tu* v S\u00fdrii. \u201eV boj\u00edch se anga\u017euje min. do roku 2021,\u201c stoj\u00ed v p\u0159ehledu. Co v\u0161ak Raku\u0161anovu ministerstvu uniklo?<\/p>\n<p>P\u0159\u00edchodu rusk\u00fdch voj\u00e1k\u016f na podzim 2015 do S\u00fdrie p\u0159edch\u00e1zela ofici\u00e1ln\u00ed \u017e\u00e1dost syrsk\u00fdch \u00fa\u0159ad\u016f do Moskvy o pomoc v boji proti mezin\u00e1rodn\u00edmu terorismu. Rusk\u00e1 operace umo\u017enila v\u00fdrazn\u011b zvr\u00e1tit v\u00fdvoj v\u00e1lky. Aktivn\u00ed f\u00e1ze operace trvala v\u00edce ne\u017e dva roky a celkem bylo b\u011bhem bojov\u00fdch akc\u00ed, jen d\u00edky n\u00e1let\u016fm a \u0159\u00edzen\u00fdm st\u0159el\u00e1m, zlikvidov\u00e1no asi 134 tis\u00edc ozbrojenc\u016f a des\u00edtky tis\u00edc objekt\u016f terorist\u016f.<\/p>\n<p>\u00da\u010dast Ruska pomohla syrsk\u00fdm jednotk\u00e1m osvobodit p\u0159es 1 400 obc\u00ed, v d\u016fsledku \u010deho\u017e mohl Dama\u0161ek znovu z\u00edskat kontrolu nad v\u011bt\u0161inou zem\u011b. Podle ministra obrany Rusk\u00e9 federace Sergeje \u0160ojgu byla jedn\u00edm z hlavn\u00edch v\u00fdsledk\u016f operace \u00fapln\u00e1 por\u00e1\u017eka Isl\u00e1msk\u00e9ho st\u00e1tu a v\u00e1\u017en\u00e9 \u0161kody zp\u016fsoben\u00e9 ve\u0161ker\u00e9mu mezin\u00e1rodn\u00edmu terorismu. Sou\u010dasn\u00e1\u00a0krize na rusko-ukrajinsk\u00e9m pomez\u00ed, a\u0165 u\u017e na ni m\u00e1 CTHH n\u00e1zor jak\u00fdkoliv, nen\u00ed bianco \u0161ek na podporu terorismu.<\/p>\n<p><a href=\"https:\/\/cz.sputniknews.com\/20220217\/rakusanovo-ministerstvo-oznacilo-operace-ruska-proti-is-za-agresivni-pocinani-co-prijde-dal-17662423.html\">ZDROJ<\/a><\/p>\n<p>&nbsp;<\/p>\n","protected":false},"excerpt":{"rendered":"<p>Centrum proti terorismu a hybridn\u00edm hrozb\u00e1m Ministerstva vnitra \u010cR na pozad\u00ed eskaluj\u00edc\u00ed krize kolem Ukrajiny&#8230;<\/p>\n","protected":false},"author":2,"featured_media":1218,"comment_status":"closed","ping_status":"closed","sticky":false,"template":"","format":"standard","meta":[],"categories":[6],"tags":[919,1809,82],"_links":{"self":[{"href":"https:\/\/www.infokuryr.cz\/n\/wp-json\/wp\/v2\/posts\/8382"}],"collection":[{"href":"https:\/\/www.infokuryr.cz\/n\/wp-json\/wp\/v2\/posts"}],"about":[{"href":"https:\/\/www.infokuryr.cz\/n\/wp-json\/wp\/v2\/types\/post"}],"author":[{"embeddable":true,"href":"https:\/\/www.infokuryr.cz\/n\/wp-json\/wp\/v2\/users\/2"}],"replies":[{"embeddable":true,"href":"https:\/\/www.infokuryr.cz\/n\/wp-json\/wp\/v2\/comments?post=8382"}],"version-history":[{"count":0,"href":"https:\/\/www.infokuryr.cz\/n\/wp-json\/wp\/v2\/posts\/8382\/revisions"}],"wp:featuredmedia":[{"embeddable":true,"href":"https:\/\/www.infokuryr.cz\/n\/wp-json\/wp\/v2\/media\/1218"}],"wp:attachment":[{"href":"https:\/\/www.infokuryr.cz\/n\/wp-json\/wp\/v2\/media?parent=8382"}],"wp:term":[{"taxonomy":"category","embeddable":true,"href":"https:\/\/www.infokuryr.cz\/n\/wp-json\/wp\/v2\/categories?post=8382"},{"taxonomy":"post_tag","embeddable":true,"href":"https:\/\/www.infokuryr.cz\/n\/wp-json\/wp\/v2\/tags?post=8382"}],"curies":[{"name":"wp","href":"https:\/\/api.w.org\/{rel}","templated":true}]}}