{"id":83818,"date":"2025-07-18T05:29:12","date_gmt":"2025-07-18T03:29:12","guid":{"rendered":"https:\/\/www.infokuryr.cz\/n\/?p=83818"},"modified":"2025-07-18T05:29:12","modified_gmt":"2025-07-18T03:29:12","slug":"jiri-vyvadil-tece-trumpovi-a-ruttemu-do-bot-ceka-je-blamaz","status":"publish","type":"post","link":"https:\/\/www.infokuryr.cz\/n\/2025\/07\/18\/jiri-vyvadil-tece-trumpovi-a-ruttemu-do-bot-ceka-je-blamaz\/","title":{"rendered":"Ji\u0159\u00ed Vyvadil: Te\u010de Trumpovi a Ruttemu do bot? \u010cek\u00e1 je blam\u00e1\u017e?"},"content":{"rendered":"<div id=\"fb-root\"><\/div>\n<p><strong>Zavolejte Putinovi, jinak v\u00e1s cla budou bolet, vzk\u00e1zal Rutte \u010c\u00edn\u011b, Indii a Braz\u00edlii.<\/strong><\/p>\n<p style=\"font-weight: 400;\">\u010clov\u011bk krout\u00ed hlavou nad drzost\u00ed Rutteho, kter\u00fd pohrozil \u010c\u00edn\u011b, Indii a\u00a0Braz\u00edlii, \u017ee by je velmi siln\u011b mohla postihnout stoprocentn\u00ed sekund\u00e1rn\u00ed cla, kter\u00e1 Spojen\u00e9 st\u00e1ty uval\u00ed na rusk\u00e9 obchodn\u00ed partnery. Cly jak zn\u00e1mo pohrozil americk\u00fd prezident, pokud\u00a0 Vladimir Putin do 50\u00a0dn\u00ed neuzav\u0159e s\u00a0Ukrajinou p\u0159\u00edm\u011b\u0159\u00ed. V\u0161echny zm\u00edn\u011bn\u00e9 zem\u011b Rutte vyzval, aby Putinovi zavolaly a\u00a0\u0159ekly mu, aby za\u010dal v\u00e1\u017en\u011b jednat o\u00a0p\u0159\u00edm\u011b\u0159\u00ed.<\/p>\n<p style=\"font-weight: 400;\">Jak je rovn\u011b\u017e zn\u00e1mo, Putin jako obvykle podle sv\u00e9ho pokerov\u00e9ho zvyku\u00a0\u00a0na Trumpovy v\u00fdhru\u017eky v\u016fbec\u00a0\u00a0nereagoval, zato\u00a0\u00a0zintenzivnil vojensk\u00e9 aktivity s\u00a0c\u00edlem dos\u00e1hnout podle sv\u00fdch vlastn\u00edch slov do 60 dn\u016f administrativn\u00edch hranic \u010dty\u0159\u00a0\u00a0oblast\u00ed, kter\u00e9 sv\u00e9ho \u010dasu vyhl\u00e1sily nez\u00e1vislost na Ukrajin\u011b a byly rusk\u00fdm \u00fastavn\u00edm z\u00e1konem n\u00e1sledn\u011b privt\u011bleny k\u00a0\u00fazem\u00ed Rusk\u00e9 federace. Putin mimo jin\u00e9 odkazuje na zn\u00e1m\u00fd precedens s\u00a0odd\u011blen\u00edm Kosova od Srbska, co\u017e Z\u00e1pad n\u00e1sledn\u011b uznal.<\/p>\n<p style=\"font-weight: 400;\">Kdy\u017e Kosovo, tak pro\u010d ne \u010dty\u0159i ruskojazy\u010dn\u00e9 b\u00fdval\u00e9 oblasti Ukrajiny ? Logiku to m\u00e1.<\/p>\n<p style=\"font-weight: 400;\">Teatr\u00e1ln\u00ed prohl\u00e1\u0161en\u00ed z\u00a0ov\u00e1ln\u00e9 pracovny sice sv\u011btem zazn\u011bly, koment\u00e1to\u0159i si je zpracovali, ale \u017e\u00e1douc\u00ed reakce nep\u0159ich\u00e1zej\u00ed.<\/p>\n<p style=\"font-weight: 400;\">A samoz\u0159ejm\u011b, \u017ee Putin na n\u011b nereaguje.<\/p>\n<p style=\"font-weight: 400;\">Tak\u00e9 jin\u00fd prvek geni\u00e1ln\u00edch prohl\u00e1\u0161en\u00ed obou p\u00e1n\u016f, \u017ee Amerika vyrob\u00ed zbran\u011b, ale Evropa je bude platit nepadla na \u00farodnou p\u016fdu. Zat\u00edm odm\u00edtlo ji\u017e\u00a0\u00a0n\u011bkolik st\u00e1t\u016f, z\u00a0nich\u017e nejzn\u00e1m\u011bj\u0161\u00ed jsou Francie a It\u00e1lie, kupodivu odm\u00edtlo i \u010cesko (vliv z\u00e1\u0159ijov\u00fdch voleb je v\u00a0n\u011b\u010dem velmi u\u017eite\u010dn\u00fd) .<\/p>\n<p style=\"font-weight: 400;\">Za sebe neo\u010dek\u00e1v\u00e1m, \u017ee by se ony velmoce \u010c\u00edna, Indie \u010di Braz\u00edlie se podrobily v\u00fdzv\u00e1m jak\u00e9hosi Rutteho, kter\u00fd rozhodn\u011b nem\u00e1 pr\u00e1vo jim cokoliv vzkazovat.<\/p>\n<p style=\"font-weight: 400;\">\u010ci jinak \u0159e\u010deno: Vylu\u010duji to.<\/p>\n<p style=\"font-weight: 400;\">\u010c\u00ednsk\u00fd prezident Si \u0164in-pching ji\u017e vyj\u00e1d\u0159il kategorickou podporu Rusku v\u00a0t\u00e9to ot\u00e1zce i p\u0159i ned\u00e1vn\u00e9m setk\u00e1n\u00ed s\u00a0ministrem zahrani\u010dn\u00edch v\u011bc\u00ed Ruska Sergejem Lavrovem, kdy vyd\u00edr\u00e1n\u00ed cly ost\u0159e odm\u00edtl.<\/p>\n<p style=\"font-weight: 400;\">A ohledn\u011b prezidenta Luly si jist\u011b tak\u00e9 nemus\u00edme d\u011blat starosti, proto\u017ee ten se s\u00a0Trumpem vypo\u0159\u00e1dal je\u0161t\u011b jako p\u0159edsedaj\u00edc\u00ed summitu BRICSu, kde doporu\u010dil Trumpovi slu\u0161n\u00e9 chov\u00e1n\u00ed, proto\u017ee nen\u00ed \u0161erifem, kter\u00fd\u00a0\u00a0m\u016f\u017ee diktovat sv\u011btu \u00fakoly prost\u0159ednictv\u00edm sv\u00e9 Truth Social.<\/p>\n<p style=\"font-weight: 400;\">U indick\u00e9ho premi\u00e9ra M\u00f3d\u00edho trochu v\u00e1h\u00e1m. Ten se\u00a0\u00a0poctiv\u011b sna\u017eil ukon\u010dit konflikt na Ukrajin\u011b ji\u017e s\u00e1m. Ov\u0161em i zde jde o ot\u00e1zku sebe\u00facty.<\/p>\n<p style=\"font-weight: 400;\">Za svou osobu nechci \u017e\u00edt ve sv\u011bt\u011b, kde NATO bude diktovat, co m\u00e1 kdo d\u011blat, kdy\u017e samo bombardovalo brut\u00e1ln\u011b Jugosl\u00e1vii a \u00fa\u010dastnilo se d\u011bsiv\u00e9 v\u00e1lky v\u00a0Ir\u00e1ku spojen\u00e9 s\u00a0mu\u010d\u00edrnou zajatc\u016f v\u00a0Abu Grabi, \u010di tot\u00e1ln\u00edm fiaskem v\u00e1lky v\u00a0Afgh\u00e1nist\u00e1nu.<\/p>\n<p style=\"font-weight: 400;\">O\u010dek\u00e1v\u00e1m proto v\u00a0klidu, \u017ee ultim\u00e1tum 50 dn\u016f projde a Putin ani nehne prstem.<\/p>\n<p style=\"font-weight: 400;\">Je toti\u017e t\u0159eba odstranit p\u0159\u00ed\u010diny konfliktu, aby se znovu nevr\u00e1til, tak jak se vrac\u00ed v\u00a0posledn\u00edch 10 ti letech a potom m\u016f\u017ee skon\u010dil.<\/p>\n<p style=\"font-weight: 400;\">A p\u00e1n\u016fm Trumpovi a Ruttemu p\u0159eji blam\u00e1\u017e.<\/p>\n<p style=\"font-weight: 400;\">Byla by ozdravn\u00e1 pro vyv\u00e1\u017een\u00fd sv\u011bt.<\/p>\n<p><a href=\"https:\/\/vasevec.info\/komentare\/tece-trumpovi-ruttemu-do-bot-ceka-je-blamaz\">Ji\u0159\u00ed Vyvadil<\/a><\/p>\n<p><img decoding=\"async\" loading=\"lazy\" class=\"alignnone size-medium wp-image-16474\" src=\"http:\/\/www.infokuryr.cz\/n\/wp-content\/uploads\/2022\/10\/jiri-vyvadil-300x200.jpg\" alt=\"\" width=\"300\" height=\"200\" srcset=\"https:\/\/www.infokuryr.cz\/n\/wp-content\/uploads\/2022\/10\/jiri-vyvadil-300x200.jpg 300w, https:\/\/www.infokuryr.cz\/n\/wp-content\/uploads\/2022\/10\/jiri-vyvadil-768x512.jpg 768w, https:\/\/www.infokuryr.cz\/n\/wp-content\/uploads\/2022\/10\/jiri-vyvadil.jpg 800w\" sizes=\"(max-width: 300px) 100vw, 300px\" \/><\/p>\n<p>&nbsp;<\/p>\n","protected":false},"excerpt":{"rendered":"<p>Zavolejte Putinovi, jinak v\u00e1s cla budou bolet, vzk\u00e1zal Rutte \u010c\u00edn\u011b, Indii a Braz\u00edlii. \u010clov\u011bk krout\u00ed&#8230;<\/p>\n","protected":false},"author":2,"featured_media":82295,"comment_status":"closed","ping_status":"closed","sticky":false,"template":"","format":"standard","meta":[],"categories":[6],"tags":[1503,7473,452],"_links":{"self":[{"href":"https:\/\/www.infokuryr.cz\/n\/wp-json\/wp\/v2\/posts\/83818"}],"collection":[{"href":"https:\/\/www.infokuryr.cz\/n\/wp-json\/wp\/v2\/posts"}],"about":[{"href":"https:\/\/www.infokuryr.cz\/n\/wp-json\/wp\/v2\/types\/post"}],"author":[{"embeddable":true,"href":"https:\/\/www.infokuryr.cz\/n\/wp-json\/wp\/v2\/users\/2"}],"replies":[{"embeddable":true,"href":"https:\/\/www.infokuryr.cz\/n\/wp-json\/wp\/v2\/comments?post=83818"}],"version-history":[{"count":0,"href":"https:\/\/www.infokuryr.cz\/n\/wp-json\/wp\/v2\/posts\/83818\/revisions"}],"wp:featuredmedia":[{"embeddable":true,"href":"https:\/\/www.infokuryr.cz\/n\/wp-json\/wp\/v2\/media\/82295"}],"wp:attachment":[{"href":"https:\/\/www.infokuryr.cz\/n\/wp-json\/wp\/v2\/media?parent=83818"}],"wp:term":[{"taxonomy":"category","embeddable":true,"href":"https:\/\/www.infokuryr.cz\/n\/wp-json\/wp\/v2\/categories?post=83818"},{"taxonomy":"post_tag","embeddable":true,"href":"https:\/\/www.infokuryr.cz\/n\/wp-json\/wp\/v2\/tags?post=83818"}],"curies":[{"name":"wp","href":"https:\/\/api.w.org\/{rel}","templated":true}]}}