{"id":8380,"date":"2022-02-18T03:41:17","date_gmt":"2022-02-18T02:41:17","guid":{"rendered":"http:\/\/www.infokuryr.cz\/n\/?p=8380"},"modified":"2022-02-18T03:41:17","modified_gmt":"2022-02-18T02:41:17","slug":"sireni-falesnych-informaci-nepomuze-vyresit-ukrajinskou-otazku","status":"publish","type":"post","link":"https:\/\/www.infokuryr.cz\/n\/2022\/02\/18\/sireni-falesnych-informaci-nepomuze-vyresit-ukrajinskou-otazku\/","title":{"rendered":"\u0160\u00ed\u0159en\u00ed fale\u0161n\u00fdch informac\u00ed nepom\u016f\u017ee vy\u0159e\u0161it ukrajinskou ot\u00e1zku"},"content":{"rendered":"<div id=\"fb-root\"><\/div>\n<p>Mluv\u010d\u00ed \u010d\u00ednsk\u00e9ho ministerstva zahrani\u010dn\u00edch v\u011bc\u00ed (MZV) Wang Wenbin (Wang Wen-pin) 17. \u00fanora na pravideln\u00e9 tiskov\u00e9 konferenci reagoval na ukrajinskou ot\u00e1zku tak, \u017ee \u0161\u00ed\u0159en\u00ed fale\u0161n\u00fdch informac\u00ed a vytv\u00e1\u0159en\u00ed napjat\u00e9 atmosf\u00e9ry nepom\u016f\u017ee vy\u0159e\u0161it ukrajinskou ot\u00e1zku. Konfrontace a sankce vytvo\u0159\u00ed pouze p\u0159ek\u00e1\u017eky pro dialog a jedn\u00e1n\u00ed.<\/p>\n<p>Podle zpr\u00e1vy mluv\u010d\u00ed rusk\u00e9ho ministerstva zahrani\u010dn\u00edch v\u011bc\u00ed Maria Zacharovov\u00e1 ned\u00e1vno op\u011bt kritizovala slova, \u017ee tzv. \u201eRusko sp\u00e1ch\u00e1 agresi proti Ukrajin\u011b\u201c. Objevilo se mnoho takov\u00fdch fale\u0161n\u00fdch zpr\u00e1v. Spojen\u00e9 st\u00e1ty v\u0161ak ozn\u00e1mily, \u017ee st\u00e1le existuje riziko rusk\u00e9 \u201evojensk\u00e9 agrese\u201c proti Ukrajin\u011b.<\/p>\n<p>Wang Wenbin pouk\u00e1zal na to, \u017ee Spojen\u00e9 st\u00e1ty by m\u011bly p\u0159ikl\u00e1dat velk\u00fd v\u00fdznam a vy\u0159e\u0161it racion\u00e1ln\u00ed obavy Ruska v ot\u00e1zce zaji\u0161t\u011bn\u00ed bezpe\u010dnosti, hr\u00e1t konstruktivn\u00ed roli p\u0159i \u0159e\u0161en\u00ed ukrajinsk\u00e9 ot\u00e1zky politick\u00fdm zp\u016fsobem na z\u00e1klad\u011b Nov\u00e9 dohody z Minsku, ale nem\u011bly by \u0161\u00ed\u0159it krizi a stimulovat napjatou situaci. \u010c\u00edna podporuje ve\u0161ker\u00e9 \u00fasil\u00ed v duchu Nov\u00e9 dohody z Minsku.<\/p>\n<p><img decoding=\"async\" loading=\"lazy\" class=\"alignnone size-full wp-image-1185\" src=\"http:\/\/www.infokuryr.cz\/n\/wp-content\/uploads\/2021\/04\/kuryr-podpis.png\" alt=\"\" width=\"84\" height=\"24\" \/><\/p>\n<p>&nbsp;<\/p>\n","protected":false},"excerpt":{"rendered":"<p>Mluv\u010d\u00ed \u010d\u00ednsk\u00e9ho ministerstva zahrani\u010dn\u00edch v\u011bc\u00ed (MZV) Wang Wenbin (Wang Wen-pin) 17. \u00fanora na pravideln\u00e9 tiskov\u00e9&#8230;<\/p>\n","protected":false},"author":2,"featured_media":6049,"comment_status":"closed","ping_status":"closed","sticky":false,"template":"","format":"standard","meta":[],"categories":[7],"tags":[738,542,26],"_links":{"self":[{"href":"https:\/\/www.infokuryr.cz\/n\/wp-json\/wp\/v2\/posts\/8380"}],"collection":[{"href":"https:\/\/www.infokuryr.cz\/n\/wp-json\/wp\/v2\/posts"}],"about":[{"href":"https:\/\/www.infokuryr.cz\/n\/wp-json\/wp\/v2\/types\/post"}],"author":[{"embeddable":true,"href":"https:\/\/www.infokuryr.cz\/n\/wp-json\/wp\/v2\/users\/2"}],"replies":[{"embeddable":true,"href":"https:\/\/www.infokuryr.cz\/n\/wp-json\/wp\/v2\/comments?post=8380"}],"version-history":[{"count":0,"href":"https:\/\/www.infokuryr.cz\/n\/wp-json\/wp\/v2\/posts\/8380\/revisions"}],"wp:featuredmedia":[{"embeddable":true,"href":"https:\/\/www.infokuryr.cz\/n\/wp-json\/wp\/v2\/media\/6049"}],"wp:attachment":[{"href":"https:\/\/www.infokuryr.cz\/n\/wp-json\/wp\/v2\/media?parent=8380"}],"wp:term":[{"taxonomy":"category","embeddable":true,"href":"https:\/\/www.infokuryr.cz\/n\/wp-json\/wp\/v2\/categories?post=8380"},{"taxonomy":"post_tag","embeddable":true,"href":"https:\/\/www.infokuryr.cz\/n\/wp-json\/wp\/v2\/tags?post=8380"}],"curies":[{"name":"wp","href":"https:\/\/api.w.org\/{rel}","templated":true}]}}