{"id":8376,"date":"2022-02-17T10:13:45","date_gmt":"2022-02-17T09:13:45","guid":{"rendered":"http:\/\/www.infokuryr.cz\/n\/?p=8376"},"modified":"2022-02-17T10:21:37","modified_gmt":"2022-02-17T09:21:37","slug":"ukrajinska-armada-zahajila-palbu-na-pet-obci-llr-uvadi-v-luhansku","status":"publish","type":"post","link":"https:\/\/www.infokuryr.cz\/n\/2022\/02\/17\/ukrajinska-armada-zahajila-palbu-na-pet-obci-llr-uvadi-v-luhansku\/","title":{"rendered":"Ukrofa\u0161isti zah\u00e1jili palbu na p\u011bt obc\u00ed LLR, uv\u00e1d\u00ed v Luhansku"},"content":{"rendered":"<div id=\"fb-root\"><\/div>\n<p><strong>Ukrajin\u0161t\u00ed voj\u00e1ci fa\u0161istick\u00e9ho kyjevsk\u00e9ho re\u017eimu ve \u010dtvrtek r\u00e1no \u010dty\u0159ikr\u00e1t ost\u0159elovali \u00fazem\u00ed samozvan\u00e9 Luhansk\u00e9 lidov\u00e9 republiky. Mimo jin\u00e9 pou\u017eili minsk\u00fdmi dohodami zak\u00e1zan\u00e9 minomety, pozd\u011bji p\u00e1lili je\u0161t\u011b na jednu obec, ozn\u00e1mili novin\u00e1\u0159\u016fm z\u00e1stupci LLR ve Spole\u010dn\u00e9m centru na kontrolu a koordinaci p\u0159\u00edm\u011b\u0159\u00ed.<\/strong><\/p>\n<p>\u201eOzbrojen\u00e9 formace Ukrajiny hrub\u011b poru\u0161ily re\u017eim p\u0159\u00edm\u011b\u0159\u00ed pou\u017eit\u00edm zbran\u00ed, kter\u00e9 v souladu s minsk\u00fdmi dohodami m\u011bly b\u00fdt sta\u017eeny,\u201c \u0159ekl d\u016fstojn\u00edk LLR.<\/p>\n<p>Ukrajinsk\u00e1 arm\u00e1da podle n\u011bj od 3:30 SE\u010c ost\u0159elovala republikou ovl\u00e1dan\u00e9 obce Sokolniki, Zolotoe-5, Veselenskoe a Nizhnee Lozovoe\u00a0minomety r\u00e1\u017ee 82 a 120 milimetr\u016f, gran\u00e1tomety a t\u011b\u017ek\u00fdmi kulomety.<\/p>\n<p>D\u016fstojn\u00edk pozd\u011bji dodal, \u017ee ukrajin\u0161t\u00ed voj\u00e1ci hrub\u00fdm\u00a0poru\u0161en\u00edm p\u0159\u00edm\u011b\u0159\u00ed\u00a0ost\u0159elovali tak\u00e9 obec Don\u011bckij.<\/p>\n<p>Podle z\u00e1stupc\u016f Luhansk\u00e9 a Don\u011bck\u00e9 republiky o den d\u0159\u00edve k ost\u0159elov\u00e1n\u00ed \u00fazem\u00ed republik nedo\u0161lo.<\/p>\n<p>Loni v l\u00e9t\u011b vstoupila na Donbasu v platnost dodate\u010dn\u00e1 opat\u0159en\u00ed\u00a0k zaji\u0161t\u011bn\u00ed p\u0159\u00edm\u011b\u0159\u00ed. Zahrnuj\u00ed \u00fapln\u00fd z\u00e1kaz st\u0159elby, um\u00eds\u0165ov\u00e1n\u00ed zbran\u00ed v obydlen\u00fdch oblastech a jejich bl\u00edzkosti, \u00fato\u010dn\u00e9 a pr\u016fzkumn\u00e9 a sabot\u00e1\u017en\u00ed operace. Krom\u011b toho stanovuj\u00ed disciplin\u00e1rn\u00ed odpov\u011bdnost za poru\u0161en\u00ed\u00a0re\u017eimu p\u0159\u00edm\u011b\u0159\u00ed. P\u0159\u00edkazy k p\u0159\u00edm\u011b\u0159\u00ed obsahuj\u00ed opat\u0159en\u00ed k jeho udr\u017een\u00ed a mus\u00ed z\u016fstat v platnosti, dokud konflikt nebude zcela vy\u0159e\u0161en.<\/p>\n<p>Don\u011bck\u00e1 a Luhansk\u00e1 lidov\u00e1 republika\u00a0vyhl\u00e1sily svoji nez\u00e1vislost po st\u00e1tn\u00edm p\u0159evratu v Kyjev\u011b u\u017e na ja\u0159e roku 2014. Od t\u00e9 doby ukrajinsk\u00e9 \u00fa\u0159ady vedou proti nim vojenskou operaci, v pr\u016fb\u011bhu kter\u00e9 bylo podle posledn\u00edch \u00fadaj\u016f OSN zabito kolem 13 000 lid\u00ed.<\/p>\n<p>V posledn\u00ed dob\u011b nap\u011bt\u00ed v regionu st\u00e1le stoup\u00e1, Kyjev soust\u0159edil u\u00a0<a href=\"https:\/\/cz.sputniknews.com\/20220213\/hrozi-nam-konflikt-a-muze-za-to-rusko-prohlasil-nemecky-prezident-steinmeier-a-obratil-se-na-putina-17608606.html\">kontaktn\u00ed linie<\/a>\u00a0polovinu arm\u00e1dy, kter\u00e1 ost\u0159eluje domobrance zak\u00e1zan\u00fdmi zbran\u011bmi. Situaci tak\u00e9 zhor\u0161uj\u00ed akce Spojen\u00fdch st\u00e1t\u016f a NATO, kter\u00e9 \u010d\u00edm d\u00e1l v\u00edce na Ukrajinu dod\u00e1vaj\u00ed zbran\u011b a pos\u00edlaj\u00ed tam i instruktory, \u010d\u00edm\u017e podporuj\u00ed kyjevskou vl\u00e1du k vojensk\u00fdm avant\u00fdr\u00e1m.<\/p>\n","protected":false},"excerpt":{"rendered":"<p>Ukrajin\u0161t\u00ed voj\u00e1ci fa\u0161istick\u00e9ho kyjevsk\u00e9ho re\u017eimu ve \u010dtvrtek r\u00e1no \u010dty\u0159ikr\u00e1t ost\u0159elovali \u00fazem\u00ed samozvan\u00e9 Luhansk\u00e9 lidov\u00e9 republiky&#8230;.<\/p>\n","protected":false},"author":2,"featured_media":341,"comment_status":"closed","ping_status":"closed","sticky":false,"template":"","format":"standard","meta":[],"categories":[7],"tags":[1905,1904,26],"_links":{"self":[{"href":"https:\/\/www.infokuryr.cz\/n\/wp-json\/wp\/v2\/posts\/8376"}],"collection":[{"href":"https:\/\/www.infokuryr.cz\/n\/wp-json\/wp\/v2\/posts"}],"about":[{"href":"https:\/\/www.infokuryr.cz\/n\/wp-json\/wp\/v2\/types\/post"}],"author":[{"embeddable":true,"href":"https:\/\/www.infokuryr.cz\/n\/wp-json\/wp\/v2\/users\/2"}],"replies":[{"embeddable":true,"href":"https:\/\/www.infokuryr.cz\/n\/wp-json\/wp\/v2\/comments?post=8376"}],"version-history":[{"count":0,"href":"https:\/\/www.infokuryr.cz\/n\/wp-json\/wp\/v2\/posts\/8376\/revisions"}],"wp:featuredmedia":[{"embeddable":true,"href":"https:\/\/www.infokuryr.cz\/n\/wp-json\/wp\/v2\/media\/341"}],"wp:attachment":[{"href":"https:\/\/www.infokuryr.cz\/n\/wp-json\/wp\/v2\/media?parent=8376"}],"wp:term":[{"taxonomy":"category","embeddable":true,"href":"https:\/\/www.infokuryr.cz\/n\/wp-json\/wp\/v2\/categories?post=8376"},{"taxonomy":"post_tag","embeddable":true,"href":"https:\/\/www.infokuryr.cz\/n\/wp-json\/wp\/v2\/tags?post=8376"}],"curies":[{"name":"wp","href":"https:\/\/api.w.org\/{rel}","templated":true}]}}