{"id":83731,"date":"2025-07-17T06:22:17","date_gmt":"2025-07-17T04:22:17","guid":{"rendered":"https:\/\/www.infokuryr.cz\/n\/?p=83731"},"modified":"2025-07-17T06:22:17","modified_gmt":"2025-07-17T04:22:17","slug":"michael-svatos-putin-pritvrzuje-novy-ukrajinsky-pokus-zatahnout-polsko-do-valky-s-ruskem","status":"publish","type":"post","link":"https:\/\/www.infokuryr.cz\/n\/2025\/07\/17\/michael-svatos-putin-pritvrzuje-novy-ukrajinsky-pokus-zatahnout-polsko-do-valky-s-ruskem\/","title":{"rendered":"Michael Svato\u0161: Putin p\u0159itvrzuje! Nov\u00fd ukrajinsk\u00fd pokus zat\u00e1hnout Polsko do v\u00e1lky s Ruskem!"},"content":{"rendered":"<div id=\"fb-root\"><\/div>\n<h4>Putin p\u0159itvrzuje! Nov\u00fd ukrajinsk\u00fd pokus zat\u00e1hnout Polsko do v\u00e1lky s Ruskem! Kondratiukov\u00e1 ze Lvova v akci! \u010ce\u0161i a Slov\u00e1ci dostali z Bruselu p\u0159edepsan\u00e9 nov\u00e9 platby pro Ukrajinu! Anal\u00fdza.<\/h4>\n<h3>(1) Nejnov\u011bj\u0161\u00ed bruselsk\u00fd v\u00fdmysl proti \u010cech\u016fm a Slov\u00e1k\u016fm!<\/h3>\n<p>Brusel v\u010dera vydal n\u00e1vrh rozpo\u010dtu EU na l\u00e9ta 2028-35, a z n\u011bj plyne, \u017ee \u010ce\u0161i budou do Bruselu odv\u00e1d\u011bt ka\u017ed\u00fd rok nav\u00edc dal\u0161\u00edch 13.6 miliardy CZK, a Slov\u00e1ci si p\u0159iplat\u00ed 190 milion\u016f EUR ro\u010dn\u011b. (<a href=\"https:\/\/www.kyivpost.com\/post\/56439\">Konstrukce p\u0159\u00edplatku = +0.17% HDP, slo\u017een z +0.02% HDP zvl\u00e1\u0161tn\u00edho p\u0159\u00edplatku do bruselsk\u00e9 pokladny, a +0.15% HDP mimo\u0159\u00e1dn\u00e9ho p\u0159\u00edplatku na spl\u00e1cen\u00ed dluh\u016f, kter\u00e9 bruselsk\u00e1 komise nap\u00e1chala za pandemie COVID-19<\/a>.) Naopak Ukrajinci maj\u00ed v letech 2028-35 dostat darem z Bruselsk\u00e9 pokladny dal\u0161\u00edch 100 miliard EUR, tedy 357 miliard CZK ro\u010dn\u011b. \u010cesk\u00fd pod\u00edl na tomto daru Ukrajin\u011b tak bude podle zaveden\u00e9 kv\u00f3ty 2% \u010dinit 7.14 miliardy CZK. A tedy 52,5% v\u0161ech zv\u00fd\u0161en\u00fdch p\u0159\u00edm\u00fdch plateb \u010cR do EU v letech 2028-35 m\u00e1 sm\u011b\u0159ovat na Ukrajinu! (Pokud se zv\u00fd\u0161\u00ed \u010desk\u00e9 nebo slovensk\u00e9 HDP, v\u00fd\u0161e sumy vyplacen\u00e9 do Bruselu adekv\u00e1tn\u011b vzroste, sumy byly spo\u010d\u00edt\u00e1ny na z\u00e1klad\u011b HDP obou zem\u00ed v roce 2024.)<\/p>\n<p>Krom p\u0159\u00edm\u00fdch plateb do Bruselu, budou i nep\u0159\u00edm\u00e9 platby, zv\u00fd\u0161en\u00e1 cla, nov\u00e9 poplatky za CO2 spojen\u00e9 s bydlen\u00edm a vlastn\u011bn\u00edm nemovitost\u00ed, atd. Proti rozpo\u010dtu se ost\u0159e postavili Orb\u00e1n i Fico: \u201cUkrajina by z\u00edskala masivn\u00ed finan\u010dn\u00ed podporu, zat\u00edmco evrop\u0161t\u00ed zem\u011bd\u011blci by na tom prod\u011blali!\u201d. A ti z\u00edskali ne\u010dekan\u00e9ho spojence, n\u011bmeck\u00e9ho kancl\u00e9\u0159e Friedricha Merz: \u201cToto komplexn\u00ed nav\u00fd\u0161en\u00ed rozpo\u010dtu EU nen\u00ed p\u0159ijateln\u00e9 v dob\u011b, kdy v\u0161echny \u010dlensk\u00e9 st\u00e1ty vynakl\u00e1daj\u00ed zna\u010dn\u00e9 \u00fasil\u00ed na konsolidaci sv\u00fdch n\u00e1rodn\u00edch rozpo\u010dt\u016f!\u201d. V Polsku si kv\u016fli rozpo\u010dtu vjela vl\u00e1da do vlas\u016f s opozic\u00ed, a stejn\u011b jako ve Francii se o\u010dek\u00e1vaj\u00ed lidov\u00e9 bou\u0159e zem\u011bd\u011blc\u016f! Podpora zem\u011bd\u011blc\u016f byla zkr\u00e1ceno ze 387 miliard EUR na pouh\u00fdch 300 miliard EUR, tedy skoro o sumu jakou m\u00e1 dostat Ukrajina!<\/p>\n<p>Ursula nav\u00edc ozn\u00e1mila,\u00a0<a href=\"https:\/\/kyivindependent.com\/eu-proposes-100-billion-euros-ukraine-aid-fund-in-2028-2034-budget\/\">\u017ee platby Ukrajinc\u016fm se v p\u0159\u00ed\u0161t\u00edch letech zdvojn\u00e1sob\u00ed<\/a>!!<\/p>\n<h3>(2) Putin v\u010dera drony do z\u00e1klad\u016f vyp\u00e1lil n\u011bmecko-polsko-ukrajinskou tov\u00e1rnu na drony?! Nebo poslal Polsku jasn\u00fd vzkaz, co ho \u010dek\u00e1?!<\/h3>\n<div id=\"attachment_19073\" class=\"wp-caption aligncenter\" style=\"width: 868px;\"><img decoding=\"async\" loading=\"lazy\" class=\" wp-image-19073\" src=\"https:\/\/www.michalapetr.com\/wp-content\/uploads\/2025\/07\/photo_2025-07-17_00-19-12.jpg\" sizes=\"(max-width: 1280px) 100vw, 1280px\" srcset=\"https:\/\/www.michalapetr.com\/wp-content\/uploads\/2025\/07\/photo_2025-07-17_00-19-12.jpg 1280w, https:\/\/www.michalapetr.com\/wp-content\/uploads\/2025\/07\/photo_2025-07-17_00-19-12-300x202.jpg 300w, https:\/\/www.michalapetr.com\/wp-content\/uploads\/2025\/07\/photo_2025-07-17_00-19-12-1030x694.jpg 1030w, https:\/\/www.michalapetr.com\/wp-content\/uploads\/2025\/07\/photo_2025-07-17_00-19-12-768x517.jpg 768w, https:\/\/www.michalapetr.com\/wp-content\/uploads\/2025\/07\/photo_2025-07-17_00-19-12-705x475.jpg 705w, https:\/\/www.michalapetr.com\/wp-content\/uploads\/2025\/07\/photo_2025-07-17_00-19-12-450x303.jpg 450w\" alt=\"\" width=\"868\" height=\"584\" aria-describedby=\"caption-attachment-19073\" \/><\/p>\n<p id=\"caption-attachment-19073\" class=\"wp-caption-text\" style=\"text-align: justify;\">Rusk\u00e9 drony v\u010dera vyp\u00e1lily jednu z nejv\u011bt\u0161\u00edch evropsk\u00fdch tov\u00e1ren na d\u0159ev\u011bn\u00e9 podlahy, polskou tov\u00e1rnu Barlinek v z\u00e1padoukrajinsk\u00e9m m\u011bst\u011b\u00a0<a href=\"https:\/\/cs.wikipedia.org\/wiki\/Vinnycja\">Vinnica<\/a>. Tov\u00e1rna to nebyla ledajak\u00e1,\u00a0<a href=\"https:\/\/barlinek-profi.com.ua\/uk\/blog\/novini\/prem-yer-volodimir-grojsman-na-zavodi-barlinek-invest-u-vinnici?srsltid=AfmBOopxd3OXKx_wzkPIK0KMZhwGWOryxofvYeUXnmAnGee7fuCWEwAh\">v roce 2018 ji nav\u0161t\u00edvil osobn\u011b i tehdej\u0161\u00ed ukrajinsk\u00fd premi\u00e9r Volodymyr Hrojsman<\/a>, a dmul se p\u00fdchou nad tou novou z\u00e1padn\u00ed investic\u00ed do ukrajinsk\u00e9 budoucnosti. A tov\u00e1rna se je\u0161t\u011b ned\u00e1vno chlubila, \u017ee\u00a0<a href=\"https:\/\/www.bankier.pl\/wiadomosc\/Rosyjskie-drony-uderzyly-w-fabryke-Grupy-Barlinek-w-Winnicy-aktl-8979766.html\">sv\u00fdmi v\u00fdrobky z\u00e1sobuje 75 zem\u00ed sv\u011bta<\/a>. Te\u010f se z n\u00ed stalo jedno velk\u00e9 sp\u00e1leni\u0161t\u011b. 5 rusk\u00fdch dron\u016f Geranium za \u00fahrnnou cenu pouh\u00fdch 2.5 milionu CZK, tak v\u010dera \u00fasp\u011b\u0161n\u011b do z\u00e1klad\u016f vyp\u00e1lilo tov\u00e1rnu za miliardy, a stovky Ukrajinc\u016f p\u0159i\u0161ly o pr\u00e1ci. Pro\u010d v\u0161ak asi Rus\u016fm tov\u00e1rna le\u017eela tak moc v \u017ealudku, \u017ee ji hned celou vyp\u00e1lili, m\u016f\u017ee b\u00fdt je\u0161t\u011b mnohem zaj\u00edmav\u011bj\u0161\u00ed. (Velk\u00e9 video ze z\u00e1sahu hasi\u010d\u016f v tov\u00e1rn\u011b,\u00a0<a class=\"mfp-iframe lightbox-added\" href=\"https:\/\/www.youtube.com\/watch?v=9ZglG5ygHlw\">najdete na YouTube zde<\/a>, a m\u016f\u017eete si tak ud\u011blat p\u0159edstavu, jak byl po\u017e\u00e1r obrovsk\u00fd.)<\/p>\n<\/div>\n<p>Vyp\u00e1len\u00e1 polsk\u00e1 tov\u00e1rna Barlinek vyr\u00e1b\u011bla hlavn\u011b d\u0159ev\u011bn\u00e9 podlahy o tlou\u0161\u0165ce 14mm, a \u0161t\u011bpku.\u00a0 A to je velmi zaj\u00edmav\u00e9, proto\u017ee letos v kv\u011btnu se m\u00e9dia chlubila,\u00a0<a href=\"https:\/\/defense.info\/multi-domain-dynamics\/2025\/05\/from-plywood-to-precision-how-german-drones-are-changing-ukraines-battlefield-strategy\/\">\u017ee n\u011bmeck\u00e9 zabij\u00e1ck\u00e9 drony Helsing<\/a>, kter\u00e9 se Zelenskyj chyst\u00e1 d\u00edky v\u00fdrobn\u00ed lince, pr\u00fd ukryt\u00e9 kdesi v Bavorsku, po 6000 tis\u00edc\u00edch kusech m\u011bs\u00ed\u010dn\u011b vypou\u0161t\u011bt na Rusy, aby jich co nejv\u00edc sprovodil ze sv\u011bta,\u00a0<a href=\"https:\/\/defense.info\/multi-domain-dynamics\/2025\/05\/from-plywood-to-precision-how-german-drones-are-changing-ukraines-battlefield-strategy\/\">se vyr\u00e1b\u011bj\u00ed z p\u0159ekli\u017eky, a ze \u0161t\u011bpky<\/a>! Proto\u017ee d\u0159ev\u011bn\u00e1 podlaha je v podstat\u011b velmi kvalitn\u011b vyle\u0161t\u011bn\u00e1 trvanliv\u00e1 p\u0159ekli\u017eka o tlou\u0161\u0165ce 14mm, p\u0159edstavuje tak z\u0159ejm\u011b ide\u00e1ln\u00ed produkt pro t\u011blo i k\u0159\u00eddla dronu Helsing, nebo podobn\u00fdch dron\u016f, proto\u017ee nebude p\u0159i letu kl\u00e1st sv\u00fdm le\u0161t\u011bn\u00fdm povrchem velk\u00fd odpor vzduchu. D\u016fvod vyp\u00e1lit tov\u00e1rnu Barlinek, tak mohl b\u00fdt, zpomalit a prodra\u017eit v\u00fdrobu z\u00e1padn\u00edch zabij\u00e1ck\u00fdch dron\u016f pro Ukrajinu, proto\u017ee stejn\u011b levn\u00e9 n\u00e1hradn\u00ed materi\u00e1ly se budou ur\u010dit\u011b sh\u00e1n\u011bt h\u016f\u0159e. Nav\u00edc vyp\u00e1lena byla relativn\u011b nov\u00e1 polsk\u00e1 tov\u00e1rna na Ukrajin\u011b, a jak tvrd\u00ed rusk\u00e9 zdroje,\u00a0<a href=\"https:\/\/t.me\/swodki\/506717\">ka\u017ed\u00e1 zem\u011b NATO si m\u00e1 uv\u011bdomit, \u017ee ve\u0161ker\u00e9 investice ze zem\u00ed NATO na Ukrajin\u011b budou p\u0159edstavovat leg\u00e1ln\u00ed rusk\u00fd v\u00e1le\u010dn\u00fd c\u00edl<\/a>. Proto\u017ee polsk\u00fd ministr zahrani\u010d\u00ed\u00a0<a href=\"https:\/\/x.com\/sikorskiradek\/status\/1945398860651630601\">Rados\u0142aw Sikorski v\u010dera vyhl\u00e1sil<\/a>, \u017ee \u00fatok na tov\u00e1rnu byl \u00famysln\u011b proveden n\u00e1letem ze t\u0159\u00ed sm\u011br\u016f, a tvrdil, \u017ee Putinova zlo\u010dineck\u00e1 v\u00e1lka se tak p\u0159ibl\u00ed\u017eila k polsk\u00fdm hranic\u00edm. A proto\u017ee tov\u00e1rna pat\u0159\u00ed jednomu z nejbohat\u0161\u00edch Pol\u00e1k\u016f\u00a0<span class=\"mw-page-title-main\"><a href=\"https:\/\/pl.wikipedia.org\/wiki\/Micha%C5%82_So%C5%82owow\">Micha\u0142u So\u0142owow<\/a>. A ten do n\u00ed jen do roku 2016\u00a0<a href=\"https:\/\/www.myvin.com.ua\/ua\/news\/econom\/46072.html\">investoval 75 milion\u016f USD, a zam\u011bstnal tak 761 Ukrajinc\u016f<\/a>.\u00a0Mo\u017en\u00e1 \u0161lo o c\u00edl ekonomicko-politick\u00fd, tedy o v\u00fdhru\u017eku z\u00e1padn\u00edm investor\u016fm, \u017ee o sv\u00e9 investice na Ukrajin\u011b mohou p\u0159ij\u00edt b\u011bhem chvilky.<\/span><\/p>\n<p><span class=\"mw-page-title-main\"><a href=\"https:\/\/en.wikipedia.org\/wiki\/Olena_Kondratiuk\">Olena Kondratiuk<\/a><\/span><span class=\"mw-page-title-main\">, m\u00edstop\u0159edsedkyn\u011b parlamentu Ukrajiny, ihned po \u00fatoku na tov\u00e1rnu Barlinek obvinila Pol\u00e1ky, \u017ee nesta\u010d\u00ed, aby pos\u00edlali p\u0159i rusk\u00fdch n\u00e1letech na Ukrajinu sv\u00e9 st\u00edha\u010dky jen do vzduchu nad Polskem,\u00a0<a href=\"https:\/\/www.facebook.com\/kondratiukolena\/posts\/pfbid02BCRVLnmsn9R7AafFWr6qDgy5W6SFaXoqVMBu8azL1y3zPmaZRcEN2DR74rF7XYttl?locale=uk_UA\">n\u00fdbr\u017e mus\u00ed okam\u017eit\u011b za\u010d\u00edt ihned pos\u00edlat sv\u00e9 st\u00edha\u010dky chr\u00e1nit p\u0159\u00edmo Ukrajinu<\/a>, hlavn\u011b tu Z\u00e1padn\u00ed, (Kondratiukov\u00e1 je ze Lvova, \u017ee), jinak Putin vyp\u00e1l\u00ed v\u0161echny polsk\u00e9 investice na Ukrajin\u011b.<\/span><\/p>\n<p><span class=\"mw-page-title-main\">Pol\u00e1k\u016fm v\u0161ak byly v\u010dera, jak vyp\u00e1len\u00ed tov\u00e1rny Barlinek, tak i v\u00fdzvy Kondratiukov\u00e9 k jejich p\u0159\u00edm\u00e9 \u00fa\u010dasti na v\u00e1lce s Ruskem, pln\u011b ukraden\u00e9. Hned po povinn\u00fdch rann\u00edch obecn\u00fdch medi\u00e1ln\u00edch v\u00fdlevech proti \u201cv\u00e1le\u010dn\u00e9mu krimin\u00e1ln\u00edku\u201d Putinovi, se toti\u017e okam\u017eit\u011b krvav\u011b pustili sami do sebe navz\u00e1jem. Vl\u00e1dn\u00ed Pol\u00e1ci nad\u0161en\u011b vyk\u0159ikovali, \u017ee jejich polsk\u00fd evropsk\u00fd komisa\u0159 pro unijn\u00ed rozpo\u010det\u00a0<a href=\"https:\/\/en.wikipedia.org\/wiki\/Piotr_Serafin\">Piotr Serafin<\/a>\u00a0za\u0159\u00eddil Pol\u00e1k\u016fm\u00a0<a href=\"https:\/\/x.com\/adamSzlapka\/status\/1945510088761843896\">v p\u0159\u00ed\u0161t\u00edch 7 letech nikdy nev\u00eddan\u00e9 miliardov\u00e9 sumy, a \u017ee Polsko tak ze v\u0161ech zem\u00ed EU vyd\u011bl\u00e1 na p\u0159\u00ed\u0161t\u00edm 7 let\u00e9m rozpo\u010dtu Unie bezkonkuren\u010dn\u011b nejvy\u0161\u0161\u00ed \u010d\u00e1stky<\/a>. A opozi\u010dn\u00ed Pol\u00e1ci hystericky pok\u0159ikovali,\u00a0<a href=\"https:\/\/wpolityce.pl\/swiat\/735224-ke-wiaze-nowy-budzet-ue-z-nieokreslona-praworzadnoscia\">\u017ee do\u0161lo k nejv\u011bt\u0161\u00ed zrad\u011b a o\u017eebra\u010den\u00ed v\u0161ech Pol\u00e1k\u016f, proto\u017ee dostanou z EU mnohem m\u00e9n\u011b ne\u017e v minulosti, a je\u0161t\u011b za to budou do Bruselu platit poplatky CO2, a ty v\u0161echny o\u017eebra\u010d\u00ed<\/a><\/span><span class=\"mw-page-title-main\">! <\/span><\/p>\n<p><span class=\"mw-page-title-main\">A aby toho nebylo m\u00e1lo, nyn\u00ed v\u016fdce opozice, p\u0159edchoz\u00ed premi\u00e9r Polska Morawiecki,\u00a0<a href=\"https:\/\/x.com\/TomaszSiemoniak\/status\/1945518635013054595\">napadl sou\u010dasnou vl\u00e1du, \u017ee boj\u00e1cn\u011b toleruje, \u017ee vojska NATO si po u\u017e Polsku jezd\u00ed sem a tam, jak se jim zachce<\/a>, a schytal to zp\u00e1tky,\u00a0<a href=\"https:\/\/x.com\/TomaszSiemoniak\/status\/1945518635013054595\">\u017ee podminov\u00e1v\u00e1 \u010dlenstv\u00ed Polska v NATO, a komu tedy vlastn\u011b slou\u017e\u00ed<\/a>. A Putin tak mus\u00ed b\u00fdt z toho nyn\u011bj\u0161\u00edho inter-polsk\u00e9 povyku \u0161t\u011bst\u00edm u\u017e cel\u00fd bez sebe. Proto\u017ee v\u0161em rychle za\u010d\u00edn\u00e1 doch\u00e1zet, \u017ee nejnov\u011bj\u0161\u00ed rozpo\u010det EU je tak b\u00edd\u00e1cky zpotvo\u0159en, \u017ee roze\u0161tve v\u0161echny Evropany mezi sebou navz\u00e1jem. V rozpo\u010dtu EU jsou u\u017e zahrnuty, jak d\u011bsiv\u00e9 poplatky CO2 z budov, kter\u00e9 prodra\u017e\u00ed vlastnictv\u00ed v\u011bt\u0161iny nemovitost\u00ed a\u017e na dosud nemysliteln\u011b nek\u0159es\u0165anskou \u00farove\u0148. Ale hlavn\u011b,\u00a0<a href=\"https:\/\/wpolityce.pl\/swiat\/735224-ke-wiaze-nowy-budzet-ue-z-nieokreslona-praworzadnoscia\">je v n\u011bm vpleten bi\u010d na v\u0161echny V\u00fdchodoevropany<\/a>. Neb ten, kdo nebude Bruselem uzn\u00e1n za st\u00e1t d\u016fsledn\u011b dodr\u017euj\u00edc\u00ed bruselsk\u00e9 v\u00fdmysly o tzv. \u201cpr\u00e1vn\u00edm st\u00e1t\u011b\u201d, ten nedostane ani vindru dotac\u00ed, a je\u0161t\u011b bude do Bruselu platit likvida\u010dn\u00ed pokuty. Suverenita jednotliv\u00fdch zem\u00ed EU se tak rozplyne, lid se na\u0161tve, a nastanou velmi bou\u0159liv\u00e9 \u010dasy.\u00a0<\/span><\/p>\n<p><a href=\"https:\/\/www.michalapetr.com\/map-2359-putin-pritvrzuje-novy-ukrajinsky-pokus-zatahnout-polsko-do-valky-s-ruskem-kondratiukova-ze-lvova-v-akci-cesi-a-slovaci-dostali-z-bruselu-predepsane-nove-platby-pro-ukrajinu-analyza\/\">Michael Svato\u0161<\/a><\/p>\n<p><img decoding=\"async\" loading=\"lazy\" class=\"alignnone size-full wp-image-27204\" src=\"http:\/\/www.infokuryr.cz\/n\/wp-content\/uploads\/2023\/05\/Michael_Svatos.png\" alt=\"\" width=\"180\" height=\"180\" srcset=\"https:\/\/www.infokuryr.cz\/n\/wp-content\/uploads\/2023\/05\/Michael_Svatos.png 180w, https:\/\/www.infokuryr.cz\/n\/wp-content\/uploads\/2023\/05\/Michael_Svatos-150x150.png 150w\" sizes=\"(max-width: 180px) 100vw, 180px\" \/><\/p>\n<p>&nbsp;<\/p>\n","protected":false},"excerpt":{"rendered":"<p>Putin p\u0159itvrzuje! Nov\u00fd ukrajinsk\u00fd pokus zat\u00e1hnout Polsko do v\u00e1lky s Ruskem! Kondratiukov\u00e1 ze Lvova v&#8230;<\/p>\n","protected":false},"author":2,"featured_media":60956,"comment_status":"closed","ping_status":"closed","sticky":false,"template":"","format":"standard","meta":[],"categories":[6],"tags":[1042,640,45,31,22,26],"_links":{"self":[{"href":"https:\/\/www.infokuryr.cz\/n\/wp-json\/wp\/v2\/posts\/83731"}],"collection":[{"href":"https:\/\/www.infokuryr.cz\/n\/wp-json\/wp\/v2\/posts"}],"about":[{"href":"https:\/\/www.infokuryr.cz\/n\/wp-json\/wp\/v2\/types\/post"}],"author":[{"embeddable":true,"href":"https:\/\/www.infokuryr.cz\/n\/wp-json\/wp\/v2\/users\/2"}],"replies":[{"embeddable":true,"href":"https:\/\/www.infokuryr.cz\/n\/wp-json\/wp\/v2\/comments?post=83731"}],"version-history":[{"count":0,"href":"https:\/\/www.infokuryr.cz\/n\/wp-json\/wp\/v2\/posts\/83731\/revisions"}],"wp:featuredmedia":[{"embeddable":true,"href":"https:\/\/www.infokuryr.cz\/n\/wp-json\/wp\/v2\/media\/60956"}],"wp:attachment":[{"href":"https:\/\/www.infokuryr.cz\/n\/wp-json\/wp\/v2\/media?parent=83731"}],"wp:term":[{"taxonomy":"category","embeddable":true,"href":"https:\/\/www.infokuryr.cz\/n\/wp-json\/wp\/v2\/categories?post=83731"},{"taxonomy":"post_tag","embeddable":true,"href":"https:\/\/www.infokuryr.cz\/n\/wp-json\/wp\/v2\/tags?post=83731"}],"curies":[{"name":"wp","href":"https:\/\/api.w.org\/{rel}","templated":true}]}}