{"id":8371,"date":"2022-02-17T05:06:55","date_gmt":"2022-02-17T04:06:55","guid":{"rendered":"http:\/\/www.infokuryr.cz\/n\/?p=8371"},"modified":"2022-02-17T05:17:32","modified_gmt":"2022-02-17T04:17:32","slug":"rakousko-zrusi-5-brezna-temer-vsechna-opatreni-proti-covid-19-a-to-vcetne-povinneho-ockovani","status":"publish","type":"post","link":"https:\/\/www.infokuryr.cz\/n\/2022\/02\/17\/rakousko-zrusi-5-brezna-temer-vsechna-opatreni-proti-covid-19-a-to-vcetne-povinneho-ockovani\/","title":{"rendered":"Rakousko zru\u0161\u00ed 5. b\u0159ezna t\u00e9m\u011b\u0159 v\u0161echna opat\u0159en\u00ed proti Covid-19, a to v\u010detn\u011b povinn\u00e9ho o\u010dkov\u00e1n\u00ed!"},"content":{"rendered":"<div id=\"fb-root\"><\/div>\n<h4>Rakousko zru\u0161\u00ed 5. b\u0159ezna t\u00e9m\u011b\u0159 v\u0161echna opat\u0159en\u00ed proti Covid-19, a to v\u010detn\u011b povinn\u00e9ho o\u010dkov\u00e1n\u00ed! V\u00fdjimkou bude V\u00edde\u0148, kter\u00e1 si opat\u0159en\u00ed ponech\u00e1! V\u011bt\u0161inu opat\u0159en\u00ed ke konci b\u0159ezna zru\u0161\u00ed i Slovensko, tak\u017ee za\u010d\u00edn\u00e1 obdob\u00ed jarn\u00edho povolov\u00e1n\u00ed \u0161roub\u016f p\u0159esn\u011b tak, jak se o\u010dek\u00e1valo! Farmaceutick\u00e9 spole\u010dnosti vydaly toti\u017e ozn\u00e1men\u00ed, \u017ee vakc\u00edny proti nov\u00fdm mutac\u00edm a kmen\u016fm budou v dostate\u010dn\u00fdch po\u010dtech a\u017e koncem l\u00e9ta! A ty sou\u010dasn\u00e9 u\u017e prost\u011b nefunguj\u00ed, tak\u017ee politici dostali povel k p\u0159est\u00e1vce v teroru a k pozastaven\u00ed povinn\u00fdch vax\u016f! Pro\u010d m\u00e1 Praha a V\u00edde\u0148 tak bl\u00edzko k Izraeli a k ochran\u011b Jeruzal\u00e9ma?<\/h4>\n<p>Podle americk\u00e9 vl\u00e1dy a rovn\u011b\u017e podle evropsk\u00fdch liber\u00e1ln\u00edch m\u00e9di\u00ed m\u011bla dnes ve st\u0159edu 16. \u00fanora 2022 za\u010d\u00edt rusk\u00e1 invaze na Ukrajinu. Jak se dalo \u010dekat, neza\u010dalo nic, ale m\u00edsto toho za\u010dalo n\u011bco \u00fapln\u011b jin\u00e9ho. P\u0159esn\u011b dnes dv\u011b evropsk\u00e9 zem\u011b zni\u010dehonic ozn\u00e1mily, \u017ee po\u010d\u00e1tkem a resp. koncem b\u0159ezna zru\u0161\u00ed s v\u00fdjimkou rou\u0161ek v n\u011bkter\u00fdch provozech ve\u0161ker\u00e1 opat\u0159en\u00ed proti Covid-19, a to v\u010detn\u011b povinn\u00e9ho o\u010dkov\u00e1n\u00ed.<\/p>\n<p><strong>Rakousk\u00e1 vl\u00e1da jednala celou noc [<a href=\"https:\/\/href.li\/?https:\/\/www.heute.at\/s\/knaller-am-53-aus-fuer-impfpflicht-alle-g-regeln-weg-100190509\" target=\"_blank\" rel=\"nofollow noopener\">1<\/a>], nikoliv ale o vypuknut\u00ed v\u00e1lky na Ukrajin\u011b, ale o zru\u0161en\u00ed opat\u0159en\u00ed ve v\u0161ech rakousk\u00fdch spolkov\u00fdch zem\u00edch, a to ke dni 5. b\u0159ezna 2022.<\/strong>\u00a0Nakonec se v\u0161ichni dohodli a dopoledne ozn\u00e1mili, \u017ee v Rakousku se k tomuto dni zru\u0161\u00ed nejen v\u0161echna opat\u0159en\u00ed, ale zejm\u00e9na i povinn\u00e9 o\u010dkov\u00e1n\u00ed. Jedinou v\u00fdjimkou je statut\u00e1rn\u00ed m\u011bsto V\u00edde\u0148, kter\u00e9 jako jedin\u00e9 odm\u00edtlo opat\u0159en\u00ed zru\u0161it, tak\u017ee ve V\u00eddni i po 5. b\u0159eznu budou opat\u0159en\u00ed platit.<\/p>\n<figure id=\"attachment_50422\" class=\"wp-caption aligncenter\" style=\"width: 641px;\"><a href=\"https:\/\/aeronet.cz\/news\/wp-content\/uploads\/Austria-vaccine-certificate.jpg\"><img decoding=\"async\" loading=\"lazy\" class=\"wp-image-50422 \" src=\"https:\/\/aeronet.cz\/news\/wp-content\/uploads\/Austria-vaccine-certificate-1024x576.jpg\" sizes=\"(max-width: 700px) 100vw, 700px\" srcset=\"https:\/\/aeronet.cz\/news\/wp-content\/uploads\/Austria-vaccine-certificate-1024x576.jpg 1024w, https:\/\/aeronet.cz\/news\/wp-content\/uploads\/Austria-vaccine-certificate-300x169.jpg 300w, https:\/\/aeronet.cz\/news\/wp-content\/uploads\/Austria-vaccine-certificate-768x432.jpg 768w, https:\/\/aeronet.cz\/news\/wp-content\/uploads\/Austria-vaccine-certificate-700x394.jpg 700w, https:\/\/aeronet.cz\/news\/wp-content\/uploads\/Austria-vaccine-certificate-635x357.jpg 635w, https:\/\/aeronet.cz\/news\/wp-content\/uploads\/Austria-vaccine-certificate-859x483.jpg 859w, https:\/\/aeronet.cz\/news\/wp-content\/uploads\/Austria-vaccine-certificate.jpg 1200w\" alt=\"\" width=\"641\" height=\"361\" \/><\/a><figcaption class=\"wp-caption-text\">Rakousk\u00e9 o\u010dkovac\u00ed pr\u016fkazy<\/figcaption><\/figure>\n<p>A p\u0159esn\u011b to sam\u00e9 dnes ozn\u00e1mila i slovensk\u00e1 vl\u00e1da, \u017ee\u00a0<strong>koncem b\u0159ezna skon\u010d\u00ed na Slovensku v\u0161echna opat\u0159en\u00ed, s v\u00fdjimkou no\u0161en\u00ed rou\u0161ek v n\u011bkter\u00fdch provozech, ale jinak se v\u0161e m\u00e1 vr\u00e1tit do norm\u00e1lu [<a href=\"https:\/\/href.li\/?https:\/\/www.novinky.cz\/zahranicni\/evropa\/clanek\/slovensko-rusi-protipandemicka-opatreni-40387340\" target=\"_blank\" rel=\"nofollow noopener\">2<\/a>].<\/strong>\u00a0P\u0159itom u\u017e od 28. \u00fanora m\u00e1 doj\u00edt ke zru\u0161en\u00ed apartheidu v nepotravinov\u00fdch obchodech, kdy si budou moci nakoupit v\u0161ichni bez covidov\u00e9ho pasu, bude vy\u017eadov\u00e1n jenom respir\u00e1tor. Nam\u00edsto vypuknut\u00ed v\u00e1lky na Ukrajin\u011b tak dnes dv\u011b zem\u011b ve St\u0159edn\u00ed Evrop\u011b ozn\u00e1mily konec opat\u0159en\u00ed. Povel p\u0159i\u0161el samoz\u0159ejm\u011b od Pfizeru, kter\u00fd vyhodnocuje posledn\u00ed data z nemocnic a Pfizer za\u010dal m\u00edt strach.<\/p>\n<p>V t\u00e9to chv\u00edli u\u017e skoro 2 roky star\u00e9 formule a slo\u017een\u00ed vakc\u00edn proti nov\u00fdm kmen\u016fm a mutac\u00edm v\u00e1\u017en\u011b nefunguj\u00ed. A nejen, \u017ee nefunguj\u00ed, lid\u00e9 nao\u010dkovan\u00ed 3. a dokonce 4. d\u00e1vkou kon\u010d\u00ed na JIP, p\u0159i\u010dem\u017e o\u010dkovan\u00fdch na JIP le\u017e\u00ed v pr\u016fm\u011bru v\u00edce jak 80% a toto \u010d\u00edslo postupn\u011b roste. Hrozila by tak ztr\u00e1ta d\u016fv\u011bry o\u010dkovanc\u016f ve vakc\u00edny. A proto Pfizer zatroubil k vyhl\u00e1\u0161en\u00ed uvoln\u011bn\u00ed a p\u0159eru\u0161en\u00ed povinn\u00fdch vax\u016f a opat\u0159en\u00ed. Nov\u00e9 vakc\u00edny budou a\u017e koncem l\u00e9ta. Mus\u00edme si ale vysv\u011btlit, pro\u010d se m\u011bla V\u00edde\u0148 a cel\u00e9 Rakousko st\u00e1t centrem a laborato\u0159\u00ed povinn\u00e9ho vaxu. A co m\u00e1 V\u00edde\u0148 spole\u010dn\u00e9ho s Prahou?<\/p>\n<h6><span style=\"font-size: 14pt;\">Zem\u011b chazarsk\u00e1, domov m\u016fj? Odkud se vzalo \u010desk\u00e9 a pra\u017esk\u00e9 propojen\u00ed na Izrael?<\/span><\/h6>\n<p>V\u00edde\u0148 m\u00e1 v Rakousku stejnou cizorodou povahu jako Praha ve vztahu ke zbytku \u010cesk\u00e9 republiky. \u010cechy a Morava nejsou prostorem zalo\u017een\u00fdm, jinak v Jir\u00e1skov\u00fdch d\u00edlech kouzeln\u011b vykreslen\u00fdm, praotcem \u010cechem, ale \u017eidovsk\u00fdm obchodn\u00edkem jm\u00e9nem\u00a0<em>Samuel Ben-Chaeth<\/em>. Upozor\u0148uji, \u017ee jde o fonetick\u00fd p\u0159epis z hebrej\u0161tiny do latinky. V talmudick\u00fdch textech, kter\u00e9 se mi u\u017e p\u0159ed \u010dasem dostaly do ruky, je \u010desk\u00e1 zem\u011b ozna\u010dov\u00e1na za\u00a0<em>proto-n\u00e1rod Izraele<\/em>, tedy p\u0159edch\u016fdkyni zem\u011b Izraele.<strong>\u00a0V g\u00f3jsk\u00e9 literatu\u0159e je\u00a0<em>Samuel Ben-Chaeth<\/em>\u00a0ozna\u010dov\u00e1n jen a pouze zkr\u00e1cen\u011b jako\u00a0<em>Samo<\/em>, co\u017e je hebrejsk\u00e1 hovorov\u00e1 obdoba \u010desk\u00e9 odvozeniny Honza od jm\u00e9na Jan.<\/strong>\u00a0Jeho cel\u00e9 jm\u00e9no nikde v \u010desk\u00fdch g\u00f3jsk\u00fdch knih\u00e1ch nenajdete.<\/p>\n<p>V\u00fdslovnost p\u0159\u00edjmen\u00ed\u00a0<em>Chaeth<\/em>\u00a0ve staroslov\u011bn\u0161tin\u011b je p\u0159ibli\u017en\u011b jako \u201c\u010caet\u201d nebo p\u0159\u00edpadn\u011b \u201c\u010cecht\u201d, co\u017e podle hebrejsk\u00fdch text\u016f vedlo pozd\u011bji ke vzniku velice sporn\u00e9ho p\u0159\u00edb\u011bhu o Praotci \u010cechovi a o jeho polsk\u00e9m bratru Lechovi (v textech bernsk\u00e9ho Talmudu je Lech uv\u00e1d\u011bn p\u016fvodn\u00edm jm\u00e9nem\u00a0<em>L\u2019achim Ben-Yadi<\/em>).\u00a0Samuel Ben-Chaeth byl mocn\u00fd \u017eidovsk\u00fd obchodn\u00edk a p\u016fvodem \u017eidovsk\u00fd Chazar. O S\u00e1movi je v g\u00f3jsk\u00fdch textech uv\u00e1d\u011bno, \u017ee mohl m\u00edt r\u016fzn\u00e9 p\u016fvody, od p\u016fvodu ve Franck\u00e9 \u0159\u00ed\u0161i, \u017ee mohl b\u00fdt i Avar, ale i Slovan atd. Tyto informace naprosto ignorujte. Samo byl Samuel, a t\u00edm je to dan\u00e9!<\/p>\n<figure id=\"attachment_50423\" class=\"wp-caption aligncenter\" style=\"width: 650px;\"><a href=\"https:\/\/aeronet.cz\/news\/wp-content\/uploads\/Samo_Empire.jpg\"><img decoding=\"async\" loading=\"lazy\" class=\"wp-image-50423 \" src=\"https:\/\/aeronet.cz\/news\/wp-content\/uploads\/Samo_Empire.jpg\" sizes=\"(max-width: 852px) 100vw, 852px\" srcset=\"https:\/\/aeronet.cz\/news\/wp-content\/uploads\/Samo_Empire.jpg 852w, https:\/\/aeronet.cz\/news\/wp-content\/uploads\/Samo_Empire-150x150.jpg 150w, https:\/\/aeronet.cz\/news\/wp-content\/uploads\/Samo_Empire-300x300.jpg 300w, https:\/\/aeronet.cz\/news\/wp-content\/uploads\/Samo_Empire-768x766.jpg 768w, https:\/\/aeronet.cz\/news\/wp-content\/uploads\/Samo_Empire-700x698.jpg 700w, https:\/\/aeronet.cz\/news\/wp-content\/uploads\/Samo_Empire-358x357.jpg 358w, https:\/\/aeronet.cz\/news\/wp-content\/uploads\/Samo_Empire-484x483.jpg 484w, https:\/\/aeronet.cz\/news\/wp-content\/uploads\/Samo_Empire-210x210.jpg 210w\" alt=\"\" width=\"650\" height=\"648\" \/><\/a><figcaption class=\"wp-caption-text\">Samuelova chazarsk\u00e1 \u0159\u00ed\u0161e v dob\u011b \u00fadajn\u00e9ho p\u0159\u00edchodu praotce \u010cecha<\/figcaption><\/figure>\n<p>Tzv. kupec Samo a Praotec \u010cech toti\u017e p\u0159i\u0161li na \u00fazem\u00ed \u010cech \u00fapln\u011b jakoby \u010dirou n\u00e1hodou ve stejn\u00e9 dob\u011b. A zat\u00edmco g\u00f3jsk\u00e9 texty hovo\u0159\u00ed o tom, \u017ee Praotec \u010cech z hory \u0158\u00edp vid\u011bl neobydlenou, pr\u00e1zdnou, opu\u0161t\u011bnou, av\u0161ak ml\u00e9kem a strd\u00edm opl\u00fdvaj\u00edc\u00ed zemi, tak ve stejn\u00e9 dob\u011b mapy chazarsk\u00fdch obchodn\u00edk\u016f zakreslily celou oblast \u010cech, Moravy, Slezska, Z\u00e1padn\u00edho Slovenska, n\u011bmeck\u00e9ho Saska, Rakouska a Slovinska jako \u00fazem\u00ed \u0158\u00ed\u0161e chazarsk\u00e9ho kupce,\u00a0<em>jeho excelence a vez\u00edra Samuela Ben-Chaetha<\/em>.<\/p>\n<p>Ben-Chaeth m\u011bl toti\u017e podle hebrejsk\u00fdch text\u016f i schopnosti\u00a0<em>\u017erece<\/em>, tedy vez\u00edra, \u010dili osoby ovl\u00e1daj\u00edc\u00ed okultn\u00ed procesy \u0159\u00edzen\u00ed. Pro\u010d maj\u00ed \u010ce\u0161i v\u011b\u0159it, \u017ee maj\u00ed slovansk\u00fd p\u016fvod, je do zna\u010dn\u00e9 m\u00edry z\u00e1hadou, kterou lze vysv\u011btlit, krom\u011b Panslavismem okouzlen\u00fdch obrozenc\u016f a buditel\u016f v 19. stolet\u00ed, jedin\u011b\u00a0<strong>ochrann\u00fdm maskov\u00e1n\u00edm, kter\u00e9 m\u011blo slou\u017eit na ochranu pron\u00e1sledovan\u00fdch \u017did\u016f. Aby m\u011bli zemi, svoji vlastn\u00ed, kterou budou m\u00edt, ovl\u00e1dat, ale navenek to bude \u201cjako\u201d zem\u011b slovansk\u00e1.<\/strong>\u00a0A to je nejpravd\u011bpodobn\u011bj\u0161\u00ed d\u016fvod vzniku. Existence \u017eidovsk\u00e9ho st\u00e1tu, kagan\u00e1tu, n\u00e1roda ve st\u0159edu Evropy je\u0161t\u011b p\u0159ed II. sv. v\u00e1lkou by nebyla dovolena. To je na del\u0161\u00ed p\u0159edn\u00e1\u0161ku, mo\u017en\u00e1 se do toho pust\u00edm v extra \u010dl\u00e1nku nebo na SVCS.<\/p>\n<h6><span style=\"font-size: 14pt;\">\u010cesk\u00fd n\u00e1rod m\u00e1 \u017eidovsko-chazarsk\u00fd p\u016fvod dan\u00fd historick\u00fdm vznikem obchodn\u00edho \u00fazem\u00ed<\/span><\/h6>\n<p>A tady te\u010f vyvst\u00e1v\u00e1 provoka\u010dn\u00ed ot\u00e1zka. Jak mohl Praotec \u010cech zalo\u017eit vlast \u010cech\u016f na m\u00edst\u011b, kter\u00e9 le\u017eelo v t\u00e9 dob\u011b uprost\u0159ed po zuby ozbrojen\u00e9 \u0159\u00ed\u0161e \u017eidovsk\u00e9ho kupce? Ch\u00e1pete? To je samoz\u0159ejm\u011b nesmysl. Tato znalost o skute\u010dn\u00e9m p\u016fvodu \u010cech a Moravy je sou\u010d\u00e1st\u00ed rit\u016f n\u011bkter\u00fdch zedn\u00e1\u0159sk\u00fdch l\u00f3\u017e\u00ed v \u010cR a rovn\u011b\u017e l\u00f3\u017e\u00ed v Rakousku. Pova\u017euji za d\u016fle\u017eit\u00e9, abyste nyn\u00ed v roce 2022 kone\u010dn\u011b znali skute\u010dn\u00fd p\u016fvod a zakladatele \u010desk\u00fdch a moravsk\u00fdch, ale i polsk\u00fdch zem\u00ed. Ano, cel\u00fd tento prostor je zem\u00ed \u017eidovsk\u00e9ho n\u00e1roda zalo\u017een\u00e9ho \u017eidovsk\u00fdmi kupci z Chazarie, kter\u00e1 se institucion\u00e1ln\u011b ukotvila sice a\u017e v roce 650 n.l., ale expanzivn\u011b fungovala ji\u017e v\u00edce ne\u017e 70 let p\u0159edt\u00edm.<\/p>\n<p>P\u0159\u00edb\u011bh o praotci \u010cechovi vych\u00e1zel zjevn\u011b ze snahy n\u00e1rodn\u00edch obroditel\u016f vykreslit zemi \u010deskou jako \u00fazem\u00ed os\u00eddlen\u00e9 rusk\u00fdmi Slovany v my\u0161lence na Panslavismus, co\u017e je sice sympatick\u00e9, ale jedin\u00fd pohled na avarsk\u00e9 mapy o n\u011bkolik odstavc\u016f v\u00fd\u0161e v\u00e1s okam\u017eit\u011b uzemn\u00ed do reality, \u017ee jde o skrytou zemi chazarsk\u00fdch kupc\u016f a \u017did\u016f ji\u017e tehdy.\u00a0<strong>Nic takov\u00e9ho, jako je pr\u00e1zdn\u00fd prostor nikoho, okolo roku 650 n.l. v prostoru St\u0159edn\u00ed Evropy, prost\u011b neexistovalo.<\/strong>\u00a0Toto \u00fazem\u00ed ovl\u00e1dala mohutn\u011b ozbrojen\u00e1 a chr\u00e1n\u011bn\u00e1 skupina\u00a0Samuel Ben-Chaetha, chazarsk\u00e9ho obchodn\u00edka. A proto je \u010cesko zem\u00ed \u017did\u016f. Proto m\u00e1 obyvatelstvo \u010cR v genech ty podivn\u00e9 protirusk\u00e9 sklony. Eugeniku nelze z genomu vymazat ani za skoro 1500 let. Tak jest prost\u011b d\u00e1no!<\/p>\n<figure id=\"attachment_50421\" class=\"wp-caption aligncenter\" style=\"width: 621px;\"><a href=\"https:\/\/aeronet.cz\/news\/wp-content\/uploads\/KhazarEmpire.jpg\"><img decoding=\"async\" loading=\"lazy\" class=\"wp-image-50421 \" src=\"https:\/\/aeronet.cz\/news\/wp-content\/uploads\/KhazarEmpire-1024x832.jpg\" sizes=\"(max-width: 700px) 100vw, 700px\" srcset=\"https:\/\/aeronet.cz\/news\/wp-content\/uploads\/KhazarEmpire-1024x832.jpg 1024w, https:\/\/aeronet.cz\/news\/wp-content\/uploads\/KhazarEmpire-300x244.jpg 300w, https:\/\/aeronet.cz\/news\/wp-content\/uploads\/KhazarEmpire-768x624.jpg 768w, https:\/\/aeronet.cz\/news\/wp-content\/uploads\/KhazarEmpire-700x569.jpg 700w, https:\/\/aeronet.cz\/news\/wp-content\/uploads\/KhazarEmpire-439x357.jpg 439w, https:\/\/aeronet.cz\/news\/wp-content\/uploads\/KhazarEmpire-594x483.jpg 594w, https:\/\/aeronet.cz\/news\/wp-content\/uploads\/KhazarEmpire.jpg 1394w\" alt=\"\" width=\"621\" height=\"505\" \/><\/a><figcaption class=\"wp-caption-text\">Chazarsk\u00e1 \u0159\u00ed\u0161e, p\u016fvodn\u00ed domov \u201c\u010cech\u016f a Moravan\u016f\u201d<\/figcaption><\/figure>\n<p>Tady je zaj\u00edmav\u00e9 si v\u0161imnout, \u017ee ve stejn\u00e9 dob\u011b, kdy S\u00e1mova \u0159\u00ed\u0161e byla na vrcholu, tedy okolo roku 650 n.l., tak v t\u00e9m\u017ee roce vznikla a byla institucion\u00e1ln\u011b ustanovena Chazarsk\u00e1 \u0159\u00ed\u0161e, kter\u00e1 se stala \u017eidovsk\u00fdm chan\u00e1tem, kter\u00fd p\u0159ijal \u017eidovskou v\u00edru a v\u011brouku.\u00a0<strong>Daleko m\u00e9n\u011b je zn\u00e1m\u00fd fakt, \u017ee pr\u00e1v\u011b Chazarie je prostor, odkud p\u0159i\u0161ly do Evropy slovansk\u00e9 osadn\u00ed kmeny v dob\u011b 8. a 9. stolet\u00ed na\u0161eho letopo\u010dtu.<\/strong>\u00a0P\u0159inesly s sebou nejen chazarskou m\u011bnu zvanou \u201cjarmak\u201d, ze kter\u00e9 je odvozeno \u010desk\u00e9 slovo \u201cjarmark\u201d pro tr\u017ei\u0161t\u011b, prodej, sm\u011bnu a obchod, ale ustavili v prostoru tehdy ji\u017e rozpadl\u00e9 S\u00e1movy \u0159\u00ed\u0161e obchodn\u00ed centra, p\u0159i\u010dem\u017e jedn\u00edm z nich bylo m\u011bsto Praga.<\/p>\n<p>Je to m\u011bsto zalo\u017een\u00e9 slovansk\u00fdmi a \u017eidovsk\u00fdmi Chazary. O n\u011bjak\u00e9 Libu\u0161i nen\u00ed v hebrejsk\u00fdch textech ani \u010d\u00e1rka, je tam ale \u00fasek\u00a0<strong>o chazarsk\u00e9m kn\u00ed\u017eeti jm\u00e9nem\u00a0<em>Leiba<\/em>\u00a0(\u017eidovsk\u00e9 sefardsk\u00e9 jm\u00e9no), kter\u00fd zalo\u017eil na \u0159ece nad vysok\u00fdm ostrohem (staroslov\u011bnsky: Vyszegarad \u2013 Str\u00e1\u017en\u00ed v\u011b\u017e) obchodn\u00ed\u00a0<em>jarmak<\/em>.<\/strong>\u00a0Tam, kde je dnes h\u0159bitov na Vy\u0161ehrad\u011b, tam bylo z\u0159ejm\u011b v\u016fbec prvn\u00ed chazarsk\u00e9 tr\u017ei\u0161t\u011b ve St\u0159edn\u00ed Evrop\u011b. Nen\u00ed jasn\u00e9, jestli n\u011bkdo z \u010desk\u00fdch obrozenc\u016f na konci 18. a v pr\u016fb\u011bhu 19. stolet\u00ed ud\u011blal z chazarsk\u00e9ho Leiby Libu\u0161i, ale chazarsk\u00fd p\u016fvod slovansk\u00fdch kmen\u016f nad \u00favrati dne\u0161n\u00ed Vltavy je v\u00edce ne\u017e z\u0159ejm\u00fd.<\/p>\n<h6><span style=\"font-size: 14pt;\">V\u00edde\u0148 a Praha jsou centra \u017eidozedn\u00e1\u0159sk\u00e9 svatavy nad Vltavou a Dunajem<\/span><\/h6>\n<p>A pro\u010d se o tom takto \u0161iroce rozepisuji? Proto\u017ee sou\u010d\u00e1st\u00ed Ben-Chaethovy \u0159\u00ed\u0161e bylo i Rakousko. A pr\u00e1v\u011b V\u00edde\u0148 si ponechala stejn\u011b siln\u00e9 okultn\u00ed procesy \u0159\u00edzen\u00ed jako m\u00e1 Praha. Proto se nedivte tomu, \u017ee volby v Praze obvykle dopadaj\u00ed jinak ne\u017e ve zbytku republiky. A nedivte se, \u017ee tot\u00e9\u017e prob\u00edh\u00e1 i ve V\u00eddni, kdy toto m\u011bsto jede jin\u00e9 procesy ne\u017e cel\u00fd zbytek Rakouska. A mus\u00edme si i toto vysv\u011btlit.\u00a0<strong>Okultn\u00ed procesy \u0159\u00edzeni Mah\u2019ralu nad Prahou, i okultn\u00ed procesy Velk\u00e9 l\u00f3\u017ee nad V\u00eddn\u00ed, vych\u00e1zej\u00ed z historick\u00e9 skute\u010dnosti, \u017ee obchod se v\u017edy odehr\u00e1val v nejv\u011bt\u0161\u00edch m\u011bstech.<\/strong>\u00a0Centra okultn\u00edch proces\u016f \u0159\u00edzen\u00ed se proto soust\u0159edila v Praze a ve V\u00eddni.<\/p>\n<p>N\u00e1sledn\u011b tyto \u017eidovsk\u00e9 rodiny se spojovaly s g\u00f3jsk\u00fdmi, ale pokud \u0161lo o spojen\u00ed po mate\u0159sk\u00e9 linii, potom tyto procesy okultn\u00edch \u0159\u00edzen\u00ed z\u016fstaly zachov\u00e1ny. Proto po roce 1989 ve\u0161kerou moc nad \u010cR uchopily rodiny \u017eidovsk\u00e9ho a pokud bychom \u0161li hluboko do historie, tak i chazarsk\u00e9ho p\u016fvodu, jak koneckonc\u016f nejl\u00e9pe zdokumentoval Miroslav Dolej\u0161\u00ed, odborn\u00edk a znalec na \u017eidozedn\u00e1\u0159sk\u00e9 procesy \u0159\u00edzen\u00ed v p\u0159edlistopadov\u00e9m a polistopadov\u00e9m \u010ceskoslovensku. Co je ale pot\u0159ebu zd\u016fraznit, to je p\u016fvod \u010desk\u00fdch a rovn\u011b\u017e moravsk\u00fdch zem\u00ed. Vznikly z rozhodnut\u00ed \u017eidovsk\u00e9ho kupce Samuela. A t\u00edm je tento prostor nav\u011bky zaritov\u00e1n, je dedikov\u00e1n a vyhrazen v okultn\u00edch procesech \u0159\u00edzen\u00ed.<\/p>\n<figure id=\"attachment_50419\" class=\"wp-caption aligncenter\" style=\"width: 661px;\"><a href=\"https:\/\/aeronet.cz\/news\/wp-content\/uploads\/ImpfbusAustria.jpg\"><img decoding=\"async\" loading=\"lazy\" class=\"wp-image-50419 \" src=\"https:\/\/aeronet.cz\/news\/wp-content\/uploads\/ImpfbusAustria-1024x576.jpg\" sizes=\"(max-width: 700px) 100vw, 700px\" srcset=\"https:\/\/aeronet.cz\/news\/wp-content\/uploads\/ImpfbusAustria-1024x576.jpg 1024w, https:\/\/aeronet.cz\/news\/wp-content\/uploads\/ImpfbusAustria-300x169.jpg 300w, https:\/\/aeronet.cz\/news\/wp-content\/uploads\/ImpfbusAustria-768x432.jpg 768w, https:\/\/aeronet.cz\/news\/wp-content\/uploads\/ImpfbusAustria-700x394.jpg 700w, https:\/\/aeronet.cz\/news\/wp-content\/uploads\/ImpfbusAustria-635x357.jpg 635w, https:\/\/aeronet.cz\/news\/wp-content\/uploads\/ImpfbusAustria-859x483.jpg 859w, https:\/\/aeronet.cz\/news\/wp-content\/uploads\/ImpfbusAustria.jpg 1280w\" alt=\"\" width=\"661\" height=\"372\" \/><\/a><figcaption class=\"wp-caption-text\">Fronta v Rakousku u o\u010dkovac\u00edho autobusu<\/figcaption><\/figure>\n<p>Pr\u00e1v\u011b proto m\u00e1 Praha tak \u00fazk\u00e9 okultn\u00ed, ritov\u00e9 a politick\u00e9 propojen\u00ed s Jeruzal\u00e9mem a pota\u017emo Izraelem. A status V\u00eddn\u011b jako\u017eto m\u011bsta, kde se podepisuj\u00ed smlouvy, konvence, dohody, akty a memoranda, je p\u0159\u00edmo odvozen od \u00falohy vy\u0161\u0161\u00edch proces\u016f \u0159\u00edzen\u00ed nad Evropou. V\u00edde\u0148 proto m\u00e1 jin\u00e9 \u0159\u00edzen\u00ed ne\u017e zbytek Rakouska a<strong>\u00a0z\u00e1sah Alexandera Sorose a jeho ned\u00e1vn\u00e1 n\u00e1v\u0161t\u011bva [<a href=\"https:\/\/aeronet.cz\/news\/alexander-soros-v-predvecer-zavedeni-totalniho-lockdownu-v-rakousku-pro-neockovane-se-setkal-s-rakouskym-kanclerem-ministrem-zahranici-a-byvalym-kanclerem-sebastianem-kurzem-probirali-otazky\/\">3<\/a>] ve V\u00eddni s nejvy\u0161\u0161\u00edmi rakousk\u00fdmi p\u0159edstaviteli jen p\u00e1r dn\u00ed p\u0159ed ozn\u00e1men\u00edm povinn\u00e9ho o\u010dkov\u00e1n\u00ed v Rakousku<\/strong>\u00a0je potom jasn\u00fdm vysv\u011btlen\u00edm a d\u016fvodem, pro\u010d V\u00edde\u0148 jde jinou cestou ne\u017e zbytek Rakouska.<\/p>\n<p>Rakousko m\u011blo b\u00fdt laborato\u0159\u00ed povinn\u00e9ho vaxu. Jen\u017ee do\u0161lo k p\u0159ehodnocen\u00ed proces\u016f, co\u017e globalist\u00e9 d\u011blaj\u00ed pom\u011brn\u011b \u010dasto. Cel\u00fd probl\u00e9m spo\u010d\u00edv\u00e1 v tom, \u017ee dne\u0161n\u00ed vakc\u00edny u\u017e jsou de facto 2 roky star\u00e9 a na sou\u010dasn\u00e9 kmeny vir\u016f SARS-Cov-2 nefunguj\u00ed. Politici u\u017e nemohou lh\u00e1t a do o\u010d\u00ed lidem tvrdit, \u017ee vakc\u00edny funguj\u00ed, kdy\u017e jednotky JIP v nemocnic\u00edch jsou pln\u00e9 dvakr\u00e1t a dokonce t\u0159ikr\u00e1t o\u010dkovan\u00fdch ob\u010dan\u016f, kte\u0159\u00ed p\u0159esto onemocn\u011bli a skon\u010dili na JIP.<\/p>\n<h6><span style=\"font-size: 14pt;\">Pokra\u010dov\u00e1n\u00ed v povinn\u00e9m o\u010dkov\u00e1n\u00ed by ohrozilo d\u016fv\u011bru covid\u00e1n\u016f ve sv\u00e1tost v\u0161emocnosti roztoku<\/span><\/h6>\n<p>A kdyby \u0161lo jen o JIPka\u0159e, nic by se ned\u011blo. Jen\u017ee vakc\u00edny nechr\u00e1n\u00ed p\u0159ed onemocn\u011bn\u00edm a prod\u011bl\u00e1n\u00edm teplot a nevolnost\u00ed ani mlad\u00e9 o\u010dkovan\u00e9 lidi, proto\u017ee ty d\u00e1vky prost\u011b proti nov\u00fdm kmen\u016fm nefunguj\u00ed. A t\u00edm doch\u00e1z\u00ed ke ztr\u00e1t\u011b d\u016fv\u011bry o\u010dkovanc\u016f ve vakc\u00edny. A to je vysoce nebezpe\u010dn\u00e1 v\u011bc. Stra\u0161n\u011b nebezpe\u010dn\u00e1. Hovo\u0159il o tom minul\u00fd v\u00edkend na americk\u00e9 CNN pr\u00e1v\u011b Albert Bourla, \u0161\u00e9f Pfizeru, \u017ee\u00a0<strong>sou\u010dasn\u00e9 vakc\u00edny ji\u017e nedr\u017e\u00ed krok s nov\u00fdmi mutacemi a Pfizer usilovn\u011b pracuje na nov\u00e9 verzi vakc\u00edn. Ta v\u0161ak bude v dostate\u010dn\u00e9m mno\u017estv\u00ed k dispozici ne d\u0159\u00edve jak koncem l\u00e9ta.<\/strong>\u00a0Moder\u00e1torka ml\u010dela jako za\u0159ezan\u00e1 a nepolo\u017eila Bourlovi z\u00e1sadn\u00ed ot\u00e1zku, kterou by nez\u00e1visl\u00e1 redaktorka polo\u017eila, jestli tedy m\u00e1 nad\u00e1le smysl nechat se te\u010f o\u010dkovat dal\u0161\u00ed d\u00e1vkou Pfizeru, kdy\u017e na ty nov\u00e9 mutace u\u017e nefunguje?<\/p>\n<figure id=\"attachment_50367\" class=\"wp-caption aligncenter\" style=\"width: 631px;\"><a href=\"https:\/\/aeronet.cz\/news\/wp-content\/uploads\/PfizerBourlaNYSE.jpg\"><img decoding=\"async\" loading=\"lazy\" class=\"wp-image-50367 \" src=\"https:\/\/aeronet.cz\/news\/wp-content\/uploads\/PfizerBourlaNYSE-1024x686.jpg\" sizes=\"(max-width: 700px) 100vw, 700px\" srcset=\"https:\/\/aeronet.cz\/news\/wp-content\/uploads\/PfizerBourlaNYSE-1024x686.jpg 1024w, https:\/\/aeronet.cz\/news\/wp-content\/uploads\/PfizerBourlaNYSE-300x201.jpg 300w, https:\/\/aeronet.cz\/news\/wp-content\/uploads\/PfizerBourlaNYSE-768x514.jpg 768w, https:\/\/aeronet.cz\/news\/wp-content\/uploads\/PfizerBourlaNYSE-700x469.jpg 700w, https:\/\/aeronet.cz\/news\/wp-content\/uploads\/PfizerBourlaNYSE-533x357.jpg 533w, https:\/\/aeronet.cz\/news\/wp-content\/uploads\/PfizerBourlaNYSE-721x483.jpg 721w, https:\/\/aeronet.cz\/news\/wp-content\/uploads\/PfizerBourlaNYSE.jpg 1280w\" alt=\"\" width=\"631\" height=\"423\" \/><\/a><figcaption class=\"wp-caption-text\">Albert Bourla, CEO Pfizeru<\/figcaption><\/figure>\n<p>Jen\u017ee, redaktorka se pt\u00e1t nemusela, proto\u017ee u\u017e sami te\u010f vid\u00edme, \u017ee politici v Evrop\u011b dostali od Pfizeru noti\u010dky, \u017ee je doporu\u010deno povinn\u00e9 vaxy pozastavit, proto\u017ee by mohlo doj\u00edt k nebezpe\u010dn\u00e9mu jevu ztr\u00e1ty d\u016fv\u011bry ve\u0159ejnosti v \u00fa\u010dinnosti vakc\u00edn. Pokud by se toti\u017e te\u010f rozjel v Rakousku povinn\u00fd vax, skon\u010dilo by to skand\u00e1lem, proto\u017ee by se uk\u00e1zalo, \u017ee drtiv\u00e1 v\u011bt\u0161ina povinn\u011b o\u010dkovan\u00fdch se beztak za kr\u00e1tkou dobu nakaz\u00ed.<\/p>\n<p>To by vyvolalo mezi populac\u00ed ned\u016fv\u011bru ve vakc\u00edny.\u00a0<strong>Dokud se lid\u00e9 o\u010dkuj\u00ed dobrovoln\u011b, skand\u00e1l nehroz\u00ed, proto\u017ee dobrovoln\u011b o\u010dkovan\u00ed lid\u00e9 dr\u017e\u00ed hubu a basu spole\u010dn\u011b s Pfizerem. Ml\u010d\u00ed a dr\u017e\u00ed jazyk za zuby<\/strong>\u00a0a nejdou do demonstrac\u00ed, proto\u017ee by si p\u0159ipadali trapn\u011b. Prost\u011b to doma vyle\u017e\u00ed, ale p\u0159\u00ed\u0161t\u011b na dobrovoln\u00fd vax u\u017e nep\u0159ijdou. Jen\u017ee, pokud by se za\u010dalo o\u010dkovat n\u00e1siln\u011b a povinn\u011b, lid\u00e9 by na plnou hubu za\u010dali v\u0159\u00edskat, \u017ee se povinn\u011b nao\u010dkovali a za p\u00e1r t\u00fddn\u016f chytili Omikron.<\/p>\n<h6><span style=\"font-size: 14pt;\">Pfizer na\u0159\u00eddil odklad povinn\u00e9ho o\u010dkov\u00e1n\u00ed, nejsou toti\u017e na skladech vakc\u00edny proti nov\u00fdm kmen\u016fm. Proto Rakousko a Slovensko troub\u00ed STOP!<\/span><\/h6>\n<p>A proto\u017ee nov\u00e9 vakc\u00edny budou a\u017e koncem l\u00e9ta, Pfizer na\u0159\u00eddil p\u0159eru\u0161it povinn\u00e9 vaxy, aby nebyla ohro\u017eena d\u016fv\u011bra ve\u0159ejnosti ve vax, proto\u017ee ten sou\u010dasn\u00fd proti Omikronu a dal\u0161\u00edm variant\u00e1m u\u017e nefunguje ani opticky, ani iluzorn\u011b. Proto d\u016frazn\u011b varuji p\u0159edt\u00edm, abyste bouchali \u0161ampa\u0148sk\u00e9 na oslavu svobody, proto\u017ee\u00a0<strong>tuhle stopku politici v Rakousku neud\u011blali z l\u00e1sky k lidu, ale na p\u0159\u00edkaz Pfizeru, kter\u00fd si nechce zlikvidovat d\u016fv\u011bru o\u010dkovanc\u016f v z\u00e1zra\u010dnou s\u00edlu vakc\u00edn.<\/strong><\/p>\n<p>Jejich d\u016fv\u011bra je toti\u017e pro cel\u00fd Total Control kl\u00ed\u010dov\u00e1 a nezbytn\u00e1. Pokud p\u0159estanou vakc\u00edn\u00e1m v\u011b\u0159it te\u010f na ja\u0159e, nep\u0159ijdou na nov\u00e9 kolo o\u010dkov\u00e1n\u00ed u\u017e ani na podzim. A to by byl pr\u016fser, nejen pro Pfizer, ale pr\u00e1v\u011b pro globalisty. Ve chv\u00edli, kdy nemocnice a JIP pln\u00ed z v\u00edce jako 80% dvakr\u00e1t a dokonce 3x o\u010dkovan\u00ed v\u011b\u0159\u00edc\u00ed covidi\u00e1ni, tak u\u017e to prost\u011b nejde d\u00e1l skr\u00fdvat, \u017ee vakc\u00edny prost\u011b nefunguj\u00ed.<\/p>\n<figure id=\"attachment_50362\" class=\"wp-caption aligncenter\" style=\"width: 677px;\"><a href=\"https:\/\/aeronet.cz\/news\/wp-content\/uploads\/ICU3rdWeek2022.jpg\"><img decoding=\"async\" loading=\"lazy\" class=\"wp-image-50362 \" src=\"https:\/\/aeronet.cz\/news\/wp-content\/uploads\/ICU3rdWeek2022.jpg\" sizes=\"(max-width: 700px) 100vw, 700px\" srcset=\"https:\/\/aeronet.cz\/news\/wp-content\/uploads\/ICU3rdWeek2022.jpg 700w, https:\/\/aeronet.cz\/news\/wp-content\/uploads\/ICU3rdWeek2022-300x230.jpg 300w, https:\/\/aeronet.cz\/news\/wp-content\/uploads\/ICU3rdWeek2022-465x357.jpg 465w, https:\/\/aeronet.cz\/news\/wp-content\/uploads\/ICU3rdWeek2022-630x483.jpg 630w\" alt=\"\" width=\"677\" height=\"519\" \/><\/a><figcaption class=\"wp-caption-text\">Nefal\u0161ovan\u00e1 a skute\u010dn\u00e1 \u010d\u00edsla z \u010desk\u00fdch JIP<\/figcaption><\/figure>\n<p>Posledn\u00ed d\u016fvod pro o\u010dkov\u00e1n\u00ed toti\u017e t\u00edmto pad\u00e1 pod st\u016fl. T\u00edm posledn\u00edm d\u016fvodem bylo tvrzen\u00ed Pfizeru a org\u00e1n\u016f, \u017ee i kdy\u017e vakc\u00edny neposkytuj\u00ed imunitu, a i kdy\u017e neposkytuj\u00ed bezinfek\u010dnost, tak alespo\u0148 poskytuj\u00ed ochranu p\u0159ed t\u011b\u017ek\u00fdm pr\u016fb\u011bhem nemoci.\u00a0<strong>Jen\u017ee, posledn\u00ed data nejen z \u010cR ukazuj\u00ed, \u017ee i tento posledn\u00ed d\u016fvod padl a neplat\u00ed, proto\u017ee nemocnice po cel\u00e9 Evrop\u011b i v USA jsou na JIP odd\u011blen\u00edch p\u0159epln\u011bny o\u010dkovan\u00fdmi jedinci se dv\u011bma a t\u0159emi d\u00e1vkami.<\/strong>\u00a0V t\u00e9to situaci nelze v povinn\u00fdch vaxech pokra\u010dovat. To by toti\u017e bylo kontraproduktivn\u00ed a \u0161lo by to proti z\u00e1jmu nejen farmaceutick\u00fdch firem, ale i globalist\u016f. D\u016fle\u017eit\u011bj\u0161\u00ed ne\u017e jehla je d\u016fv\u011bra covidi\u00e1n\u016f ve vax. Proto te\u010f daj\u00ed lidem pokoj a a\u017e koncem srpna budou na skladech modernizovan\u00e9 vakc\u00edny, tak od z\u00e1\u0159\u00ed a \u0159\u00edjna u\u017e dob\u0159e v\u00edte, co bude n\u00e1sledovat.<\/p>\n<p>-VK- \u0160\u00e9fredaktor AE News<\/p>\n<p><a href=\"https:\/\/aeronet.cz\/news\/rakousko-zrusi-5-brezna-temer-vsechna-opatreni-proti-covid-19-a-to-vcetne-povinneho-ockovani-vyjimkou-bude-viden-ktera-si-opatreni-ponecha-vetsinu-opatreni-ke-konci-brezna-zrusi-i-slovensko\/\">ZDROJ<\/a><\/p>\n<p>&nbsp;<\/p>\n","protected":false},"excerpt":{"rendered":"<p>Rakousko zru\u0161\u00ed 5. b\u0159ezna t\u00e9m\u011b\u0159 v\u0161echna opat\u0159en\u00ed proti Covid-19, a to v\u010detn\u011b povinn\u00e9ho o\u010dkov\u00e1n\u00ed! V\u00fdjimkou&#8230;<\/p>\n","protected":false},"author":2,"featured_media":8372,"comment_status":"closed","ping_status":"closed","sticky":false,"template":"","format":"standard","meta":[],"categories":[7],"tags":[23,279,213,1901,315,120],"_links":{"self":[{"href":"https:\/\/www.infokuryr.cz\/n\/wp-json\/wp\/v2\/posts\/8371"}],"collection":[{"href":"https:\/\/www.infokuryr.cz\/n\/wp-json\/wp\/v2\/posts"}],"about":[{"href":"https:\/\/www.infokuryr.cz\/n\/wp-json\/wp\/v2\/types\/post"}],"author":[{"embeddable":true,"href":"https:\/\/www.infokuryr.cz\/n\/wp-json\/wp\/v2\/users\/2"}],"replies":[{"embeddable":true,"href":"https:\/\/www.infokuryr.cz\/n\/wp-json\/wp\/v2\/comments?post=8371"}],"version-history":[{"count":0,"href":"https:\/\/www.infokuryr.cz\/n\/wp-json\/wp\/v2\/posts\/8371\/revisions"}],"wp:featuredmedia":[{"embeddable":true,"href":"https:\/\/www.infokuryr.cz\/n\/wp-json\/wp\/v2\/media\/8372"}],"wp:attachment":[{"href":"https:\/\/www.infokuryr.cz\/n\/wp-json\/wp\/v2\/media?parent=8371"}],"wp:term":[{"taxonomy":"category","embeddable":true,"href":"https:\/\/www.infokuryr.cz\/n\/wp-json\/wp\/v2\/categories?post=8371"},{"taxonomy":"post_tag","embeddable":true,"href":"https:\/\/www.infokuryr.cz\/n\/wp-json\/wp\/v2\/tags?post=8371"}],"curies":[{"name":"wp","href":"https:\/\/api.w.org\/{rel}","templated":true}]}}