{"id":8370,"date":"2022-02-17T05:02:58","date_gmt":"2022-02-17T04:02:58","guid":{"rendered":"http:\/\/www.infokuryr.cz\/n\/?p=8370"},"modified":"2022-02-17T05:02:58","modified_gmt":"2022-02-17T04:02:58","slug":"polsko-a-madarsko-mohou-doplatit-na-sve-zakony-na-ochranu-deti-proti-lgbt","status":"publish","type":"post","link":"https:\/\/www.infokuryr.cz\/n\/2022\/02\/17\/polsko-a-madarsko-mohou-doplatit-na-sve-zakony-na-ochranu-deti-proti-lgbt\/","title":{"rendered":"Polsko a Ma\u010farsko mohou doplatit na sv\u00e9 z\u00e1kony na ochranu d\u011bt\u00ed proti LGBT"},"content":{"rendered":"<div id=\"fb-root\"><\/div>\n<section class=\"perex\">Ma\u010farsko a Polsko mohou p\u0159ij\u00edt o miliardov\u00e9 dotace kv\u016fli tomu, \u017ee se odm\u00edtaj\u00ed \u0159\u00eddit liber\u00e1ln\u00edmi hodnotami EU. V s\u00e1zce je vnit\u0159n\u00ed soudr\u017enost EU a jej\u00ed geopolitick\u00e9 postaven\u00ed.<\/p>\n<\/section>\n<section class=\"clanek-obsah\">\n<h2>Obt\u011b\u017eov\u00e1n\u00ed LGBT? Vystupte z EU! Polsko a Ma\u010farsko na rozcest\u00ed<\/h2>\n<p>V \u00fater\u00fd 15. \u00fanora Soudn\u00ed dv\u016fr Evropsk\u00e9 unie (SDEU) zam\u00edtl \u017ealobu, kterou Polsko a Ma\u010farsko po\u017eadovaly zru\u0161en\u00ed platnosti pr\u00e1vn\u00edho \u0159\u00e1du EU ve vztahu k vnitrost\u00e1tn\u00edm ot\u00e1zk\u00e1m. To m\u016f\u017ee d\u00e1t Evropsk\u00e9 komisi p\u0159\u00edle\u017eitost sn\u00ed\u017eit financov\u00e1n\u00ed t\u011bchto zem\u00ed.<\/p>\n<h2>Ma\u010farsko by nem\u011blo chr\u00e1nit d\u011bti p\u0159ed homosexu\u00e1ln\u00ed propagandou<\/h2>\n<p>Postoj Ma\u010farska je obzvl\u00e1\u0161t\u011b z\u00e1sadn\u00ed. Ma\u010farsk\u00e9ho premi\u00e9ra Viktora Orb\u00e1na \u010dekaj\u00ed 3. dubna parlamentn\u00ed volby. Ma\u010farsko a Polsko obvi\u0148uj\u00ed EU, \u017ee podporuje hodnoty liber\u00e1ln\u00ed tolerance, kter\u00e9 jsou ciz\u00ed konzervativn\u00edm a katolick\u00fdm hodnot\u00e1m obou n\u00e1rod\u016f.<\/p>\n<p>\u201e<i>Toto rozhodnut\u00ed je \u017eiv\u00fdm d\u016fkazem toho, \u017ee Brusel zneu\u017e\u00edv\u00e1 svou moc a provokuje bezprecedentn\u00ed \u00fatoky na na\u0161i zemi,<\/i>\u201c napsala na Facebooku ma\u010farsk\u00e1 ministryn\u011b spravedlnosti Judit Vargov\u00e1.<\/p>\n<p>\u201e<i>Soudn\u00ed dv\u016fr vydal politicky motivovan\u00e9 rozhodnut\u00ed kv\u016fli z\u00e1konu o ochran\u011b d\u011bt\u00ed!<\/i>\u201c \u0159ekla s odkazem na z\u00e1kon z roku 2021, kter\u00fd zakazuje propagaci homosexuality mezi nezletil\u00fdmi.<\/p>\n<p>Z\u00e1kon zejm\u00e9na na\u0159izuje, \u017ee \u0161koln\u00ed v\u00fduka o sexualit\u011b nesm\u00ed propagovat zm\u011bnu pohlav\u00ed nebo homosexualitu, zat\u00edmco st\u00e1t by m\u011bl chr\u00e1nit pr\u00e1vo d\u00edt\u011bte na pohlavn\u00ed identitu od narozen\u00ed.<\/p>\n<p>Vargov\u00e1 na st\u0159ede\u010dn\u00ed konferenci uvedla, \u017ee ma\u010farsk\u00e1 vl\u00e1da obdr\u017eela dopis z Bruselu, v n\u011bm\u017e se uv\u00e1d\u00ed, \u017ee Ma\u010farsko by m\u011blo zm\u011bnit z\u00e1kon o ochran\u011b d\u011bt\u00ed (pova\u017euje ho za homofobn\u00ed), a\u010dkoli tato ot\u00e1zka je n\u00e1rodn\u00ed z\u00e1le\u017eitost\u00ed Ma\u010farska.<\/p>\n<p>\u201e<i>Probl\u00e9m se t\u00fdk\u00e1 sp\u00ed\u0161e z\u00e1kona o ochran\u011b d\u011bt\u00ed ne\u017e pr\u00e1vn\u00edho st\u00e1tu,<\/i>\u201c zd\u016fraznila.<\/p>\n<p>Ma\u010farsk\u00fd premi\u00e9r Orb\u00e1n p\u0159ed n\u011bkolika dny prohl\u00e1sil, \u017ee Ma\u010farsko by mohlo vystoupit z EU, pokud by Brusel ignoroval n\u00e1zor ma\u010farsk\u00e9ho lidu.<\/p>\n<p>Pokud jde o Polsko, EU je znepokojena polskou soudn\u00ed reformou, podle n\u00ed\u017e je polsk\u00e1 vl\u00e1da opr\u00e1vn\u011bna p\u0159esouvat soudce z ni\u017e\u0161\u00edch soud\u016f na vy\u0161\u0161\u00ed nebo je bez vysv\u011btlen\u00ed odvol\u00e1vat. Krom\u011b toho je EU znepokojena krokem Polska vyhl\u00e1sit v n\u011bkolika m\u011bstech zem\u011b z\u00f3ny bez LGBT.<\/p>\n<p>Polsk\u00fd ministr spravedlnosti Sebastian Kaleta uvedl, \u017ee Polsko m\u016f\u017ee odm\u00edtnout p\u0159isp\u00edvat do evropsk\u00e9ho rozpo\u010dtu. Polsk\u00fd rozpo\u010det tak bude kompenzovat ztr\u00e1tu evropsk\u00fdch fond\u016f.<\/p>\n<p>Premi\u00e9r Mateusz Morawiecki zhodnotil rozhodnut\u00ed CEC jako zasahov\u00e1n\u00ed pravomoc\u00ed EU do vnit\u0159n\u00ed politiky zem\u00ed, co\u017e je podle n\u011bj \u201evelmi nebezpe\u010dn\u00fd proces\u201c.<\/p>\n<p>Dodal, \u017ee org\u00e1ny EU by nem\u011bly roz\u0161i\u0159ovat sv\u00e9 pravomoci.<\/p>\n<p>\u201e<i>Hranice pravomoc\u00ed jsou ve smlouv\u00e1ch p\u0159esn\u011b vymezeny. V t\u011bchto smlouv\u00e1ch jsme org\u00e1n\u016fm EU sv\u011b\u0159ili pouze ur\u010dit\u00e9 pravomoci, zat\u00edmco n\u011bkter\u00e9 dal\u0161\u00ed pravomoci byly vyhrazeny \u010dlensk\u00fdm st\u00e1t\u016fm. Proces roz\u0161i\u0159ov\u00e1n\u00ed kompetenc\u00ed (na \u00fakor n\u00e1rodn\u00edch st\u00e1t\u016f) je velmi nebezpe\u010dn\u00fd, kdy\u017e v EU doch\u00e1z\u00ed k ideologick\u00e9mu a institucion\u00e1ln\u00edmu sporu,<\/i>\u201c \u0159ekl Mateusz Morawiecki.<\/p>\n<h2>Pokud nebudete poslouchat, p\u0159ijdete o miliardy eur<\/h2>\n<p>V \u0159\u00edjnu nejvy\u0161\u0161\u00ed soud EU na\u0159\u00eddil Polsku zaplatit denn\u011b pokutu ve v\u00fd\u0161i jednoho milionu eur za nedodr\u017een\u00ed rozhodnut\u00ed o zru\u0161en\u00ed z\u00e1kona o reform\u011b soudnictv\u00ed a uveden\u00ed pr\u00e1vn\u00edch p\u0159edpis\u016f do souladu s pr\u00e1vn\u00edmi p\u0159edpisy EU.<\/p>\n<p>T\u0159icet \u0161est miliard eur z prost\u0159edk\u016f na obnovu po pandemii ur\u010den\u00fdch pro Polsko a sedm miliard eur pro Ma\u010farsko ji\u017e bylo zmrazeno.<\/p>\n<p>Dotace z dlouhodob\u00e9ho rozpo\u010dtu EU mohou b\u00fdt rovn\u011b\u017e sn\u00ed\u017eeny. Jde o v\u00edce ne\u017e 100 miliard eur pro Polsko a v\u00edce ne\u017e 50 miliard pro Ma\u010farsko.<\/p>\n<p>Nyn\u00ed bude trvat n\u011bkolik t\u00fddn\u016f, ne\u017e EU form\u00e1ln\u011b zah\u00e1j\u00ed proces sni\u017eov\u00e1n\u00ed finan\u010dn\u00edch prost\u0159edk\u016f pro Budape\u0161\u0165 a Var\u0161avu. \u010cekaj\u00ed n\u00e1s m\u011bs\u00edce politick\u00fdch tahanic.<\/p>\n<h2>Vystoup\u00ed Ma\u010farsko a Polsko z EU?<\/h2>\n<p>Vladimir Olen\u010denko, vedouc\u00ed v\u00fdzkumn\u00fd pracovn\u00edk Centra evropsk\u00fdch studi\u00ed Institutu sv\u011btov\u00e9 ekonomiky a mezin\u00e1rodn\u00edch vztah\u016f, v koment\u00e1\u0159i pro Pravda.Ru poznamenal, \u017ee Polsko je hlavn\u00edm p\u0159\u00edjemcem dotac\u00ed EU. Nap\u0159\u00edklad polsk\u00e9 zem\u011bd\u011blstv\u00ed se rozv\u00edj\u00ed p\u0159edev\u0161\u00edm d\u00edky t\u011bmto dotac\u00edm.<\/p>\n<p>Krom\u011b toho Polsko tvrd\u00ed, \u017ee je mocensk\u00fdm centrem v Evrop\u011b, kter\u00e9 se stav\u00ed proti nadvl\u00e1d\u011b N\u011bmecka. Ameri\u010dan\u016fm se tato my\u0161lenka velmi l\u00edb\u00ed a Polsko v t\u00e9to chv\u00edli v\u0161estrann\u011b podporuj\u00ed.<\/p>\n<p>\u201e<i>Mysl\u00edm si, \u017ee Polsko z t\u011bchto dvou d\u016fvod\u016f z EU nevystoup\u00ed,<\/i>\u201c uvedl expert.<\/p>\n<p>Ma\u010farsko, zd\u016fraznil expert, buduje sv\u00e9 vlastn\u00ed vztahy s Ruskem a dal\u0161\u00edmi zem\u011bmi (Tureckem) a tyto vztahy nespadaj\u00ed pod vliv Washingtonu.<\/p>\n<p>Podle Vladimira Olen\u010denka m\u016f\u017ee Budape\u0161\u0165 uva\u017eovat o vystoupen\u00ed z Evropsk\u00e9 unie, pokud bude poru\u0161ov\u00e1na suverenita a z\u00e1kony Ma\u010farska. Prozat\u00edm k takov\u00e9mu v\u00fdvoji nedoch\u00e1z\u00ed.<\/p>\n<p>\u201e<i>Pokud bude Evropsk\u00e1 unie vyv\u00edjet tlak, m\u016f\u017ee Ma\u010farsko uva\u017eovat o zm\u011bn\u011b sv\u00e9ho statusu v Evropsk\u00e9 unii nebo obecn\u011b o zm\u011bn\u011b zakl\u00e1dac\u00edch dokument\u016f Evropsk\u00e9 unie,<\/i>\u201c domn\u00edv\u00e1 se Vladimir Olen\u010denko.<\/p>\n<p><strong>Ljuba Lulko<\/strong><\/p>\n<div class=\"podcarou\">\n<p><a href=\"https:\/\/english.pravda.ru\/world\/150345-poland_hungary\/\" target=\"_blank\" rel=\"external noopener\">Poland and Hungary may pay for their anti-LGBT, child protection laws<\/a> vy\u0161el 16.2.2022 na pravda.ru. P\u0159eklad\u00a0 Zv\u011bdavec.<\/p>\n<\/div>\n<\/section>\n<p>P\u0159evzato:\u00a0<a href=\"http:\/\/www.zvedavec.org\/komentare\/2022\/02\/9030-polsko-a-madarsko-mohou-doplatit-na-sve-zakony-na-ochranu-deti-proti-lgbt.htm\">Zvedavec.org<\/a><\/p>\n<p>&nbsp;<\/p>\n","protected":false},"excerpt":{"rendered":"<p>Ma\u010farsko a Polsko mohou p\u0159ij\u00edt o miliardov\u00e9 dotace kv\u016fli tomu, \u017ee se odm\u00edtaj\u00ed \u0159\u00eddit liber\u00e1ln\u00edmi&#8230;<\/p>\n","protected":false},"author":2,"featured_media":1193,"comment_status":"closed","ping_status":"closed","sticky":false,"template":"","format":"standard","meta":[],"categories":[7],"tags":[41,241,71,78,31],"_links":{"self":[{"href":"https:\/\/www.infokuryr.cz\/n\/wp-json\/wp\/v2\/posts\/8370"}],"collection":[{"href":"https:\/\/www.infokuryr.cz\/n\/wp-json\/wp\/v2\/posts"}],"about":[{"href":"https:\/\/www.infokuryr.cz\/n\/wp-json\/wp\/v2\/types\/post"}],"author":[{"embeddable":true,"href":"https:\/\/www.infokuryr.cz\/n\/wp-json\/wp\/v2\/users\/2"}],"replies":[{"embeddable":true,"href":"https:\/\/www.infokuryr.cz\/n\/wp-json\/wp\/v2\/comments?post=8370"}],"version-history":[{"count":0,"href":"https:\/\/www.infokuryr.cz\/n\/wp-json\/wp\/v2\/posts\/8370\/revisions"}],"wp:featuredmedia":[{"embeddable":true,"href":"https:\/\/www.infokuryr.cz\/n\/wp-json\/wp\/v2\/media\/1193"}],"wp:attachment":[{"href":"https:\/\/www.infokuryr.cz\/n\/wp-json\/wp\/v2\/media?parent=8370"}],"wp:term":[{"taxonomy":"category","embeddable":true,"href":"https:\/\/www.infokuryr.cz\/n\/wp-json\/wp\/v2\/categories?post=8370"},{"taxonomy":"post_tag","embeddable":true,"href":"https:\/\/www.infokuryr.cz\/n\/wp-json\/wp\/v2\/tags?post=8370"}],"curies":[{"name":"wp","href":"https:\/\/api.w.org\/{rel}","templated":true}]}}