{"id":83675,"date":"2025-07-17T00:25:26","date_gmt":"2025-07-16T22:25:26","guid":{"rendered":"https:\/\/www.infokuryr.cz\/n\/?p=83675"},"modified":"2025-07-16T15:17:52","modified_gmt":"2025-07-16T13:17:52","slug":"unos-ve-stuttgartu-nemecka-a-polska-policie-zatkla-3-migranty-kteri-unesli-na-ulici-syrskeho-muze","status":"publish","type":"post","link":"https:\/\/www.infokuryr.cz\/n\/2025\/07\/17\/unos-ve-stuttgartu-nemecka-a-polska-policie-zatkla-3-migranty-kteri-unesli-na-ulici-syrskeho-muze\/","title":{"rendered":"\u00danos ve Stuttgartu: N\u011bmeck\u00e1 a polsk\u00e1 policie zatkla 3 migranty, kte\u0159\u00ed unesli na ulici syrsk\u00e9ho mu\u017ee"},"content":{"rendered":"<div id=\"fb-root\"><\/div>\n<h3 class=\"s-tagline fw-tagline\"><span>Polsk\u00e9 speci\u00e1ln\u00ed jednotky zatkly podez\u0159el\u00e9 a osvobodily ob\u011b\u0165 \u00fanosu<\/span><\/h3>\n<div class=\"entry-content rbct clearfix is-highlight-shares\" style=\"text-align: left;\">\n<p><span>T\u0159i mu\u017ei, dva z Palestiny a jeden z Libanonu, byli zat\u010deni za \u00fanos Sy\u0159ana z ulic Stuttgartu v N\u011bmecku. V r\u00e1mci spole\u010dn\u00e9 operace polsk\u00e9 a n\u011bmeck\u00e9 policie byli v\u0161ichni t\u0159i mu\u017ei zat\u010deni na polsk\u00e9m \u00fazem\u00ed po t\u0159\u00eddenn\u00edm p\u00e1tr\u00e1n\u00ed.<\/span><\/p>\n<p><span>Podez\u0159el\u00ed jsou obvin\u011bni z toho, \u017ee 6. \u010dervence ve 12:45 hodin ve Stuttgartu v okrese Bad Cannstatt p\u011btadvacetilet\u00e9ho mu\u017ee zbili, odvlekli do auta a z m\u00edsta \u010dinu utekli.<\/span><\/p>\n<p><span>Kr\u00e1tce po incidentu nahl\u00e1sil p\u0159\u00edtel ob\u011bti jeho poh\u0159e\u0161ov\u00e1n\u00ed.<\/span><\/p>\n<p><span>\u201e\u00danosci po\u017eadovali od rodiny ob\u011bti v\u00fdkupn\u00e9 ve v\u00fd\u0161i n\u011bkolika set tis\u00edc eur. Vyhro\u017eovali, \u017ee p\u011btadvacetilet\u00e9mu mu\u017ei zp\u016fsob\u00ed v\u00e1\u017en\u00e1 zran\u011bn\u00ed a zabij\u00ed ho,\u201c uvedla policejn\u00ed mluv\u010d\u00ed Daniela Treudeov\u00e1.<\/span><\/p>\n<figure class=\"wp-block-image\"><img decoding=\"async\" loading=\"lazy\" class=\"aligncenter\" src=\"https:\/\/images.bild.de\/6875084f9b343f4a66ae9b11\/2c5b28565cf6d3dfefa50bb0f0dbba37,2701338e?w=992\" alt=\"V byt\u011b ve Var\u0161av\u011b byl tak\u00e9 zat\u010den Libanonec (24)\" width=\"828\" height=\"466\" \/><figcaption class=\"wp-element-caption\"><em>V byt\u011b ve Var\u0161av\u011b byl zat\u010den Libanonec (24), zdroj foto: Centralne Biuro \u015aledcze Policji \u2013 Policja.pl.<\/em><\/figcaption><\/figure>\n<p><span>Stuttgartsk\u00e1 policie zjistila, \u017ee pachatel\u00e9 sledovali Sy\u0159ana, ne\u017e ho unesli a p\u0159ivezli do Polska.<\/span><\/p>\n<p><span>\u201eV r\u00e1mci policejn\u00ed operace trvaj\u00edc\u00ed p\u0159ibli\u017en\u011b 75 hodin pod veden\u00edm policejn\u00edho \u0159editelstv\u00ed ve Stuttgartu zatkli policist\u00e9 polsk\u00e9 speci\u00e1ln\u00ed jednotky ve st\u0159edu ve\u010der 9. \u010dervence 2025 t\u0159i mu\u017ee ve v\u011bku 24, 28 a 39 let pro podez\u0159en\u00ed z \u00fa\u010dasti na \u00fanosu 25let\u00e9ho mu\u017ee,\u201c uvedla policie\u00a0<\/span><a href=\"https:\/\/www.presseportal.de\/blaulicht\/pm\/110977\/6076348\"><span>v tiskov\u00e9 zpr\u00e1v\u011b<\/span><\/a><span>\u00a0.<\/span><\/p>\n<figure class=\"wp-block-image\"><img decoding=\"async\" loading=\"lazy\" class=\"aligncenter\" src=\"https:\/\/images.bild.de\/6875084f9b343f4a66ae9b11\/326db4b3aabc4be411b9c8f3526567ed,4f5fdeac?w=992\" alt=\"V Katovic\u00edch polsk\u00e1 policie dopadla t\u0159et\u00edho \u00fanosce, Palestince (28)\" width=\"852\" height=\"479\" \/><figcaption class=\"wp-element-caption\"><em>V Katovic\u00edch byl polskou polici\u00ed zat\u010den t\u0159et\u00ed \u00fanosce, Palestinec, Zdroj: CBsup \u2013 Centralne Biuro \u015aledcze Policji \u2013 Policja.pl<\/em><\/figcaption><\/figure>\n<p><span>\u201ePozad\u00ed \u00fanosu je st\u00e1le nejasn\u00e9. Podle prvn\u00edch zji\u0161t\u011bn\u00ed se pachatel a ob\u011b\u0165 znali,\u201c uvedla policejn\u00ed mluv\u010d\u00ed Treudeov\u00e1.<\/span><\/p>\n<p><span>\u0158editel n\u011bmeck\u00fdch policejn\u00edch operac\u00ed Carsten H\u00f6fler pochv\u00e1lil polsk\u00e9 policejn\u00ed slo\u017eky.<\/span><\/p>\n<p><span>\u201eSpojili jsme v\u0161echny na\u0161e s\u00edly do speci\u00e1ln\u00ed operace, kter\u00e1 trvala n\u011bkolik dn\u00ed. Takhle se n\u00e1m poda\u0159ilo zachr\u00e1nit lidsk\u00fd \u017eivot,\u201c \u0159ekl.<\/span><\/p>\n<p><span>\u201eN\u00e1sil\u00ed zp\u016fsoben\u00e9 nejz\u00e1va\u017en\u011bj\u0161\u00edm trestn\u00fdm \u010dinem \u00fanosu je pro ob\u011b\u0165 nesnesiteln\u00e9 a podkop\u00e1v\u00e1 d\u016fv\u011bru v na\u0161i bezpe\u010dnost. O to v\u00edce m\u011b t\u011b\u0161\u00ed, \u017ee se n\u00e1m poda\u0159ilo c\u00edlen\u011b propojit v\u0161echny na\u0161e s\u00edly na evropsk\u00e9 \u00farovni v r\u00e1mci n\u011bkolikadenn\u00ed speci\u00e1ln\u00ed operace, abychom \u00fasp\u011b\u0161n\u011b zachr\u00e1nili lidsk\u00fd \u017eivot. Dr\u017e\u00edme krok v boji proti z\u00e1va\u017en\u00e9 trestn\u00e9 \u010dinnosti a \u010din\u00edme tak \u00fasp\u011b\u0161n\u011b i p\u0159es hranice,\u201c dodal H\u00f6fler.<\/span><\/p>\n<p><span>Ob\u011b\u0165 byla bez zran\u011bn\u00ed.<\/span><\/p>\n<p><img decoding=\"async\" loading=\"lazy\" class=\"alignnone size-full wp-image-1185\" src=\"http:\/\/www.infokuryr.cz\/n\/wp-content\/uploads\/2021\/04\/kuryr-podpis.png\" alt=\"\" width=\"84\" height=\"24\" \/><\/p>\n<p>&nbsp;<\/p>\n<\/div>\n<div class=\"entry-bottom\">\n<div id=\"text-3\" class=\"widget entry-widget clearfix widget_text\">\n<div class=\"textwidget\">\n<div class=\"related-sec related-5\">\n<div class=\"inner\">\n<div class=\"block-h heading-layout-5\">\n<div class=\"heading-inner\"><\/div>\n<\/div>\n<\/div>\n<\/div>\n<\/div>\n<\/div>\n<\/div>\n","protected":false},"excerpt":{"rendered":"<p>Polsk\u00e9 speci\u00e1ln\u00ed jednotky zatkly podez\u0159el\u00e9 a osvobodily ob\u011b\u0165 \u00fanosu T\u0159i mu\u017ei, dva z Palestiny a&#8230;<\/p>\n","protected":false},"author":2,"featured_media":83676,"comment_status":"closed","ping_status":"closed","sticky":false,"template":"","format":"standard","meta":[],"categories":[7],"tags":[119,84,86,31,4754],"_links":{"self":[{"href":"https:\/\/www.infokuryr.cz\/n\/wp-json\/wp\/v2\/posts\/83675"}],"collection":[{"href":"https:\/\/www.infokuryr.cz\/n\/wp-json\/wp\/v2\/posts"}],"about":[{"href":"https:\/\/www.infokuryr.cz\/n\/wp-json\/wp\/v2\/types\/post"}],"author":[{"embeddable":true,"href":"https:\/\/www.infokuryr.cz\/n\/wp-json\/wp\/v2\/users\/2"}],"replies":[{"embeddable":true,"href":"https:\/\/www.infokuryr.cz\/n\/wp-json\/wp\/v2\/comments?post=83675"}],"version-history":[{"count":0,"href":"https:\/\/www.infokuryr.cz\/n\/wp-json\/wp\/v2\/posts\/83675\/revisions"}],"wp:featuredmedia":[{"embeddable":true,"href":"https:\/\/www.infokuryr.cz\/n\/wp-json\/wp\/v2\/media\/83676"}],"wp:attachment":[{"href":"https:\/\/www.infokuryr.cz\/n\/wp-json\/wp\/v2\/media?parent=83675"}],"wp:term":[{"taxonomy":"category","embeddable":true,"href":"https:\/\/www.infokuryr.cz\/n\/wp-json\/wp\/v2\/categories?post=83675"},{"taxonomy":"post_tag","embeddable":true,"href":"https:\/\/www.infokuryr.cz\/n\/wp-json\/wp\/v2\/tags?post=83675"}],"curies":[{"name":"wp","href":"https:\/\/api.w.org\/{rel}","templated":true}]}}