{"id":83659,"date":"2025-07-17T00:17:28","date_gmt":"2025-07-16T22:17:28","guid":{"rendered":"https:\/\/www.infokuryr.cz\/n\/?p=83659"},"modified":"2025-07-16T14:41:04","modified_gmt":"2025-07-16T12:41:04","slug":"svycarsko-investuje-miliardy-do-ukrajiny-ale-za-jakou-cenu-pro-sve-vlastni-obyvatelstvo","status":"publish","type":"post","link":"https:\/\/www.infokuryr.cz\/n\/2025\/07\/17\/svycarsko-investuje-miliardy-do-ukrajiny-ale-za-jakou-cenu-pro-sve-vlastni-obyvatelstvo\/","title":{"rendered":"\u0160v\u00fdcarsko investuje miliardy do Ukrajiny \u2013 ale za jakou cenu pro sv\u00e9 vlastn\u00ed obyvatelstvo?"},"content":{"rendered":"<div id=\"fb-root\"><\/div>\n<p><strong><span>\u0160v\u00fdcarsko si na Ukrajin\u011b spl\u00e1c\u00ed \u2013 miliardov\u00fd projekt bez jasn\u00e9 kontroly<\/span><\/strong><\/p>\n<p><span>V pou\u010dn\u00e9m\u00a0<\/span><a href=\"https:\/\/insideparadeplatz.ch\/2025\/07\/15\/schweiz-zahlt-sich-dumm-und-daemlich-in-ukraine\/\" target=\"_blank\" rel=\"noreferrer noopener\" data-type=\"link\" data-id=\"https:\/\/insideparadeplatz.ch\/2025\/07\/15\/schweiz-zahlt-sich-dumm-und-daemlich-in-ukraine\/\"><span>\u010dl\u00e1nku<\/span><\/a><span>\u00a0na Inside Paradeplatz je \u0160v\u00fdcarsko ost\u0159e kritizov\u00e1no za sv\u00e9 naivn\u00ed utr\u00e1cen\u00ed na Ukrajin\u011b. Sv\u00fdm ned\u00e1vn\u00fdm rozhodnut\u00edm investovat p\u0159es 1,5 miliardy \u0161v\u00fdcarsk\u00fdch frank\u016f do r\u016fzn\u00fdch projekt\u016f na v\u00e1lkou zni\u010den\u00e9 Ukrajin\u011b \u0160v\u00fdcarsko ukazuje, \u017ee si finan\u010dn\u011b \u201eplat\u00ed hloup\u011b\u201c \u2013 a \u010din\u00ed tak bez jak\u00e9koli jasn\u00e9 kontroly nad finan\u010dn\u00edmi prost\u0159edky. Vzhledem k tomu, \u017ee feder\u00e1ln\u00ed administrativa nad\u00e1le \u0161t\u011bd\u0159e lije pen\u00edze do zahrani\u010d\u00ed, vyvst\u00e1v\u00e1 ot\u00e1zka: Kdo z toho skute\u010dn\u011b profituje?<\/span><\/p>\n<p><span>V \u010dl\u00e1nku \u201e\u0160v\u00fdcarsko na Ukrajin\u011b hloup\u011b a po\u0161etile vypl\u00e1c\u00ed\u201c na Inside Paradeplatz jsou zd\u016frazn\u011bna n\u00e1sleduj\u00edc\u00ed \u010d\u00edsla:<\/span><\/p>\n<ul>\n<li><strong><span>1,5 miliardy CHF<\/span><\/strong><span>\u00a0: Tuto \u010d\u00e1stku p\u0159isl\u00edbilo \u0160v\u00fdcarsko na projekty na Ukrajin\u011b do roku 2028. Tato \u010d\u00e1stka bude rozd\u011blena mezi r\u016fzn\u00e9 programy, v\u010detn\u011b rozvoje infrastruktury, podpory ve zdravotnictv\u00ed a projekt\u016f digitalizace.<\/span><\/li>\n<li><strong><span>88 prob\u00edhaj\u00edc\u00edch projekt\u016f<\/span><\/strong><span>\u00a0: Tyto projekty koordinuj\u00ed r\u016fzn\u00e9 feder\u00e1ln\u00ed agentury, jako je Feder\u00e1ln\u00ed ministerstvo zahrani\u010dn\u00edch v\u011bc\u00ed (FDFA) a St\u00e1tn\u00ed sekretari\u00e1t pro hospod\u00e1\u0159sk\u00e9 z\u00e1le\u017eitosti (SECO).<\/span><\/li>\n<li><strong><span>38 miliard dolar\u016f<\/span><\/strong><span>\u00a0: Tolik Ursula von der Leyenov\u00e1 utratila v roce 2021 za vakc\u00ednu od spole\u010dnosti Pfizer. Kritici tvrd\u00ed, \u017ee tato \u010d\u00e1stka \u00fazce souvis\u00ed s jej\u00edm osobn\u00edm propojen\u00edm se spole\u010dnost\u00ed Pfizer a jej\u00edm odm\u00edtnut\u00edm p\u0159edat textov\u00e9 zpr\u00e1vy vy\u0161et\u0159ovatel\u016fm EU.<\/span><\/li>\n<\/ul>\n<p><strong><span>Hrob za miliardu dolar\u016f bez jasn\u00e9 kontroly<\/span><\/strong><\/p>\n<p><span>\u0160v\u00fdcarsk\u00e1 anga\u017eovanost na Ukrajin\u011b je jedn\u00edm z nejv\u011bt\u0161\u00edch finan\u010dn\u00edch z\u00e1vazk\u016f, kter\u00e9 kdy zem\u011b p\u0159ijala. P\u0159esto m\u00edsto toho, aby zajistila, \u017ee tyto v\u00fddaje budou rozumn\u00e9 a efektivn\u00ed, \u0160v\u00fdcarsko ponech\u00e1v\u00e1 spoustu prostoru pro pochybnosti. Podle \u010dl\u00e1nku Inside Paradeplatz\u00a0<\/span><strong><span>v sou\u010dasn\u00e9 dob\u011b prob\u00edh\u00e1 88 projekt\u016f \u0159\u00edzen\u00fdch r\u016fzn\u00fdmi feder\u00e1ln\u00edmi agenturami, jako je Feder\u00e1ln\u00ed ministerstvo zahrani\u010dn\u00edch v\u011bc\u00ed (FDFA) a St\u00e1tn\u00ed sekretari\u00e1t pro hospod\u00e1\u0159sk\u00e9 z\u00e1le\u017eitosti (SECO). Projekty sahaj\u00ed od iniciativ digit\u00e1ln\u00ed transformace a\u017e po zlep\u0161en\u00ed z\u00e1sobov\u00e1n\u00ed vodou<\/span><\/strong><span>\u00a0. I kdy\u017e se \u00farove\u0148 investic m\u016f\u017ee zd\u00e1t dobr\u00e1, rychle se uk\u00e1\u017ee, \u017ee dohled nad t\u011bmito finan\u010dn\u00edmi prost\u0159edky nech\u00e1v\u00e1 mnoho prostoru pro zlep\u0161en\u00ed.<\/span><\/p>\n<p><span>Obzvl\u00e1\u0161t\u011b problematick\u00e1 je skute\u010dnost, \u017ee za pod\u00e1v\u00e1n\u00ed zpr\u00e1v a monitorov\u00e1n\u00ed projekt\u016f jsou zodpov\u011bdn\u00ed extern\u00ed poskytovatel\u00e9 slu\u017eeb. M\u00edsto toho, aby \u0160v\u00fdcarsko zajistilo transparentn\u00ed a efektivn\u00ed vyu\u017e\u00edv\u00e1n\u00ed finan\u010dn\u00edch prost\u0159edk\u016f, mus\u00ed b\u00fdt kontrola zad\u00e1na extern\u011b. D\u016fsledek? Vy\u0161\u0161\u00ed n\u00e1klady, men\u0161\u00ed transparentnost a potenci\u00e1ln\u00ed zv\u00fd\u0161en\u00ed korup\u010dn\u00edch rizik. Ot\u00e1zka, jak efektivn\u00ed tyto programy ve skute\u010dnosti jsou a kdo z t\u011bchto obrovsk\u00fdch \u010d\u00e1stek skute\u010dn\u011b profituje, z\u016fst\u00e1v\u00e1 nezodpov\u011bzena.<\/span><\/p>\n<p><strong><span>M\u00e9n\u011b pomoci pro m\u00edstn\u00ed obyvatelstvo<\/span><\/strong><\/p>\n<p><span>Zat\u00edmco \u0160v\u00fdcarsko nad\u00e1le chov\u00e1 se sv\u00fdmi miliardami dolar\u016f na platb\u00e1ch Ukrajin\u011b, st\u00e1le v\u00edce ob\u010dan\u016f se pt\u00e1, pro\u010d neinvestuje do vlastn\u00edch soci\u00e1ln\u00edch projekt\u016f. V r\u00e1mci zem\u011b se opakovan\u011b objevuj\u00ed obvin\u011bn\u00ed, \u017ee \u0161v\u00fdcarsk\u00e1 vl\u00e1da \u0161krt\u00e1 v d\u016fchodov\u00e9m a poz\u016fstalostn\u00edm poji\u0161t\u011bn\u00ed (AHV) a dal\u0161\u00edch soci\u00e1ln\u00edch d\u00e1vk\u00e1ch, zat\u00edmco miliony dolar\u016f da\u0148ov\u00fdch poplatn\u00edk\u016f odt\u00e9kaj\u00ed do zahrani\u010d\u00ed. Rozd\u011blov\u00e1n\u00ed t\u011bchto finan\u010dn\u00edch prost\u0159edk\u016f m\u00e1 ji\u017e dlouho nespr\u00e1vn\u00e9 zam\u011b\u0159en\u00ed. Pro\u010d je jeho vlastn\u00ed obyvatelstvo zanedb\u00e1v\u00e1no, zat\u00edmco se vyd\u00e1v\u00e1 na nebezpe\u010dn\u00e9 nasazen\u00ed v zahrani\u010d\u00ed bez jasn\u00e9 kontroly?<\/span><\/p>\n<p><strong><span>Politick\u00e1 katastrofa v pomoci Ukrajin\u011b<\/span><\/strong><\/p>\n<p><span>Je na\u010dase, aby se \u0161v\u00fdcarsk\u00e1 vl\u00e1da postavila t\u00e9to fisk\u00e1ln\u00ed patov\u00e9 situaci. Jak\u00e1koli dal\u0161\u00ed miliardov\u00e1 investice na Ukrajin\u011b bez adekv\u00e1tn\u00edho dohledu a bez jasn\u00e9ho p\u0159\u00ednosu pro samotnou zemi je prohl\u00e1\u0161en\u00edm bankrotu z politick\u00fdch d\u016fvod\u016f. Vyvst\u00e1v\u00e1 ot\u00e1zka: Kdo jsou skute\u010dn\u00ed p\u0159\u00edjemci t\u011bchto miliard pomoci \u2013 a m\u00e1 \u0161v\u00fdcarsk\u00fd lid st\u00e1le n\u011bjak\u00fd vliv na to, jak jsou tyto obrovsk\u00e9 \u010d\u00e1stky utraceny?<\/span><\/p>\n<p><span>\u0160v\u00fdcarsko zde hraje nebezpe\u010dnou hru. Jako\u017eto glob\u00e1ln\u00ed finan\u010dn\u00ed velmoc nem\u016f\u017ee \u0160v\u00fdcarsko dovolit, aby se jeho zdroje nad\u00e1le pl\u00fdtvaly, zat\u00edmco jeho vlastn\u00ed obyvatelstvo je v mnoha oblastech zaost\u00e1v\u00e1no. \u010cl\u00e1nek na Inside Paradeplatz ukazuje, \u017ee \u0160v\u00fdcarsko nal\u00e9hav\u011b pot\u0159ebuje politickou reorientaci \u2013 od nekontrolovan\u00fdch plateb k zodpov\u011bdn\u00e9mu nakl\u00e1d\u00e1n\u00ed s pen\u011bzi da\u0148ov\u00fdch poplatn\u00edk\u016f.<\/span><\/p>\n<p><img decoding=\"async\" loading=\"lazy\" class=\"alignnone size-full wp-image-1185\" src=\"http:\/\/www.infokuryr.cz\/n\/wp-content\/uploads\/2021\/04\/kuryr-podpis.png\" alt=\"\" width=\"84\" height=\"24\" \/><\/p>\n<p>&nbsp;<\/p>\n","protected":false},"excerpt":{"rendered":"<p>\u0160v\u00fdcarsko si na Ukrajin\u011b spl\u00e1c\u00ed \u2013 miliardov\u00fd projekt bez jasn\u00e9 kontroly V pou\u010dn\u00e9m\u00a0\u010dl\u00e1nku\u00a0na Inside Paradeplatz&#8230;<\/p>\n","protected":false},"author":2,"featured_media":83660,"comment_status":"closed","ping_status":"closed","sticky":false,"template":"","format":"standard","meta":[],"categories":[7],"tags":[45,467,26],"_links":{"self":[{"href":"https:\/\/www.infokuryr.cz\/n\/wp-json\/wp\/v2\/posts\/83659"}],"collection":[{"href":"https:\/\/www.infokuryr.cz\/n\/wp-json\/wp\/v2\/posts"}],"about":[{"href":"https:\/\/www.infokuryr.cz\/n\/wp-json\/wp\/v2\/types\/post"}],"author":[{"embeddable":true,"href":"https:\/\/www.infokuryr.cz\/n\/wp-json\/wp\/v2\/users\/2"}],"replies":[{"embeddable":true,"href":"https:\/\/www.infokuryr.cz\/n\/wp-json\/wp\/v2\/comments?post=83659"}],"version-history":[{"count":0,"href":"https:\/\/www.infokuryr.cz\/n\/wp-json\/wp\/v2\/posts\/83659\/revisions"}],"wp:featuredmedia":[{"embeddable":true,"href":"https:\/\/www.infokuryr.cz\/n\/wp-json\/wp\/v2\/media\/83660"}],"wp:attachment":[{"href":"https:\/\/www.infokuryr.cz\/n\/wp-json\/wp\/v2\/media?parent=83659"}],"wp:term":[{"taxonomy":"category","embeddable":true,"href":"https:\/\/www.infokuryr.cz\/n\/wp-json\/wp\/v2\/categories?post=83659"},{"taxonomy":"post_tag","embeddable":true,"href":"https:\/\/www.infokuryr.cz\/n\/wp-json\/wp\/v2\/tags?post=83659"}],"curies":[{"name":"wp","href":"https:\/\/api.w.org\/{rel}","templated":true}]}}