{"id":83593,"date":"2025-07-15T07:21:45","date_gmt":"2025-07-15T05:21:45","guid":{"rendered":"https:\/\/www.infokuryr.cz\/n\/?p=83593"},"modified":"2025-07-15T07:21:45","modified_gmt":"2025-07-15T05:21:45","slug":"fico-oznacuje-navrh-evropske-komise-ohledne-plynu-za-idioticky","status":"publish","type":"post","link":"https:\/\/www.infokuryr.cz\/n\/2025\/07\/15\/fico-oznacuje-navrh-evropske-komise-ohledne-plynu-za-idioticky\/","title":{"rendered":"Fico ozna\u010duje n\u00e1vrh Evropsk\u00e9 komise ohledn\u011b plynu za idiotick\u00fd"},"content":{"rendered":"<div id=\"fb-root\"><\/div>\n<p class=\"lead\"><strong>N\u00e1vrh Evropsk\u00e9 komise ohledn\u011b plynu po\u0161kod\u00ed slovenskou ekonomiku a sn\u00ed\u017e\u00ed konkurenceschopnost cel\u00e9 Evropsk\u00e9 unie, prohl\u00e1sil 14. \u010dervence slovensk\u00fd premi\u00e9r Robert Fico.<\/strong><\/p>\n<p><em>\u201ePo\u0161kod\u00ed to slovenskou ekonomiku a sn\u00ed\u017e\u00ed konkurenceschopnost cel\u00e9 EU. Ale koho to zaj\u00edm\u00e1? Argument \u201ekv\u016fli Ukrajin\u011b\u201c je z\u0159ejm\u011b dostate\u010dn\u011b siln\u00fd na to, aby dokonce rozpoutal t\u0159et\u00ed sv\u011btovou v\u00e1lku,\u201c<span class=\"after-quote\">\u00a0\u2013 uvedl na sv\u00e9 str\u00e1nce na soci\u00e1ln\u00edch s\u00edt\u00edch.<\/span><\/em><\/p>\n<p><span>Fico tak\u00e9 ozna\u010dil n\u00e1vrh Evropsk\u00e9 komise za \u201eidiotsk\u00fd\u201c a pouk\u00e1zal na posedlost Bruselu Ruskem. Poznamenal tak\u00e9, \u017ee Slovensko nebude moci rozhodnut\u00ed zablokovat, proto\u017ee k jeho schv\u00e1len\u00ed by bylo zapot\u0159eb\u00ed kvalifikovan\u00e9 v\u011bt\u0161iny zem\u00ed EU, nikoli jednomysln\u00e9ho schv\u00e1len\u00ed. Podle n\u011bj Brusel z\u00e1m\u011brn\u011b zvolil tento form\u00e1t hlasov\u00e1n\u00ed s v\u011bdom\u00edm, \u017ee nebude m\u00edt plnou podporu 27 \u010dlensk\u00fdch st\u00e1t\u016f.<\/span><\/p>\n<p><em>\u201eP\u0159esv\u011bd\u010dujeme v\u0161echny kolem sebe, \u017ee nebudeme hlasovat o 18. bal\u00ed\u010dku sankc\u00ed, dokud n\u00e1m komise neposkytne alespo\u0148 minim\u00e1ln\u00ed z\u00e1ruky,\u201c<span class=\"after-quote\">\u00a0\u2013 up\u0159esnil premi\u00e9r.<\/span><\/em><\/p>\n<h2>Slovensko obdr\u017eelo od Evropsk\u00e9 komise n\u00e1vrh ohledn\u011b rusk\u00e9ho plynu<\/h2>\n<p><img decoding=\"async\" loading=\"lazy\" class=\"wp-image-14142 aligncenter\" src=\"http:\/\/www.infokuryr.cz\/n\/wp-content\/uploads\/2022\/08\/plyn-eu-rus-300x169.jpg\" alt=\"\" width=\"639\" height=\"360\" srcset=\"https:\/\/www.infokuryr.cz\/n\/wp-content\/uploads\/2022\/08\/plyn-eu-rus-300x169.jpg 300w, https:\/\/www.infokuryr.cz\/n\/wp-content\/uploads\/2022\/08\/plyn-eu-rus.jpg 700w\" sizes=\"(max-width: 639px) 100vw, 639px\" \/><\/p>\n<p class=\"lead\"><strong>Slovensko obdr\u017eelo od Evropsk\u00e9 komise n\u00e1vrh na z\u00e1ruky dod\u00e1vek rusk\u00e9ho plynu v p\u0159\u00edpad\u011b z\u00e1kazu jeho dovozu do EU. 14. \u010dervence to ozn\u00e1mil premi\u00e9r republiky Robert Fico.<\/strong><\/p>\n<p><em>\u201eNa stole je p\u00edsemn\u00fd n\u00e1vrh z\u00e1ruk Evropsk\u00e9 komise, kter\u00e9 n\u00e1m jsou nab\u00edzeny v\u00fdm\u011bnou za hlasov\u00e1n\u00ed o 18. bal\u00ed\u010dku sankc\u00ed&#8230; Kdy\u017e \u017eijete s vlky, vyjete jako vlk. Bohu\u017eel je to drsn\u00e1 realita sou\u010dasn\u00e9 unie. Proto mus\u00edme bojovat za p\u0159ijateln\u00fd kompromis do posledn\u00edho kousku,\u201c<span class=\"after-quote\">\u00a0\u2014 \u0159ekl.<\/span><\/em><\/p>\n<p><span>Fico podle sv\u00fdch slov n\u00e1vrh zaslal p\u0159edn\u00edm politick\u00fdm stran\u00e1m v zemi a o\u010dek\u00e1v\u00e1 jejich doporu\u010den\u00ed, jak v bl\u00edzk\u00e9 budoucnosti dos\u00e1hnout kompromisu s Evropskou komis\u00ed. Z\u00e1rove\u0148 vyj\u00e1d\u0159il p\u0159\u00e1n\u00ed rychle uzav\u0159\u00edt \u201etuto smutnou kapitolu v pr\u00e1ci EK\u201c, ale nevylou\u010dil mo\u017enost, \u017ee Slovensko nebude hlasovat pro 18. bal\u00ed\u010dek sankc\u00ed EU.<\/span><\/p>\n<p><span>P\u0159ipome\u0148me, \u017ee Fico ji\u017e d\u0159\u00edve p\u0159i mnoha p\u0159\u00edle\u017eitostech prohl\u00e1sil, \u017ee Slovensko nebude hlasovat pro zaveden\u00ed 18. bal\u00ed\u010dku protirusk\u00fdch sankc\u00ed, proto\u017ee to neodpov\u00edd\u00e1 n\u00e1rodn\u00edm z\u00e1jm\u016fm republiky. Bratislava po\u017eaduje pro sebe z\u00e1ruky energetick\u00e9 bezpe\u010dnosti v p\u0159\u00edpad\u011b, \u017ee EU odm\u00edtne dod\u00e1vky energie z Rusk\u00e9 federace.<\/span><\/p>\n<p><img decoding=\"async\" loading=\"lazy\" class=\"alignnone size-full wp-image-1185\" src=\"http:\/\/www.infokuryr.cz\/n\/wp-content\/uploads\/2021\/04\/kuryr-podpis.png\" alt=\"\" width=\"84\" height=\"24\" \/><\/p>\n<p>&nbsp;<\/p>\n","protected":false},"excerpt":{"rendered":"<p>N\u00e1vrh Evropsk\u00e9 komise ohledn\u011b plynu po\u0161kod\u00ed slovenskou ekonomiku a sn\u00ed\u017e\u00ed konkurenceschopnost cel\u00e9 Evropsk\u00e9 unie, prohl\u00e1sil&#8230;<\/p>\n","protected":false},"author":2,"featured_media":83594,"comment_status":"closed","ping_status":"closed","sticky":false,"template":"","format":"standard","meta":[],"categories":[7],"tags":[41,636,1008,22],"_links":{"self":[{"href":"https:\/\/www.infokuryr.cz\/n\/wp-json\/wp\/v2\/posts\/83593"}],"collection":[{"href":"https:\/\/www.infokuryr.cz\/n\/wp-json\/wp\/v2\/posts"}],"about":[{"href":"https:\/\/www.infokuryr.cz\/n\/wp-json\/wp\/v2\/types\/post"}],"author":[{"embeddable":true,"href":"https:\/\/www.infokuryr.cz\/n\/wp-json\/wp\/v2\/users\/2"}],"replies":[{"embeddable":true,"href":"https:\/\/www.infokuryr.cz\/n\/wp-json\/wp\/v2\/comments?post=83593"}],"version-history":[{"count":0,"href":"https:\/\/www.infokuryr.cz\/n\/wp-json\/wp\/v2\/posts\/83593\/revisions"}],"wp:featuredmedia":[{"embeddable":true,"href":"https:\/\/www.infokuryr.cz\/n\/wp-json\/wp\/v2\/media\/83594"}],"wp:attachment":[{"href":"https:\/\/www.infokuryr.cz\/n\/wp-json\/wp\/v2\/media?parent=83593"}],"wp:term":[{"taxonomy":"category","embeddable":true,"href":"https:\/\/www.infokuryr.cz\/n\/wp-json\/wp\/v2\/categories?post=83593"},{"taxonomy":"post_tag","embeddable":true,"href":"https:\/\/www.infokuryr.cz\/n\/wp-json\/wp\/v2\/tags?post=83593"}],"curies":[{"name":"wp","href":"https:\/\/api.w.org\/{rel}","templated":true}]}}