{"id":83585,"date":"2025-07-15T07:02:38","date_gmt":"2025-07-15T05:02:38","guid":{"rendered":"https:\/\/www.infokuryr.cz\/n\/?p=83585"},"modified":"2025-07-15T07:02:38","modified_gmt":"2025-07-15T05:02:38","slug":"jeff-thomas-valka-je-jistota","status":"publish","type":"post","link":"https:\/\/www.infokuryr.cz\/n\/2025\/07\/15\/jeff-thomas-valka-je-jistota\/","title":{"rendered":"Jeff Thomas: V\u00e1lka je jistota"},"content":{"rendered":"<div id=\"fb-root\"><\/div>\n<div class=\"elementor-element elementor-element-1fb4c2c elementor-widget elementor-widget-theme-post-content\" data-id=\"1fb4c2c\" data-element_type=\"widget\" data-widget_type=\"theme-post-content.default\">\n<div class=\"elementor-widget-container\">\n<p><span>Jeden kolega ned\u00e1vno pronesl n\u00e1sleduj\u00edc\u00ed pozn\u00e1mku o pravd\u011bpodobnosti v\u00e1lky v bl\u00edzk\u00e9 budoucnosti:<\/span><\/p>\n<p><em>\u201eVelc\u00ed hr\u00e1\u010di r\u00e1di hraj\u00ed \u0161achy se sv\u011btem. Je to ta nejv\u011bt\u0161\u00ed hra. Bank\u00e9\u0159i pot\u0159ebuj\u00ed vzestupy a p\u00e1dy a v\u00e1lky, aby vyd\u011blali pen\u00edze. Arm\u00e1da pot\u0159ebuje v\u00e1lky k existenci. Politici pot\u0159ebuj\u00ed k existenci oboj\u00ed.\u201c<\/em><\/p>\n<p><span>P\u0159esto\u017ee opakoval koncept, o kter\u00e9m jsme diskutovali mnohokr\u00e1t, zarazilo m\u011b, \u017ee jsem nikdy nevid\u011bl toto t\u00e9ma definovan\u00e9 tak stru\u010dn\u011b a p\u0159itom tak informativn\u011b.<\/span><\/p>\n<p><span>Poj\u010fme k v\u011bci:<\/span><\/p>\n<h3 class=\"wp-block-heading\"><span>Bank\u00e9\u0159i pot\u0159ebuj\u00ed boomy a krachy \u2013 a v\u00e1lky \u2013 aby vyd\u011blali pen\u00edze.<\/span><\/h3>\n<p><span>Stejn\u011b jako bank\u00e9\u0159i zvy\u0161uj\u00ed sv\u00e9 zisky prost\u0159ednictv\u00edm ekonomick\u00fdch v\u00fdkyv\u016f, profituj\u00ed i z v\u00e1lek. Nen\u00ed neobvykl\u00e9, \u017ee ur\u010dit\u00e1 banka financuje ty, kte\u0159\u00ed se sna\u017e\u00ed vyvolat ozbrojen\u00fd konflikt \u2013 a n\u011bkdy skute\u010dn\u011b financuje ob\u011b strany. I kdy\u017e banky maj\u00ed jin\u00e9 zp\u016fsoby, jak vyd\u011blat pen\u00edze, v\u00e1lka je \u010dasto ziskov\u011bj\u0161\u00ed ne\u017e konven\u010dn\u00ed bankovnictv\u00ed.<\/span><\/p>\n<h3 class=\"wp-block-heading\"><span>Arm\u00e1da pot\u0159ebuje v\u00e1lku.<\/span><\/h3>\n<p><span>Obchod vojensko-pr\u016fmyslov\u00e9ho komplexu spo\u010d\u00edv\u00e1 v prodeji zbran\u00ed vl\u00e1d\u00e1m. V dob\u011b m\u00edru m\u016f\u017ee b\u00fdt prodej dobr\u00fd \u2013 ve v\u00e1lce naopak prudce roste. Proto z v\u00e1lky profituje ka\u017ed\u00fd dodavatel zbran\u00ed. Nez\u00e1le\u017e\u00ed na tom, zda se jedn\u00e1 o tot\u00e1ln\u00ed v\u00e1lku, nebo o s\u00e9rii men\u0161\u00edch operac\u00ed. C\u00edlem je prodat.<\/span><\/p>\n<h3 class=\"wp-block-heading\"><span>Politici pot\u0159ebuj\u00ed jak banky, tak v\u00e1lku.<\/span><\/h3>\n<p><span>To je pravda, proto\u017ee politici k \u00fasp\u011bchu pot\u0159ebuj\u00ed jak bank\u00e9\u0159e, tak aktivn\u00ed arm\u00e1du. Politick\u00e9 kampan\u011b z\u00e1vis\u00ed na financov\u00e1n\u00ed. Banky a dodavatel\u00e9 obrann\u00fdch technologi\u00ed jsou ji\u017e dlouho hlavn\u00edmi d\u00e1rci kandid\u00e1t\u016f hlavn\u00edch politick\u00fdch stran. (Platba ob\u011bma stran\u00e1m s dostate\u010dn\u00fdm p\u0159edstihem p\u0159ed volbami zaji\u0161\u0165uje, \u017ee banky a v\u00fdrobci zbran\u00ed budou m\u00edt p\u0159ednostn\u00ed zach\u00e1zen\u00ed \u2013 bez ohledu na to, kdo vyhraje.)<\/span><\/p>\n<p><span>Existuje v\u0161ak je\u0161t\u011b jeden d\u016fvod, pro\u010d jsou ozbrojen\u00e9 konflikty pro politiky d\u016fle\u017eit\u00e9:<\/span><\/p>\n<ol>\n<li><span>Je samoz\u0159ejmost\u00ed, \u017ee zem\u011b b\u011bhem v\u00e1lky jen z\u0159\u00eddka m\u011bn\u00ed vl\u00e1du. Pro politika nen\u00ed nic d\u016fle\u017eit\u011bj\u0161\u00edho ne\u017e dal\u0161\u00ed funk\u010dn\u00ed obdob\u00ed.<\/span><\/li>\n<li><span>Nic neodv\u00e1d\u00ed pozornost obyvatelstva od dom\u00e1c\u00edch politick\u00fdch selh\u00e1n\u00ed tak \u00fa\u010dinn\u011b jako v\u00e1lka.<\/span><\/li>\n<li><span>Vl\u00e1dy maj\u00ed tendenci v pr\u016fb\u011bhu \u010dasu omezovat ob\u010dansk\u00e9 svobody. Zat\u00edmco v dob\u011b m\u00edru obyvatelstvo protestuje, ve v\u00e1le\u010dn\u00e9 dob\u011b se t\u011bchto svobod sp\u00ed\u0161e vzd\u00e1v\u00e1 \u201edo\u010dasn\u011b\u201c \u2013 \u201epro dobro n\u00e1roda\u201c. Po v\u00e1lce jsou v\u0161ak tato pr\u00e1va z\u0159\u00eddka obnovena.<\/span><\/li>\n<\/ol>\n<p><strong>James Madison, \u010dtvrt\u00fd prezident Spojen\u00fdch st\u00e1t\u016f, jednou \u0159ekl:<\/strong><\/p>\n<p><em>\u201eZe v\u0161ech nep\u0159\u00e1tel ve\u0159ejn\u00e9 svobody je v\u00e1lka snad nejob\u00e1van\u011bj\u0161\u00ed, proto\u017ee obsahuje z\u00e1rodek v\u0161ech ostatn\u00edch a \u017eiv\u00ed je. V\u00e1lka je matkou arm\u00e1d; z nich rostou dluhy a dan\u011b; a arm\u00e1dy, dluhy a dan\u011b jsou dob\u0159e zn\u00e1m\u00fdm prost\u0159edkem, kter\u00fdm jsou mnoz\u00ed podrobeni vl\u00e1d\u011b men\u0161iny. Ve v\u00e1lce se roz\u0161i\u0159uje uv\u00e1\u017een\u00ed v\u00fdkonn\u00e9 moci&#8230; \u017d\u00e1dn\u00fd n\u00e1rod si nem\u016f\u017ee uchovat svou svobodu uprost\u0159ed neust\u00e1l\u00e9 v\u00e1lky.\u201c<\/em><\/p>\n<p><span>Obecn\u011b plat\u00ed, \u017ee ob\u010dan\u00e9 v\u011bt\u0161iny zem\u00ed by rad\u011bji ne\u0161li do v\u00e1lky \u2013 jen z\u0159\u00eddka z n\u00ed maj\u00ed prosp\u011bch. Podn\u011bt k v\u00e1lce t\u00e9m\u011b\u0159 nikdy nepoch\u00e1z\u00ed od obyvatelstva. Dokud nen\u00ed zem\u011b p\u0159\u00edmo napadena, je t\u00e9m\u011b\u0159 v\u017edy nutn\u00e9 obyvatelstvo p\u0159esv\u011bd\u010dit, aby do v\u00e1lky \u0161lo.<\/span><\/p>\n<h3 class=\"wp-block-heading\"><span>P\u0159esv\u011bd\u010dit obyvatelstvo<\/span><\/h3>\n<p><span>Dobr\u00fdm p\u0159\u00edkladem jsou Spojen\u00e9 st\u00e1ty. Od prvn\u00ed sv\u011btov\u00e9 v\u00e1lky muselo b\u00fdt obyvatelstvo poka\u017ed\u00e9 p\u0159esv\u011bd\u010dov\u00e1no, \u017ee v\u00e1lka je nezbytn\u00e1. V prvn\u00ed sv\u011btov\u00e9 v\u00e1lce byl incident v Lusitanii \u00famysln\u011b zorganizov\u00e1n Velkou Brit\u00e1ni\u00ed a Spojen\u00fdmi st\u00e1ty. Ve druh\u00e9 sv\u011btov\u00e9 v\u00e1lce bylo Japonsko vyprovokov\u00e1no. Ve Vietnamu byl nutn\u00fd vykonstruovan\u00fd incident v Tonkinsk\u00e9m z\u00e1livu \u2013 a tak d\u00e1le.<\/span><\/p>\n<p><span>Stru\u010dn\u011b \u0159e\u010deno: Pokud bank\u00e9\u0159i, vojensk\u00fd komplex nebo politici (nebo v\u0161ichni t\u0159i) cht\u011bj\u00ed v\u00e1lku, bude v\u00e1lka. A pokud nebude existovat \u017e\u00e1dn\u00e1 skute\u010dn\u00e1 hrozba, bude n\u011bjak\u00e1 vymy\u0161lena.<\/span><\/p>\n<h3 class=\"wp-block-heading\"><span>Znamen\u00ed se zvy\u0161uj\u00ed<\/span><\/h3>\n<p><span>Z\u00e1padn\u00ed st\u00e1ty \u2013 zejm\u00e9na ty v rozvojov\u00e9m sv\u011bt\u011b \u2013 v sou\u010dasn\u00e9 dob\u011b dos\u00e1hly nejvy\u0161\u0161\u00ed \u00farovn\u011b zadlu\u017een\u00ed ve sv\u00e9 historii. Navzdory desetilet\u00edm uspokojen\u00ed se ob\u010dan\u00e9 EU a USA st\u00e1le v\u00edce uv\u011bdomuj\u00ed: Byli podvedeni.<\/span><\/p>\n<p><span>Vl\u00e1d\u00e1m doch\u00e1zej\u00ed odv\u00e1d\u011bc\u00ed taktiky. Zd\u00e1 se, \u017ee pot\u0159eba v\u00e1lky \u2013 jak k odveden\u00ed pozornosti obyvatelstva, tak k vyma\u010dk\u00e1n\u00ed posledn\u00edch pen\u011bz p\u0159ed krachem \u2013 byla jen z\u0159\u00eddka v\u011bt\u0161\u00ed.<\/span><\/p>\n<h3 class=\"wp-block-heading\"><span>Co to pro v\u00e1s znamen\u00e1?<\/span><\/h3>\n<p><span>Mo\u017en\u00e1 v\u00e1s nepo\u0161lou na frontu, ale bubny v\u00e1lky by v\u00e1s nem\u011bly nechat chladn\u00fdmi. Proto\u017ee zde je historick\u00fd fakt:<\/span><\/p>\n<p><strong><span>Pora\u017een\u00fd ve v\u00e1lce je t\u00e9m\u011b\u0159 v\u017edy ten, komu dojdou pen\u00edze jako prvn\u00edmu.<\/span><\/strong><\/p>\n<p><span>V\u00e1lka je nejdra\u017e\u0161\u00ed podnik ze v\u0161ech. EU a USA jsou dnes de facto v bankrotu. I kdy\u017e se do arm\u00e1dy nemus\u00edte p\u0159idat, zaplat\u00edte: prost\u0159ednictv\u00edm dan\u00ed, inflace a vyvlastn\u011bn\u00ed.<\/span><\/p>\n<p><span>Ka\u017ed\u00fd, kdo m\u00e1 ji\u017e nyn\u00ed pocit, \u017ee sotva dok\u00e1\u017ee dost\u00e1t sv\u00fdm vl\u00e1dn\u00edm z\u00e1vazk\u016fm, by se m\u011bl pe\u010dliv\u011b zamyslet nad t\u00edm, co by velk\u00e1 v\u00e1lka znamenala \u2013 finan\u010dn\u011b, soci\u00e1ln\u011b i politicky.<\/span><\/p>\n<\/div>\n<\/div>\n<div class=\"elementor-element elementor-element-8c57238 quelle dc-has-condition dc-condition-empty elementor-widget elementor-widget-heading\" data-id=\"8c57238\" data-element_type=\"widget\" data-widget_type=\"heading.default\">\n<div class=\"elementor-widget-container\">\n<h3 class=\"elementor-heading-title elementor-size-default\"><span style=\"font-size: 10pt;\"><a href=\"https:\/\/internationalman.com\/articles\/war-is-a-certainty\/\" target=\"_blank\" rel=\"nofollow noopener\">Zdroj<\/a><\/span><\/h3>\n<p>&nbsp;<\/p>\n<\/div>\n<\/div>\n","protected":false},"excerpt":{"rendered":"<p>Jeden kolega ned\u00e1vno pronesl n\u00e1sleduj\u00edc\u00ed pozn\u00e1mku o pravd\u011bpodobnosti v\u00e1lky v bl\u00edzk\u00e9 budoucnosti: \u201eVelc\u00ed hr\u00e1\u010di r\u00e1di&#8230;<\/p>\n","protected":false},"author":2,"featured_media":83586,"comment_status":"closed","ping_status":"closed","sticky":false,"template":"","format":"standard","meta":[],"categories":[7],"tags":[3638,1503,90,40],"_links":{"self":[{"href":"https:\/\/www.infokuryr.cz\/n\/wp-json\/wp\/v2\/posts\/83585"}],"collection":[{"href":"https:\/\/www.infokuryr.cz\/n\/wp-json\/wp\/v2\/posts"}],"about":[{"href":"https:\/\/www.infokuryr.cz\/n\/wp-json\/wp\/v2\/types\/post"}],"author":[{"embeddable":true,"href":"https:\/\/www.infokuryr.cz\/n\/wp-json\/wp\/v2\/users\/2"}],"replies":[{"embeddable":true,"href":"https:\/\/www.infokuryr.cz\/n\/wp-json\/wp\/v2\/comments?post=83585"}],"version-history":[{"count":0,"href":"https:\/\/www.infokuryr.cz\/n\/wp-json\/wp\/v2\/posts\/83585\/revisions"}],"wp:featuredmedia":[{"embeddable":true,"href":"https:\/\/www.infokuryr.cz\/n\/wp-json\/wp\/v2\/media\/83586"}],"wp:attachment":[{"href":"https:\/\/www.infokuryr.cz\/n\/wp-json\/wp\/v2\/media?parent=83585"}],"wp:term":[{"taxonomy":"category","embeddable":true,"href":"https:\/\/www.infokuryr.cz\/n\/wp-json\/wp\/v2\/categories?post=83585"},{"taxonomy":"post_tag","embeddable":true,"href":"https:\/\/www.infokuryr.cz\/n\/wp-json\/wp\/v2\/tags?post=83585"}],"curies":[{"name":"wp","href":"https:\/\/api.w.org\/{rel}","templated":true}]}}