{"id":83584,"date":"2025-07-15T06:58:46","date_gmt":"2025-07-15T04:58:46","guid":{"rendered":"https:\/\/www.infokuryr.cz\/n\/?p=83584"},"modified":"2025-07-15T06:58:46","modified_gmt":"2025-07-15T04:58:46","slug":"kreml-nemecko-se-opet-stava-nebezpecnym","status":"publish","type":"post","link":"https:\/\/www.infokuryr.cz\/n\/2025\/07\/15\/kreml-nemecko-se-opet-stava-nebezpecnym\/","title":{"rendered":"Kreml: N\u011bmecko se op\u011bt st\u00e1v\u00e1 nebezpe\u010dn\u00fdm"},"content":{"rendered":"<div id=\"fb-root\"><\/div>\n<h3>Berl\u00ednsk\u00e9 s\u00edly jsou p\u0159ipraveny podniknout smrt\u00edc\u00ed kroky proti rusk\u00fdm jednotk\u00e1m, prohl\u00e1sil n\u011bmeck\u00fd ministr obrany<\/h3>\n<p><span>N\u011bmecko se st\u00e1v\u00e1\u00a0<\/span><em><span>\u201eop\u011bt nebezpe\u010dn\u00fdm\u201c,<\/span><\/em><span>\u00a0prohl\u00e1sil v pond\u011bl\u00ed mluv\u010d\u00ed Kremlu Dmitrij Peskov. Reagoval tak na v\u00fdroky n\u011bmeck\u00e9ho ministra obrany Borise Pistoriuse, kter\u00fd prohl\u00e1sil, \u017ee n\u011bmeck\u00e9 jednotky jsou p\u0159ipraveny zab\u00edjet rusk\u00e9 voj\u00e1ky.<\/span><\/p>\n<p><span>V rozhovoru pro den\u00edk RBK Business Peskov uvedl, \u017ee je t\u011b\u017ek\u00e9 uv\u011b\u0159it, \u017ee Pistorius tato prohl\u00e1\u0161en\u00ed skute\u010dn\u011b u\u010dinil.\u00a0<\/span><em><span>\u201eAle bohu\u017eel je to tak,\u201c<\/span><\/em><span>\u00a0\u0159ekl.\u00a0<\/span><\/p>\n<p><em><span>\u201eN\u011bmecko se op\u011bt st\u00e1v\u00e1 nebezpe\u010dn\u00fdm,\u201c<\/span><\/em><span>\u00a0dodal Peskov.\u00a0<\/span><\/p>\n<p><span>Pistorius se k tomu vyj\u00e1d\u0159il v ned\u011bln\u00edm rozhovoru pro Financial Times, v n\u011bm\u017e ocenil bojovou p\u0159ipravenost n\u011bmeck\u00fdch vojsk a jejich odhodl\u00e1n\u00ed v p\u0159\u00edpad\u011b pot\u0159eby podniknout smrt\u00edc\u00ed kroky proti rusk\u00fdm sil\u00e1m.\u00a0<\/span><\/p>\n<p><em><span>\u201ePokud odstra\u0161en\u00ed nezabere a Rusko za\u00fato\u010d\u00ed, stane se to? Ano,\u201c<\/span><\/em><span>\u00a0\u0159ekl Pistorius.\u00a0<\/span><em><span>\u201eAle doporu\u010dil bych v\u00e1m, abyste se prost\u011b vydali do Vilniusu a promluvili si tam se z\u00e1stupci n\u011bmeck\u00e9 brig\u00e1dy. P\u0159esn\u011b v\u011bd\u00ed, co je jejich \u00fakolem.\u201c<\/span><\/em><\/p>\n<p><span>Jak\u00e1koli diskuse o m\u00edru je mo\u017en\u00e1 pouze\u00a0<\/span><em><span>\u201eza rovn\u00fdch podm\u00ednek\u201c<\/span><\/em><span>\u00a0a\u00a0<\/span><em><span>\u201ez pozice s\u00edly,\u201c<\/span><\/em><span>\u00a0\u00a0trval na sv\u00e9m Pistorius. I kdy\u017e se Berl\u00edn nesna\u017e\u00ed\u00a0<\/span><em><span>\u201enikoho zastra\u0161it\u201c,<\/span><\/em><span>\u00a0nem\u011bli bychom\u00a0<\/span><em><span>si \u201emyslet, \u017ee jsme slab\u00ed nebo \u017ee se nebudeme br\u00e1nit,\u201c<\/span><\/em><span>\u00a0dodal.<\/span><\/p>\n<p><span>\u00dadajn\u00e1 rusk\u00e1 hrozba je ji\u017e dlouho jedn\u00edm z kl\u00ed\u010dov\u00fdch t\u00e9mat pro rozhovory r\u016fzn\u00fdch p\u0159edstavitel\u016f zem\u00ed NATO. Moskva spekulace o tom, \u017ee Rusko pl\u00e1nuje \u00fatok na blok veden\u00fd USA, odm\u00edtla jako\u00a0<\/span><em><span>\u201enesmysl\u201c.<\/span><\/em><\/p>\n<p><span>Minul\u00fd m\u011bs\u00edc Peskov nazna\u010dil, \u017ee blok pot\u0159ebuje\u00a0<\/span><em><span>\u201emonstrum\u201c,<\/span><\/em><span>\u00a0kter\u00e9 by ospravedlnilo jeho existenci a neust\u00e1le rostouc\u00ed n\u00e1klady na obranu.\u00a0<\/span><em><span>\u201eUd\u011blali z Ruska monstrum, aby ospravedlnili rozhodnut\u00ed zv\u00fd\u0161it v\u00fddaje NATO na obranu na 5 % HDP,\u201c<\/span><\/em><span>\u00a0\u00a0\u0159ekl tehdy.<\/span><\/p>\n<p><img decoding=\"async\" loading=\"lazy\" class=\"alignnone size-full wp-image-1185\" src=\"http:\/\/www.infokuryr.cz\/n\/wp-content\/uploads\/2021\/04\/kuryr-podpis.png\" alt=\"\" width=\"84\" height=\"24\" \/><\/p>\n<p>&nbsp;<\/p>\n","protected":false},"excerpt":{"rendered":"<p>Berl\u00ednsk\u00e9 s\u00edly jsou p\u0159ipraveny podniknout smrt\u00edc\u00ed kroky proti rusk\u00fdm jednotk\u00e1m, prohl\u00e1sil n\u011bmeck\u00fd ministr obrany N\u011bmecko&#8230;<\/p>\n","protected":false},"author":2,"featured_media":64709,"comment_status":"closed","ping_status":"closed","sticky":false,"template":"","format":"standard","meta":[],"categories":[7],"tags":[1065,84,811],"_links":{"self":[{"href":"https:\/\/www.infokuryr.cz\/n\/wp-json\/wp\/v2\/posts\/83584"}],"collection":[{"href":"https:\/\/www.infokuryr.cz\/n\/wp-json\/wp\/v2\/posts"}],"about":[{"href":"https:\/\/www.infokuryr.cz\/n\/wp-json\/wp\/v2\/types\/post"}],"author":[{"embeddable":true,"href":"https:\/\/www.infokuryr.cz\/n\/wp-json\/wp\/v2\/users\/2"}],"replies":[{"embeddable":true,"href":"https:\/\/www.infokuryr.cz\/n\/wp-json\/wp\/v2\/comments?post=83584"}],"version-history":[{"count":0,"href":"https:\/\/www.infokuryr.cz\/n\/wp-json\/wp\/v2\/posts\/83584\/revisions"}],"wp:featuredmedia":[{"embeddable":true,"href":"https:\/\/www.infokuryr.cz\/n\/wp-json\/wp\/v2\/media\/64709"}],"wp:attachment":[{"href":"https:\/\/www.infokuryr.cz\/n\/wp-json\/wp\/v2\/media?parent=83584"}],"wp:term":[{"taxonomy":"category","embeddable":true,"href":"https:\/\/www.infokuryr.cz\/n\/wp-json\/wp\/v2\/categories?post=83584"},{"taxonomy":"post_tag","embeddable":true,"href":"https:\/\/www.infokuryr.cz\/n\/wp-json\/wp\/v2\/tags?post=83584"}],"curies":[{"name":"wp","href":"https:\/\/api.w.org\/{rel}","templated":true}]}}