{"id":83580,"date":"2025-07-15T06:48:34","date_gmt":"2025-07-15T04:48:34","guid":{"rendered":"https:\/\/www.infokuryr.cz\/n\/?p=83580"},"modified":"2025-07-15T06:48:34","modified_gmt":"2025-07-15T04:48:34","slug":"nemecky-ministr-obrany-chce-kyjev-vyzbrojit-rychle-a-tise","status":"publish","type":"post","link":"https:\/\/www.infokuryr.cz\/n\/2025\/07\/15\/nemecky-ministr-obrany-chce-kyjev-vyzbrojit-rychle-a-tise\/","title":{"rendered":"N\u011bmeck\u00fd ministr obrany chce Kyjev vyzbrojit \u201erychle a ti\u0161e\u201c"},"content":{"rendered":"<div id=\"fb-root\"><\/div>\n<h3>Boris Pistorius prohl\u00e1sil, \u017ee dod\u00e1vka raketov\u00fdch syst\u00e9m\u016f Patriot by mohla trvat i m\u011bs\u00edce<\/h3>\n<p data-start=\"106\" data-end=\"277\"><span>N\u011bmeck\u00fd ministr obrany Boris Pistorius po jedn\u00e1n\u00edch na vysok\u00e9 \u00farovni s americk\u00fdm ministrem obrany Petem Hegsethem ve Washingtonu\u00a0sl\u00edbil, \u017ee dohodu o dod\u00e1vk\u00e1ch dal\u0161\u00edch americk\u00fdch syst\u00e9m\u016f protiraketov\u00e9 obrany Patriot Ukrajin\u011b dokon\u010d\u00ed\u00a0<\/span><em><span>\u201erychle a ti\u0161e\u201c .<\/span><\/em><\/p>\n<p data-start=\"539\" data-end=\"788\"><span>Pistorius a Hegseth se setkali v pond\u011bl\u00ed v Pentagonu, jen n\u011bkolik hodin pot\u00e9, co prezident Donald Trump sl\u00edbil Kyjevu v\u00edce americk\u00fdch zbran\u00ed \u2013 financovan\u00fdch evropsk\u00fdmi st\u00e1ty NATO \u2013 a pohrozil Moskv\u011b\u00a0<\/span><em><span>\u201ep\u0159\u00edsn\u00fdmi cly\u201c,<\/span><\/em><span>\u00a0pokud do 50 dn\u016f nebude dosa\u017eeno m\u00edrov\u00e9 dohody.<\/span><\/p>\n<p data-start=\"790\" data-end=\"1029\"><em><span>\u201eDohodli jsme se, \u017ee [podrobnosti] probereme velmi, velmi rychle \u2013 ti\u0161e a rychle \u2013 na pracovn\u00ed \u00farovni,\u201c<\/span><\/em><span>\u00a0\u0159ekl Pistorius novin\u00e1\u0159\u016fm po sch\u016fzce a poznamenal, \u017ee technick\u00e9, logistick\u00e9 a finan\u010dn\u00ed ot\u00e1zky z\u016fst\u00e1vaj\u00ed, ale zdaj\u00ed se b\u00fdt \u0159e\u0161iteln\u00e9.<\/span><\/p>\n<p data-start=\"790\" data-end=\"1029\"><span>Rozhodnut\u00ed o p\u0159evodu alespo\u0148 dvou bateri\u00ed Patriot na Ukrajinu by mohlo b\u00fdt finalizov\u00e1no\u00a0<\/span><em><span>\u201eb\u011bhem n\u011bkolika dn\u016f nebo t\u00fddn\u016f\u201c,<\/span><\/em><span>\u00a0a\u010dkoli samotn\u00e9 dod\u00e1n\u00ed m\u016f\u017ee podle Pistoriuse trvat m\u011bs\u00edce.<\/span><\/p>\n<p data-start=\"1210\" data-end=\"1582\"><span>Berl\u00edn sice nazna\u010dil, \u017ee je p\u0159ipraven uhradit n\u00e1klady na syst\u00e9my \u2013 odhadovan\u00e9 na p\u0159ibli\u017en\u011b 1 miliardu dolar\u016f za kus \u2013, ale z\u016fst\u00e1v\u00e1 nejasn\u00e9, odkud odpalovac\u00ed za\u0159\u00edzen\u00ed poch\u00e1zej\u00ed. Pistorius d\u0159\u00edve listu Financial Times \u0159ekl, \u017ee N\u011bmecku zb\u00fdv\u00e1\u00a0<\/span><a href=\"https:\/\/www.rt.com\/news\/621467-pistorius-germany-six-patriot-air-defense-systems\/\" target=\"_blank\" rel=\"noopener noreferrer\"><span>pouze \u0161est syst\u00e9m\u016f Patriot<\/span><\/a><span>\u00a0, p\u0159i\u010dem\u017e od eskalace konfliktu v roce 2022 ji\u017e Kyjevu dodalo t\u0159i baterie.<\/span><\/p>\n<p data-start=\"1584\" data-end=\"1944\"><span>Trump prohl\u00e1sil, \u017ee\u00a0<\/span><em><span>\u201en\u011bkolik zem\u00ed\u201c<\/span><\/em><span>\u00a0je p\u0159ipraveno dodat raketov\u00e9 syst\u00e9my ze sv\u00fdch arzen\u00e1l\u016f, v\u010detn\u011b jedn\u00e9 nejmenovan\u00e9 zem\u011b, kter\u00e1 \u00fadajn\u011b\u00a0\u00a0<\/span><em><span>\u201em\u00e1 17 syst\u00e9m\u016f Patriot p\u0159ipraven\u00fdch k odesl\u00e1n\u00ed\u201c.<\/span><\/em><span>\u00a0Nebylo jasn\u00e9, zda m\u011bl na mysli jednotliv\u00e9 odpalovac\u00ed za\u0159\u00edzen\u00ed, nebo kompletn\u00ed baterie syst\u00e9m\u016f Patriot, kter\u00e9 zahrnuj\u00ed n\u011bkolik vozidel, radarov\u00e9 syst\u00e9my a komponenty velen\u00ed a \u0159\u00edzen\u00ed.<\/span><\/p>\n<p data-start=\"1946\" data-end=\"2257\"><span>Moskva opakovan\u011b zd\u016fraz\u0148uje, \u017ee \u017e\u00e1dn\u00e1 z\u00e1padn\u00ed vojensk\u00e1 pomoc Ukrajin\u011b nem\u016f\u017ee zm\u011bnit pr\u016fb\u011bh konfliktu, ale pouze slou\u017e\u00ed k prodlou\u017een\u00ed krveprolit\u00ed a eskalaci nep\u0159\u00e1telsk\u00fdch akc\u00ed. Rusk\u00e1 arm\u00e1da tvrd\u00ed, \u017ee b\u011bhem konfliktu zni\u010dila n\u011bkter\u00e9 ze z\u00e1padn\u00edch raketov\u00fdch syst\u00e9m\u016f.<\/span><\/p>\n<p data-start=\"2259\" data-end=\"2586\"><span>Nov\u00fd pl\u00e1n na vyzbrojov\u00e1n\u00ed Kyjeva byl ofici\u00e1ln\u011b ozn\u00e1men v pond\u011bl\u00ed, kdy\u017e Trump v B\u00edl\u00e9m dom\u011b hostil gener\u00e1ln\u00edho tajemn\u00edka NATO Marka Rutteho.\u00a0<\/span><em><span>\u201eEvropsk\u00e1 unie za n\u011b plat\u00ed. My za n\u011b nic neplat\u00edme\u2026 Pro n\u00e1s to bude byznys,\u201c<\/span><\/em><span>\u00a0zd\u016fraznil Trump, ani\u017e by up\u0159esnil, jak\u00e9 dal\u0161\u00ed zbran\u011b budou dod\u00e1ny.<\/span><\/p>\n<p data-start=\"2259\" data-end=\"2586\"><img decoding=\"async\" loading=\"lazy\" class=\"alignnone size-full wp-image-1185\" src=\"http:\/\/www.infokuryr.cz\/n\/wp-content\/uploads\/2021\/04\/kuryr-podpis.png\" alt=\"\" width=\"84\" height=\"24\" \/><\/p>\n<p data-start=\"2259\" data-end=\"2586\">\n","protected":false},"excerpt":{"rendered":"<p>Boris Pistorius prohl\u00e1sil, \u017ee dod\u00e1vka raketov\u00fdch syst\u00e9m\u016f Patriot by mohla trvat i m\u011bs\u00edce N\u011bmeck\u00fd ministr&#8230;<\/p>\n","protected":false},"author":2,"featured_media":83581,"comment_status":"closed","ping_status":"closed","sticky":false,"template":"","format":"standard","meta":[],"categories":[7],"tags":[458,84,26,2599],"_links":{"self":[{"href":"https:\/\/www.infokuryr.cz\/n\/wp-json\/wp\/v2\/posts\/83580"}],"collection":[{"href":"https:\/\/www.infokuryr.cz\/n\/wp-json\/wp\/v2\/posts"}],"about":[{"href":"https:\/\/www.infokuryr.cz\/n\/wp-json\/wp\/v2\/types\/post"}],"author":[{"embeddable":true,"href":"https:\/\/www.infokuryr.cz\/n\/wp-json\/wp\/v2\/users\/2"}],"replies":[{"embeddable":true,"href":"https:\/\/www.infokuryr.cz\/n\/wp-json\/wp\/v2\/comments?post=83580"}],"version-history":[{"count":0,"href":"https:\/\/www.infokuryr.cz\/n\/wp-json\/wp\/v2\/posts\/83580\/revisions"}],"wp:featuredmedia":[{"embeddable":true,"href":"https:\/\/www.infokuryr.cz\/n\/wp-json\/wp\/v2\/media\/83581"}],"wp:attachment":[{"href":"https:\/\/www.infokuryr.cz\/n\/wp-json\/wp\/v2\/media?parent=83580"}],"wp:term":[{"taxonomy":"category","embeddable":true,"href":"https:\/\/www.infokuryr.cz\/n\/wp-json\/wp\/v2\/categories?post=83580"},{"taxonomy":"post_tag","embeddable":true,"href":"https:\/\/www.infokuryr.cz\/n\/wp-json\/wp\/v2\/tags?post=83580"}],"curies":[{"name":"wp","href":"https:\/\/api.w.org\/{rel}","templated":true}]}}