{"id":83539,"date":"2025-07-15T00:22:41","date_gmt":"2025-07-14T22:22:41","guid":{"rendered":"https:\/\/www.infokuryr.cz\/n\/?p=83539"},"modified":"2025-07-14T17:30:03","modified_gmt":"2025-07-14T15:30:03","slug":"ondrej-prokop-dalsi-kampelicka-nova-fialova-kauza-valkovy-kamaradsofty-za-stovky-milionu-kc","status":"publish","type":"post","link":"https:\/\/www.infokuryr.cz\/n\/2025\/07\/15\/ondrej-prokop-dalsi-kampelicka-nova-fialova-kauza-valkovy-kamaradsofty-za-stovky-milionu-kc\/","title":{"rendered":"Ond\u0159ej Prokop: Dal\u0161\u00ed kampeli\u010dka? Nov\u00e1 Fialova kauza. V\u00e1lkovy kamar\u00e1d\u0161ofty za stovky milion\u016f K\u010d"},"content":{"rendered":"<div id=\"fb-root\"><\/div>\n<p>Prasklo na Fialu! Po kampeli\u010dce m\u00e1 premi\u00e9r dal\u0161\u00ed z\u00e1hadnou investici, kterou nechce vysv\u011btlit. Vlo\u017eil dva miliony do zadlu\u017een\u00e9 rizikov\u00e9 firmy, kter\u00e1 te\u010f z lid\u00ed tah\u00e1 pen\u00edze a chce vybrat dal\u0161\u00ed miliardu. Odborn\u00edci p\u0159ed n\u00ed ale varuj\u00ed jako p\u0159ed &#8222;\u0161\u00edlenou investic\u00ed&#8220;. P\u0159ipome\u0148me, \u017ee ani kampeli\u010dku dodnes Fiala nijak neobjasnil a jej\u00ed \u0161\u00e9f byl nalezen mrtv\u00fd.<\/p>\n<p>\ud83d\udc49 Investice kolem \u010dlen\u016f ODS jsou celkov\u011b zaj\u00edmav\u00e9. Ministr Baxa si koupil rodinn\u00fd d\u016fm, ale nevysv\u011btlil, kde na n\u011bj vzal. Po upozorn\u011bn\u00ed novin\u00e1\u0159\u016f si b\u011bhem t\u00fddne najednou &#8222;rozpomn\u011bl&#8220;, \u017ee z\u00edskal osm milion\u016f K\u010d z cenn\u00fdch pap\u00edr\u016f.<\/p>\n<p>\ud83d\udc49 Jak prob\u00edh\u00e1 vy\u0161et\u0159ov\u00e1n\u00ed kauzy Bitcoin? Ministryn\u011b Decroix (ODS) najala odborn\u00edka, kter\u00fd ov\u0161em pro Seznam Zpr\u00e1vy doslova uvedl, \u017ee &#8222;bitcoin\u016fm nerozum\u00ed&#8220;. A nerozum\u00ed tomu pr\u00fd ani pot\u00e9, co si celou v\u011bc nastudoval. Tak\u017ee takhle to chce ODS pro\u0161et\u0159it?<\/p>\n<p>\ud83d\udc49 Motol i p\u0159es af\u00e9ru uzav\u0159el nov\u00e9 smlouvy s n\u011bkter\u00fdmi firmami, kter\u00e9 se objevily v korup\u010dn\u00ed kauze. Ruka ruku myje a jede se d\u00e1l. T\u00edm to ale nekon\u010d\u00ed. Ministr zdravotnictv\u00ed V\u00e1lek l\u00e9t\u00e1 do Dubaje na golf se \u0161\u00e9fem firmy, kter\u00e1 s ministerstvem uzav\u0159ela zak\u00e1zky za stovky milion\u016f. &#8222;Nev\u00edm, \u017ee m\u00e1 od n\u00e1s zak\u00e1zky,&#8220; \u0159\u00edk\u00e1.<\/p>\n<p>\ud83d\udc49 &#8222;Prost\u011b je vyvlastn\u00edme,&#8220; \u0159\u00edkaj\u00ed Mlad\u00ed Zelen\u00ed. Cht\u011bj\u00ed zn\u00e1rodnit t\u0159i nejv\u011bt\u0161\u00ed koncerny. Strana Zelen\u00fdch pak zatleskala i emisn\u00edm povolenk\u00e1m. &#8222;Zne\u010di\u0161\u0165ovatel\u00e9 mus\u00ed platit!&#8220; tvrd\u011b napsali na s\u00edt\u011b. Tohle jsou ti koali\u010dn\u00ed partne\u0159i Pir\u00e1t\u016f? M\u00e1me se na co t\u011b\u0161it.<\/p>\n<p>\ud83d\udc49 Prod\u011ble\u010dn\u00e1 m\u011bstsk\u00e1 firma, kter\u00e1 je pod palcem Pir\u00e1t\u016f, rozdala miliony korun na odm\u011bn\u00e1ch sv\u00fdm mana\u017eer\u016fm. Jeliko\u017e firma skon\u010dila lo\u0148sk\u00fd rok ve ztr\u00e1t\u011b, nezaplat\u00ed to nikdo jin\u00fd ne\u017e pr\u00e1v\u011b da\u0148ov\u00fd poplatn\u00edk. Zaj\u00edmav\u00e9, \u017ee tady to Pir\u00e1t\u016fm nevad\u00ed, kdy\u017e jinde tot\u00e9\u017e tvrd\u011b kritizuj\u00ed.<\/p>\n<p>\ud83d\udc49 Pod dal\u0161\u00ed pir\u00e1tskou m\u011bstskou firmou se zase \u0161melilo s byty. Novin\u00e1\u0159 Kmenta reportoval, jak se rozd\u00e1valy milionov\u00e9 \u00faplatky za obecn\u00ed bytov\u00e9 jednotky kolem pra\u017esk\u00e9ho centra. Budeme po\u017eadovat to pro\u0161et\u0159it na p\u0159\u00ed\u0161t\u00edm zastupitelstvu!<\/p>\n<p>\ud83d\udc49 Radn\u00ed Klecanda (Starostov\u00e9) navrhuje Praze, aby koupila budovu za 400 milion\u016f K\u010d. Shodou zaj\u00edmav\u00fdch okolnost\u00ed pat\u0159\u00ed budova jeho kolegovi ze STAN a z\u00e1rove\u0148 sponzorovi Raku\u0161anova hnut\u00ed. N\u00e1hoda? Nemysl\u00edm si a nemysl\u00ed si to ani Transparency International.<\/p>\n<p>\ud83d\udc49 H\u0159ib by m\u011bl b\u00fdt zaps\u00e1n do Guinessovy knihy rekord\u016f. Za sedm let, co je ve funkci, dok\u00e1zal zdr\u017eet stavbu metra D pr\u00e1v\u011b o dal\u0161\u00edch sedm let. P\u016fvodn\u011b se pl\u00e1novalo otev\u0159it roku 2029, nyn\u00ed to vypad\u00e1 na rok 2036. Rok zdr\u017een\u00ed na ka\u017ed\u00fd rok H\u0159ibovy pr\u00e1ce. To je opravdov\u00fd unik\u00e1t.<\/p>\n<p>\ud83d\udc49 Likvidovat dopravu naopak H\u0159ibovi jde. Do nejslo\u017eit\u011bj\u0161\u00ed a nejnebezpe\u010dn\u011bj\u0161\u00ed k\u0159i\u017eovatky v Praze (U Bulhara) nechal p\u0159id\u011blat nov\u00e9 cyklopruhy. Kdo tam na nich bude dobrovoln\u011b jezdit? Aut\u016fm samoz\u0159ejm\u011b naopak pruhy ubral.<\/p>\n<p>To v\u0161e a mnohem v\u00edc se dozv\u00edte ve 141. d\u00edlu m\u00e9ho politick\u00e9ho podcastu. D\u011bkuji v\u00e1m p\u0159edem za zhl\u00e9dnut\u00ed a pros\u00edm o dal\u0161\u00ed sd\u00edlen\u00ed, a\u0165 se pravdu dozv\u00ed co nejv\u00edc lid\u00ed! T\u011b\u0161\u00edm se na dotazy i koment\u00e1\u0159e!<\/p>\n<p><iframe loading=\"lazy\" title=\"Dal\u0161\u00ed kampeli\u010dka? Nov\u00e1 Fialova kauza. V\u00e1lkovy kamar\u00e1d\u0161ofty za stovky milion\u016f K\u010d. | \u010cau Praho #141\" width=\"640\" height=\"360\" src=\"https:\/\/www.youtube.com\/embed\/eVvXqRLrEFg?feature=oembed\" frameborder=\"0\" allow=\"accelerometer; autoplay; clipboard-write; encrypted-media; gyroscope; picture-in-picture; web-share\" referrerpolicy=\"strict-origin-when-cross-origin\" allowfullscreen><\/iframe><\/p>\n<p><strong>Ing. Ond\u0159ej Prokop<\/strong><\/p>\n<p>&nbsp;<\/p>\n","protected":false},"excerpt":{"rendered":"<p>Prasklo na Fialu! Po kampeli\u010dce m\u00e1 premi\u00e9r dal\u0161\u00ed z\u00e1hadnou investici, kterou nechce vysv\u011btlit. Vlo\u017eil dva&#8230;<\/p>\n","protected":false},"author":2,"featured_media":67844,"comment_status":"closed","ping_status":"closed","sticky":false,"template":"","format":"standard","meta":[],"categories":[6],"tags":[45,7068,535,1009,889],"_links":{"self":[{"href":"https:\/\/www.infokuryr.cz\/n\/wp-json\/wp\/v2\/posts\/83539"}],"collection":[{"href":"https:\/\/www.infokuryr.cz\/n\/wp-json\/wp\/v2\/posts"}],"about":[{"href":"https:\/\/www.infokuryr.cz\/n\/wp-json\/wp\/v2\/types\/post"}],"author":[{"embeddable":true,"href":"https:\/\/www.infokuryr.cz\/n\/wp-json\/wp\/v2\/users\/2"}],"replies":[{"embeddable":true,"href":"https:\/\/www.infokuryr.cz\/n\/wp-json\/wp\/v2\/comments?post=83539"}],"version-history":[{"count":0,"href":"https:\/\/www.infokuryr.cz\/n\/wp-json\/wp\/v2\/posts\/83539\/revisions"}],"wp:featuredmedia":[{"embeddable":true,"href":"https:\/\/www.infokuryr.cz\/n\/wp-json\/wp\/v2\/media\/67844"}],"wp:attachment":[{"href":"https:\/\/www.infokuryr.cz\/n\/wp-json\/wp\/v2\/media?parent=83539"}],"wp:term":[{"taxonomy":"category","embeddable":true,"href":"https:\/\/www.infokuryr.cz\/n\/wp-json\/wp\/v2\/categories?post=83539"},{"taxonomy":"post_tag","embeddable":true,"href":"https:\/\/www.infokuryr.cz\/n\/wp-json\/wp\/v2\/tags?post=83539"}],"curies":[{"name":"wp","href":"https:\/\/api.w.org\/{rel}","templated":true}]}}