{"id":83534,"date":"2025-07-15T00:13:25","date_gmt":"2025-07-14T22:13:25","guid":{"rendered":"https:\/\/www.infokuryr.cz\/n\/?p=83534"},"modified":"2025-07-14T11:28:29","modified_gmt":"2025-07-14T09:28:29","slug":"politolog-a-odbornik-na-odpady-ministr-vlcek-stan-vysvetluje-black-out","status":"publish","type":"post","link":"https:\/\/www.infokuryr.cz\/n\/2025\/07\/15\/politolog-a-odbornik-na-odpady-ministr-vlcek-stan-vysvetluje-black-out\/","title":{"rendered":"Politolog a odborn\u00edk na odpady ministr Vl\u010dek (STAN) \u201evysv\u011btluje\u201c black out"},"content":{"rendered":"<div id=\"fb-root\"><\/div>\n<h2 class=\"entry-title\">Dal\u0161\u00ed komedi\u00e1ln\u00ed gojim na sc\u00e9n\u011b?<\/h2>\n<p>Ned\u00e1vn\u00fd p\u00e1d velk\u00e9 \u010d\u00e1sti elektrick\u00e9 s\u00edt\u011b na n\u011bkolik hodin velk\u00e1 \u010d\u00e1st elektrick\u00e9 s\u00edt\u011b v\u00a0severn\u00ed a st\u0159edn\u00ed \u010d\u00e1sti zem\u011b.\u00a0<strong>A\u010dkoliv odborn\u00edci z\u00a0\u0159ad energetik\u016f varovali, \u017ee podobn\u00fd sc\u00e9n\u00e1\u0159 s\u00a0rostouc\u00edm pod\u00edlem \u201ep\u0159\u00edle\u017eitostn\u00fdch zdroj\u016f elektrick\u00e9 energie\u201c, povede k\u00a0nestabilit\u011b s\u00edt\u011b a mo\u017en\u00fdm blackout\u016fm, vl\u00e1da P. Fialy podobn\u00e1 varov\u00e1n\u00ed s\u00a0arogantn\u00edm nadhledem pov\u00fd\u0161en\u011b ignorovala. Kdy\u017e k\u00a0tomuto sc\u00e9n\u00e1\u0159i do\u0161lo, tak byla zcela bezradn\u00e1 a nyn\u00ed se pokou\u0161\u00ed zast\u0159\u00edt skute\u010dnou p\u0159\u00ed\u010dinu t\u00e9to katastrof\u00e1ln\u00ed situace. Skute\u010dnost, \u017ee 1\/3 zem\u011b byla 3 hodiny bez elekt\u0159in<\/strong>y, je p\u0159ece nem\u016f\u017ee vzru\u0161it!<\/p>\n<p><strong>Deindustrializaci zem\u011b a Evropy si p\u0159ece n\u011bjak\u00fdmi rozvracet nedaj\u00ed.<\/strong><\/p>\n<p><strong>O p\u0159\u00ed\u010din\u00e1ch black outu a jejich p\u0159edch\u00e1zen\u00ed by se jist\u011b odborn\u011b diskutovat dalo, jen\u017ee na to by re\u017eim pot\u0159eboval ty odborn\u00edky. Pokud nasad\u00ed \u201ek\u00e1dry\u201c jako ministr Vl\u010dek (STAN), pak se to podob\u00e1 sp\u00ed\u0161 grotesce.<\/strong><\/p>\n<p><strong>Pro \u010dten\u00e1\u0159e, pan ministr Vl\u010dek je vystudovan\u00fd politolog a region\u00e1ln\u00ed rozvoj\u00e1\u0159, ne to nen\u00ed \u017eert! Energetice rozum\u00ed asi jako koza petr\u017eeli\u2026. Stejn\u011b jako jeho \u201eporadci\u201c dozimetr\u00e1\u0159i.<\/strong><\/p>\n<p><strong>Proto\u017ee bl\u00e1boly typu, \u017ee za v\u0161e m\u016f\u017ee p\u00e1d d\u016fle\u017eit\u00e9ho vodi\u010de, prost\u011b neobstoj\u00ed. To se p\u0159ece d\u011blo i v\u00a0minulosti a k\u00a0p\u00e1du soustavy nedo\u0161lo. Jak to je mo\u017en\u00e9? Na to se p\u0159ekvapiv\u011b \u201eseri\u00f3zn\u00ed\u201c m\u00e9dia neptaj\u00ed a Vl\u010dek tomu zjevn\u011b nerozum\u00ed. Jinak by v\u011bd\u011bl, \u017ee rozkol\u00eds\u00e1n\u00ed energetick\u00e9 soustavy n\u00e1hl\u00fdm p\u0159evisem vyroben\u00e9 elektriky, kter\u00e1 nebyla pl\u00e1novan\u00e1 (ob\u010dasn\u00e9 zdroje \u2013 n\u011bkdy tak nespr\u00e1vn\u011b naz\u00fdvan\u00e9 obnoviteln\u00e9 zdroje se holt pl\u00e1novat nedaj\u00ed, v\u00edtr si fouk\u00e1 jak chce, slun\u00ed\u010dko si sv\u00edt\u00ed podle n\u00e1lady.) Co se ale regulovat d\u00e1, je odpojen\u00ed t\u011bchto nestabiln\u00edch zdroj\u016f od energetick\u00e9 soustavy. Jen\u017ee to je z\u00a0ideologick\u00fdch\u00a0 \u2013 green dealov\u00fdch\u201c d\u016fvod\u016f zak\u00e1z\u00e1no<\/strong>. P\u0159itom \u0159e\u0161en\u00ed je snadn\u00e9, takzvan\u00e1 smart grids u\u017e d\u00e1vno existuj\u00ed a \u010desk\u00e1 energetika je historicky st\u00e1le na vysok\u00e9 odborn\u00e9 \u00farovni. To ale Brusel zak\u00e1zal, srandovn\u00ed p\u0159itom je, \u017ee sou\u010dasn\u011b chce masivn\u011b zbrojit. Jen\u017ee k tomu je mimo jin\u00e9 pot\u0159eba dostatek energi\u00ed a jejich stabilita. Skute\u010dn\u00e1 v\u00fdroba \u010dehokoliv se ned\u00e1 pl\u00e1novat podle aktu\u00e1ln\u00edch rozmar\u016f po\u010das\u00ed. Jen\u017ee vysv\u011btlujte to \u201eliber\u00e1ln\u011b demokratick\u00fdm odborn\u00edk\u016fm a politik\u016fm\u201c.<\/p>\n<p>Tak mus\u00ed nastoupit komik Vl\u010dek se sv\u00fdmi bl\u00e1boly, kter\u00fd se sm\u011bje ka\u017ed\u00fd trochu soudn\u00fd \u010dlov\u011bk nejenom z\u00a0oboru.<\/p>\n<p>Podobn\u00e9 situace za\u017e\u00edv\u00e1me v\u00a0posledn\u00edch letech \u010dasto.\u00a0<strong>Jak doch\u00e1z\u00ed k mnoha kriz\u00edm na r\u016fzn\u00fdch \u00farovn\u00edch, tak re\u017eim z d\u016fvodu nedostatku erudovan\u00fdch k\u00e1dr\u016f mus\u00ed nasazovat komedi\u00e1ln\u00ed g\u00f3je typu Vl\u010dek. Dal\u0161\u00ed podobnou perlou je premi\u00e9r\u016fv \u201eporadce pro ekonomiku\u201c K\u0159e\u010dek. Jeho osv\u00edcen\u00e9 v\u00fdroky, \u017ee inflace vnik\u00e1, kdy\u017e lid\u00e9 moc utr\u00e1c\u00ed, pat\u0159\u00ed do d\u011bl Jaroslava Ha\u0161ka, nikoliv do odborn\u00fdch diskuz\u00ed<\/strong>. D\u00e1le t\u0159eba plukovn\u00edk Folt\u00fdn.<\/p>\n<p>Zaj\u00edmav\u00e9 je, \u017ee\u00a0<strong>podobn\u00e9 ve\u0159ejn\u00e9 \u00a0\u0161a\u0161ky mus\u00ed v\u017edy d\u011blat etni\u010dt\u00ed \u010ce\u0161i. Pro\u010d k podobn\u00fdm t\u00e9mat\u016fm nevystupuj\u00ed nap\u0159\u00edklad poslanec Benda (Afterduft), nebo poradce premi\u00e9ra a zmocn\u011bnec pro bezpe\u010dnost Pojar? Cht\u011bj\u00ed se ti, co nyn\u00ed o osudech \u010cech\u016f dnes skute\u010dn\u011b rozhoduj\u00ed, schovat za sc\u00e9nou? Nebo je v pl\u00e1nu \u010dasem uk\u00e1zat na neschopn\u00e9\u201c g\u00f3je\u201c a p\u0159evz\u00edt vl\u00e1du natvrdo? Nakro\u010deno k tomu, bohu\u017eel. P\u0159i koronaviru jim to nevy\u0161lo\u00a0 a mnoz\u00ed \u201evlastenci od Mrtv\u00e9ho mo\u0159e\u201c\u00a0 se tehdy dost znemo\u017enili, ale zkou\u0161et to ur\u010dit\u011b nep\u0159estanou..<\/strong><\/p>\n<p><em><a href=\"https:\/\/ceskavec.com\/2025\/07\/politolog-a-odbornik-na-odpady-ministr-vlcek-stan-vysvetluje-black-out-dalsi-komedialni-gojim-na-scene\">Ing. Elektrik\u00e1\u0159<\/a>, absolvent FEL \u010cVUT obor silnoproud<\/em><\/p>\n<p>&nbsp;<\/p>\n<p>&nbsp;<\/p>\n","protected":false},"excerpt":{"rendered":"<p>Dal\u0161\u00ed komedi\u00e1ln\u00ed gojim na sc\u00e9n\u011b? Ned\u00e1vn\u00fd p\u00e1d velk\u00e9 \u010d\u00e1sti elektrick\u00e9 s\u00edt\u011b na n\u011bkolik hodin velk\u00e1&#8230;<\/p>\n","protected":false},"author":2,"featured_media":14256,"comment_status":"closed","ping_status":"closed","sticky":false,"template":"","format":"standard","meta":[],"categories":[6],"tags":[9011,1503,458,5149],"_links":{"self":[{"href":"https:\/\/www.infokuryr.cz\/n\/wp-json\/wp\/v2\/posts\/83534"}],"collection":[{"href":"https:\/\/www.infokuryr.cz\/n\/wp-json\/wp\/v2\/posts"}],"about":[{"href":"https:\/\/www.infokuryr.cz\/n\/wp-json\/wp\/v2\/types\/post"}],"author":[{"embeddable":true,"href":"https:\/\/www.infokuryr.cz\/n\/wp-json\/wp\/v2\/users\/2"}],"replies":[{"embeddable":true,"href":"https:\/\/www.infokuryr.cz\/n\/wp-json\/wp\/v2\/comments?post=83534"}],"version-history":[{"count":0,"href":"https:\/\/www.infokuryr.cz\/n\/wp-json\/wp\/v2\/posts\/83534\/revisions"}],"wp:featuredmedia":[{"embeddable":true,"href":"https:\/\/www.infokuryr.cz\/n\/wp-json\/wp\/v2\/media\/14256"}],"wp:attachment":[{"href":"https:\/\/www.infokuryr.cz\/n\/wp-json\/wp\/v2\/media?parent=83534"}],"wp:term":[{"taxonomy":"category","embeddable":true,"href":"https:\/\/www.infokuryr.cz\/n\/wp-json\/wp\/v2\/categories?post=83534"},{"taxonomy":"post_tag","embeddable":true,"href":"https:\/\/www.infokuryr.cz\/n\/wp-json\/wp\/v2\/tags?post=83534"}],"curies":[{"name":"wp","href":"https:\/\/api.w.org\/{rel}","templated":true}]}}