{"id":83523,"date":"2025-07-15T00:21:08","date_gmt":"2025-07-14T22:21:08","guid":{"rendered":"https:\/\/www.infokuryr.cz\/n\/?p=83523"},"modified":"2025-07-14T11:03:09","modified_gmt":"2025-07-14T09:03:09","slug":"polsko-konzervativni-poslanec-evropskeho-parlamentu-pozaduje-trestni-stihani-premiera-donalda-tuska-za-udajne-planovani-statniho-prevratu","status":"publish","type":"post","link":"https:\/\/www.infokuryr.cz\/n\/2025\/07\/15\/polsko-konzervativni-poslanec-evropskeho-parlamentu-pozaduje-trestni-stihani-premiera-donalda-tuska-za-udajne-planovani-statniho-prevratu\/","title":{"rendered":"Polsko: Konzervativn\u00ed poslanec Evropsk\u00e9ho parlamentu po\u017eaduje trestn\u00ed st\u00edh\u00e1n\u00ed premi\u00e9ra Donalda Tuska za \u00fadajn\u00e9 pl\u00e1nov\u00e1n\u00ed st\u00e1tn\u00edho p\u0159evratu"},"content":{"rendered":"<div id=\"fb-root\"><\/div>\n<h3 class=\"s-tagline fw-tagline\"><span>\u201eExistuje ohromn\u00e9 mno\u017estv\u00ed fakt\u016f, kter\u00e9 nazna\u010duj\u00ed, \u017ee se takov\u00e1 operace skute\u010dn\u011b p\u0159ipravovala,\u201c uvedl m\u00edstop\u0159edseda strany PiS<\/span><\/h3>\n<p><span>Polsk\u00fd premi\u00e9r Donald Tusk byl obvin\u011bn ze snahy vyv\u00edjet tlak na p\u0159edsedu Sejmu Szymona Ho\u0142owniu, aby odlo\u017eil inaugura\u010dn\u00ed ceremoni\u00e1l Karola Nawrock\u00e9ho do funkce prezidenta. Jeden z europoslanc\u016f ze strany Pr\u00e1vo a spravedlnost (PiS) tento krok ozna\u010dil za st\u00e1tn\u00ed p\u0159evrat.<\/span><\/p>\n<p><span>Podle novin\u00e1\u0159\u016f z Interie v podcastu \u201ePolytyczny WF\u201c, na kter\u00e9 cituje\u00a0<\/span><a href=\"https:\/\/dorzeczy.pl\/opinie\/752865\/zaprzysiezenie-nawrockiego-patryk-jaki-szykowali-zamach-stanu.html\"><span>Do Rzeczy<\/span><\/a><span>\u00a0, Ho\u0142ownia navzdory \u00fadajn\u00e9mu vyd\u00edr\u00e1n\u00ed premi\u00e9ra vyzval k sejit\u00ed N\u00e1rodn\u00edho shrom\u00e1\u017ed\u011bn\u00ed, aby Nawrocki 6. srpna slo\u017eil p\u0159\u00edsahu, co\u017e vedlo k dal\u0161\u00edmu nap\u011bt\u00ed mezi koali\u010dn\u00edmi partnery.\u00a0<\/span><\/p>\n<p><span>Novin\u00e1\u0159 Marcin Fijo\u0142ek informoval, \u017ee p\u0159edseda Sejmu obdr\u017eel \u201evelmi jasn\u00fd n\u00e1vrh, nab\u00eddku nebo doporu\u010den\u00ed od p\u0159edsedy vl\u00e1dy, aby se inaugurace Karola Nawrock\u00e9ho odlo\u017eila\u201c.\u00a0<\/span><\/p>\n<p><span>Pot\u00e9 podle profesora Andrzeje Zolla uvedl alternativn\u00ed pohled, podle kter\u00e9ho Ho\u0142ownia zah\u00e1j\u00ed zased\u00e1n\u00ed, ale po dvou minut\u00e1ch vyhl\u00e1s\u00ed p\u0159est\u00e1vku na neur\u010ditou dobu, dokonce i na t\u00fddny, aby se \u201espo\u010d\u00edtaly hlasy\u201c.<\/span><\/p>\n<p><span>\u201eTo, co p\u0159ipravovali, byla samotn\u00e1 definice st\u00e1tn\u00edho p\u0159evratu. O tom nepochybuji,\u201c \u0159ekl europoslanec Patryk Jaki televizi Polsat News. M\u00edstop\u0159edseda strany Pr\u00e1vo a spravedlnost uvedl, \u017ee premi\u00e9r dodal, \u017ee Tusk od t\u00e9to my\u0161lenky ustoupil kv\u016fli poklesu popularity jeho strany v pr\u016fzkumech ve\u0159ejn\u00e9ho m\u00edn\u011bn\u00ed.<\/span><\/p>\n<p><span>\u201eDemokracie znamen\u00e1, \u017ee vyhr\u00e1v\u00e1 ten, kdo z\u00edsk\u00e1 nejv\u00edce hlas\u016f. To, co ale pl\u00e1novali, je standardn\u00ed definice st\u00e1tn\u00edho p\u0159evratu. Pokud cht\u011bli podkopat volbu Pol\u00e1k\u016f t\u00edm, \u017ee by, promi\u0148te, prostituovali sv\u00e9 pr\u00e1vn\u00edky, tak to je klasick\u00e1 definice \u010dl\u00e1nku 127 trestn\u00edho z\u00e1kon\u00edku, tedy st\u00e1tn\u00edho p\u0159evratu,\u201c \u0159ekl europoslanec.<\/span><\/p>\n<p><span>Politik poznamenal, \u017ee trestn\u00ed st\u00edh\u00e1n\u00ed za takov\u00e9 zastra\u0161ov\u00e1n\u00ed bude v budoucnu nutn\u00e9, \u201ejakmile se st\u00e1tn\u00ed zastupitelstv\u00ed dostane do pr\u00e1vn\u00edch rukou\u201c.<\/span><\/p>\n<p><span>\u201eV\u0161echny okolnosti bude nutn\u00e9 vy\u0161et\u0159it. Existuje v\u0161ak ohromn\u00e9 mno\u017estv\u00ed fakt\u016f, kter\u00e9 nazna\u010duj\u00ed, \u017ee se takov\u00e1 operace skute\u010dn\u011b p\u0159ipravovala,\u201c uzav\u0159el m\u00edstop\u0159edseda strany PiS.<\/span><\/p>\n<p><img decoding=\"async\" loading=\"lazy\" class=\"alignnone size-full wp-image-1185\" src=\"http:\/\/www.infokuryr.cz\/n\/wp-content\/uploads\/2021\/04\/kuryr-podpis.png\" alt=\"\" width=\"84\" height=\"24\" \/><\/p>\n<p>&nbsp;<\/p>\n","protected":false},"excerpt":{"rendered":"<p>\u201eExistuje ohromn\u00e9 mno\u017estv\u00ed fakt\u016f, kter\u00e9 nazna\u010duj\u00ed, \u017ee se takov\u00e1 operace skute\u010dn\u011b p\u0159ipravovala,\u201c uvedl m\u00edstop\u0159edseda strany&#8230;<\/p>\n","protected":false},"author":2,"featured_media":83524,"comment_status":"closed","ping_status":"closed","sticky":false,"template":"","format":"standard","meta":[],"categories":[7],"tags":[31,621,9479,906],"_links":{"self":[{"href":"https:\/\/www.infokuryr.cz\/n\/wp-json\/wp\/v2\/posts\/83523"}],"collection":[{"href":"https:\/\/www.infokuryr.cz\/n\/wp-json\/wp\/v2\/posts"}],"about":[{"href":"https:\/\/www.infokuryr.cz\/n\/wp-json\/wp\/v2\/types\/post"}],"author":[{"embeddable":true,"href":"https:\/\/www.infokuryr.cz\/n\/wp-json\/wp\/v2\/users\/2"}],"replies":[{"embeddable":true,"href":"https:\/\/www.infokuryr.cz\/n\/wp-json\/wp\/v2\/comments?post=83523"}],"version-history":[{"count":0,"href":"https:\/\/www.infokuryr.cz\/n\/wp-json\/wp\/v2\/posts\/83523\/revisions"}],"wp:featuredmedia":[{"embeddable":true,"href":"https:\/\/www.infokuryr.cz\/n\/wp-json\/wp\/v2\/media\/83524"}],"wp:attachment":[{"href":"https:\/\/www.infokuryr.cz\/n\/wp-json\/wp\/v2\/media?parent=83523"}],"wp:term":[{"taxonomy":"category","embeddable":true,"href":"https:\/\/www.infokuryr.cz\/n\/wp-json\/wp\/v2\/categories?post=83523"},{"taxonomy":"post_tag","embeddable":true,"href":"https:\/\/www.infokuryr.cz\/n\/wp-json\/wp\/v2\/tags?post=83523"}],"curies":[{"name":"wp","href":"https:\/\/api.w.org\/{rel}","templated":true}]}}