{"id":8347,"date":"2022-02-16T03:39:48","date_gmt":"2022-02-16T02:39:48","guid":{"rendered":"http:\/\/www.infokuryr.cz\/n\/?p=8347"},"modified":"2022-02-16T03:39:48","modified_gmt":"2022-02-16T02:39:48","slug":"po-madarsku-si-zajistila-levny-plyn-z-ruska-i-italie","status":"publish","type":"post","link":"https:\/\/www.infokuryr.cz\/n\/2022\/02\/16\/po-madarsku-si-zajistila-levny-plyn-z-ruska-i-italie\/","title":{"rendered":"Po Ma\u010farsku si zajistila levn\u00fd plyn z Ruska i It\u00e1lie"},"content":{"rendered":"<div id=\"fb-root\"><\/div>\n<p>A\u017e se z\u00fa\u010dtovac\u00ed obdob\u00ed za plyn zept\u00e1 co ud\u011blali politici pro ob\u010dany, ma\u010far\u0161t\u00ed odpov\u00eddaj\u00ed ji\u017e nyn\u00ed: sv\u016fj dom\u00e1c\u00ed \u00fakol jsme splnili, a podobn\u011b ital\u0161t\u00ed. \u010ce\u0161t\u00ed ob\u010dan\u016fm odpov\u011b\u010f je\u0161t\u011b dlu\u017e\u00ed.<\/p>\n<p>It\u00e1lie podobn\u011b jako Ma\u010farsko si v tichosti mimo struktury EU zajistila dlouhodob\u00fd kontrakt s Gaspromem. Italsk\u00fd premi\u00e9r Mario Draghi si koncem ledna z\u00e1vazky z kontraktu s Vladimirem Putinem oboustrann\u011b vst\u0159\u00edcn\u011b telefonicky potvrdil.<\/p>\n<p><a href=\"https:\/\/www.quotidiano.net\/cronaca\/putin-taglia-il-prezzo-del-gas-ai-colossi-italiani-1.7293273\">ZDROJ<\/a><\/p>\n<p>&nbsp;<\/p>\n","protected":false},"excerpt":{"rendered":"<p>A\u017e se z\u00fa\u010dtovac\u00ed obdob\u00ed za plyn zept\u00e1 co ud\u011blali politici pro ob\u010dany, ma\u010far\u0161t\u00ed odpov\u00eddaj\u00ed ji\u017e&#8230;<\/p>\n","protected":false},"author":2,"featured_media":1226,"comment_status":"closed","ping_status":"closed","sticky":false,"template":"","format":"standard","meta":[],"categories":[7],"tags":[191,1008,22],"_links":{"self":[{"href":"https:\/\/www.infokuryr.cz\/n\/wp-json\/wp\/v2\/posts\/8347"}],"collection":[{"href":"https:\/\/www.infokuryr.cz\/n\/wp-json\/wp\/v2\/posts"}],"about":[{"href":"https:\/\/www.infokuryr.cz\/n\/wp-json\/wp\/v2\/types\/post"}],"author":[{"embeddable":true,"href":"https:\/\/www.infokuryr.cz\/n\/wp-json\/wp\/v2\/users\/2"}],"replies":[{"embeddable":true,"href":"https:\/\/www.infokuryr.cz\/n\/wp-json\/wp\/v2\/comments?post=8347"}],"version-history":[{"count":0,"href":"https:\/\/www.infokuryr.cz\/n\/wp-json\/wp\/v2\/posts\/8347\/revisions"}],"wp:featuredmedia":[{"embeddable":true,"href":"https:\/\/www.infokuryr.cz\/n\/wp-json\/wp\/v2\/media\/1226"}],"wp:attachment":[{"href":"https:\/\/www.infokuryr.cz\/n\/wp-json\/wp\/v2\/media?parent=8347"}],"wp:term":[{"taxonomy":"category","embeddable":true,"href":"https:\/\/www.infokuryr.cz\/n\/wp-json\/wp\/v2\/categories?post=8347"},{"taxonomy":"post_tag","embeddable":true,"href":"https:\/\/www.infokuryr.cz\/n\/wp-json\/wp\/v2\/tags?post=8347"}],"curies":[{"name":"wp","href":"https:\/\/api.w.org\/{rel}","templated":true}]}}