{"id":8346,"date":"2022-02-16T03:36:33","date_gmt":"2022-02-16T02:36:33","guid":{"rendered":"http:\/\/www.infokuryr.cz\/n\/?p=8346"},"modified":"2022-02-16T03:36:33","modified_gmt":"2022-02-16T02:36:33","slug":"putin-chceme-pokracovat-v-jednanich-ale-musi-se-brat-v-uvahu-ruske-navrhy-je-to-priorita","status":"publish","type":"post","link":"https:\/\/www.infokuryr.cz\/n\/2022\/02\/16\/putin-chceme-pokracovat-v-jednanich-ale-musi-se-brat-v-uvahu-ruske-navrhy-je-to-priorita\/","title":{"rendered":"Putin: Chceme pokra\u010dovat v jedn\u00e1n\u00edch, ale mus\u00ed se br\u00e1t v \u00favahu rusk\u00e9 n\u00e1vrhy, je to priorita"},"content":{"rendered":"<div id=\"fb-root\"><\/div>\n<p><strong>Rusk\u00fd prezident Vladimir Putin uvedl, \u017ee Rusko nem\u016f\u017ee zav\u00edrat o\u010di p\u0159ed t\u00edm, jak voln\u011b si USA a NATO vykl\u00e1daj\u00ed principy ned\u011blitelnosti bezpe\u010dnosti. Zm\u00ednil se o tom po jedn\u00e1n\u00ed s n\u011bmeck\u00fdm kancl\u00e9\u0159em Olafem Scholzem. Prezident se rovn\u011b\u017e dotknul t\u00e9matu v\u00e1lky v Jugosl\u00e1vii, ot\u00e1zky uzn\u00e1n\u00ed DLR a LLR. Zd\u016fraznil, \u017ee Rusko je i nad\u00e1le p\u0159ipraveno jednat.<\/strong><\/p>\n<p>\u201eRusko nem\u016f\u017ee zav\u00edrat o\u010di p\u0159ed t\u00edm, jak si Spojen\u00e9 st\u00e1ty a Severoatlantick\u00e1 aliance zcela voln\u011b a ve sv\u016fj prosp\u011bch vykl\u00e1daj\u00ed kl\u00ed\u010dov\u00e9 principy spravedliv\u00e9 a ned\u011bliteln\u00e9 bezpe\u010dnosti, kter\u00e9 jsou zakotveny v mnoha spole\u010dn\u00fdch evropsk\u00fdch dokumentech,\u201c uvedl rusk\u00fd prezident.<\/p>\n<p>Putin uvedl, \u017ee Rusko si nep\u0159eje v\u00e1lku, proto i p\u0159edstavilo sv\u00e9 n\u00e1vrhy ohledn\u011b z\u00e1ruk bezpe\u010dnosti.<\/p>\n<p>Odstra\u0161ov\u00e1n\u00ed Ruska s\u00edlou ozna\u010dil za hrozbu n\u00e1rodn\u00ed bezpe\u010dnosti.<\/p>\n<p>\u201eOdstra\u0161ov\u00e1n\u00ed Ruska s\u00edlou vn\u00edm\u00e1me jako p\u0159\u00edm\u00e9 a bezprost\u0159edn\u00ed ohro\u017een\u00ed n\u00e1rodn\u00ed bezpe\u010dnosti, co\u017e je to, co maj\u00ed za \u00fakol odstranit pr\u00e1vn\u00ed dohody na z\u00e1klad\u011b n\u00e1vrh\u016f, kter\u00e9 jsme p\u0159edlo\u017eili,\u201c uvedl Putin.<\/p>\n<p>Kdy\u017e rusk\u00fd prezident mluvil o hrozb\u011b v\u00e1lky v Evrop\u011b, p\u0159ipomenul, \u017ee jednu ji\u017e NATO rozpoutalo, a to proti B\u011blehradu.<\/p>\n<p>\u201eCo se t\u00fd\u010de v\u00e1lky v Evrop\u011b: pan spolkov\u00fd kancl\u00e9\u0159 pr\u00e1v\u011b \u0159ekl, \u017ee lid\u00e9 jeho generace, a j\u00e1 pat\u0159\u00edm do t\u00e9to generace, si jenom t\u011b\u017ece m\u016f\u017eou p\u0159edstavit v\u00e1lku v Evrop\u011b. Bylo to uvedeno v souvislosti se situac\u00ed na Ukrajin\u011b. Ale v\u017edy\u0165 my jsme s v\u00e1mi byli sv\u011bdky v\u00e1lky v Evrop\u011b, kterou rozpoutal pr\u00e1v\u011b blok NATO proti Jugosl\u00e1vii. Velk\u00e1 vojensk\u00e1 operace s bombardov\u00e1n\u00edm jednoho z evropsk\u00fdch hlavn\u00edch m\u011bst \u2013 B\u011blehradu. Ono se to stalo. Bez souhlasu Rady bezpe\u010dnosti OSN. Je to velmi \u0161patn\u00fd p\u0159\u00edklad, ale ono se to stalo,\u201c uvedl Putin po jedn\u00e1n\u00ed s n\u011bmeck\u00fdm kancl\u00e9\u0159em.<\/p>\n<p>Putin se rovn\u011b\u017e dotknul odpov\u011bd\u00ed USA a NATO na z\u00e1ruky bezpe\u010dnosti. Poznamenal, \u017ee tam jsou momenty, o kter\u00fdch je Rusko p\u0159ipraveno vyjedn\u00e1vat, mezi nimi\u017e je Rusk\u00e1 rada pro mezin\u00e1rodn\u00ed z\u00e1le\u017eitosti a vojensk\u00e1 transparentnost.<\/p>\n<p>Putin ozna\u010dil situaci na Donbasu za genocidu:<\/p>\n<p>\u201eDovol\u00edm si jen dodat, \u017ee to, co se d\u011bje na Donbasu, je genocida,\u201c uvedl Putin.<\/p>\n<p>Rusk\u00fd prezident se rovn\u011b\u017e vyj\u00e1d\u0159il k n\u00e1vrhu St\u00e1tn\u00ed dumy uznat DLR a LLR. Uvedl, \u017ee bude vych\u00e1zet z toho, aby ud\u011blal v\u0161echno pro vy\u0159e\u0161en\u00ed probl\u00e9m\u016f na Donbasu.<\/p>\n<p>\u201eBudeme, i j\u00e1 budu vych\u00e1zet z toho, \u017ee mus\u00edme ud\u011blat v\u0161e proto, abychom vy\u0159e\u0161ili probl\u00e9my Donbasu, ale ud\u011blat to tak, jak uvedl pan kancl\u00e9\u0159, p\u0159edev\u0161\u00edm vych\u00e1zej\u00edc z ne zcela realizovan\u00fdch mo\u017enost\u00ed minsk\u00fdch dohod,\u201c uvedl Putin.<\/p>\n<p>Putin d\u00e1le dodal, \u017ee Rusov\u00e9 podporuj\u00ed obyvatele Donbasu.<\/p>\n<p>\u201ePoslanci parlamentu, jako v ka\u017ed\u00e9 zemi, i v Rusku se orientuj\u00ed na spole\u010densk\u00e9 m\u00edn\u011bn\u00ed, n\u00e1zory sv\u00fdch voli\u010d\u016f, dob\u0159e ho c\u00edt\u00ed. A to je \u00fapln\u011b z\u0159ejm\u00e9: U n\u00e1s absolutn\u00ed v\u011bt\u0161ina lid\u00ed souc\u00edt\u00ed s lidmi na Donbasu, podporuj\u00ed je a doufaj\u00ed, \u017ee situace se tam v\u00fdrazn\u011b zm\u011bn\u00ed k lep\u0161\u00edmu,\u201c \u0159ekl d\u00e1l Putin.<\/p>\n<p>Rusk\u00fd prezident sd\u011blil, \u017ee Rusko bude v oblasti bezpe\u010dnosti konat v z\u00e1vislosti na situaci, na kterou maj\u00ed vliv tak\u00e9 ostatn\u00ed zem\u011b. Prezident zd\u016fraznil, \u017ee Moskva je p\u0159ipravena d\u00e1le jednat o t\u011bchto ot\u00e1zk\u00e1ch, ale pouze spolu s dal\u0161\u00edmi t\u00e9maty, kter\u00e9 maj\u00ed pro Rusko kl\u00ed\u010dov\u00fd v\u00fdznam.<\/p>\n<p>\u201eJsme p\u0159ipraveni se pod\u00edlet na t\u00e9to spole\u010dn\u00e9 pr\u00e1ci i d\u00e1le, jsme p\u0159ipraveni j\u00edt tak\u00e9 cestou vyjedn\u00e1v\u00e1n\u00ed, ale v\u0161echny ot\u00e1zky, jak u\u017e bylo \u0159e\u010deno d\u0159\u00edve, se mus\u00ed br\u00e1t komplexn\u011b, nevyj\u00edmaje z\u00e1kladn\u00ed rusk\u00e9 n\u00e1vrhy, realizace kter\u00fdch je pro n\u00e1s bezpodm\u00edne\u010dnou prioritou,\u201c uvedl Putin.<\/p>\n<p><strong>N\u00e1zor n\u011bmeck\u00e9 strany<\/strong><\/p>\n<p>Na n\u00e1vrh uznat DLR a LLR reagoval tak\u00e9\u00a0n\u011bmeck\u00fd kancl\u00e9\u0159 Scholz. Podle n\u011bj to bude politick\u00e1 katastrofa a naru\u0161en\u00ed minsk\u00fdch dohod. Scholz d\u00e1le uvedl, \u017ee p\u0159\u00edpadn\u00e9 uzn\u00e1n\u00ed DLR a LLR ze strany Ruska by mohlo naru\u0161it proces vyjedn\u00e1v\u00e1n\u00ed.<\/p>\n<p>\u201ePokud parlament p\u0159ijme to, co bylo navr\u017eeno, a stane se to skute\u010dnost\u00ed, pak to bude poru\u0161en\u00edm minsk\u00fdch dohod, a to bude znamenat, \u017ee proces bude p\u0159eru\u0161en, bude to politick\u00e1 katastrofa,\u201c uvedl Scholz po jedn\u00e1n\u00ed s Putinem.<\/p>\n<p>N\u011bmeck\u00fd kancl\u00e9\u0159 d\u00e1le uvedl, \u017ee roz\u0161i\u0159ov\u00e1n\u00ed NATO v sou\u010dasn\u00e9 dob\u011b nen\u00ed v pl\u00e1nu, minim\u00e1ln\u011b se t\u00edm nebudou muset zab\u00fdvat sou\u010dasn\u00e9 vl\u00e1dy.<\/p>\n<p>\u201eRoz\u0161i\u0159ov\u00e1n\u00ed nen\u00ed v pl\u00e1nu, neprojedn\u00e1v\u00e1 se, nen\u00ed na po\u0159adu dne. Dokud budeme ka\u017ed\u00fd ve sv\u00e9 funkci, nebudeme se muset touto ot\u00e1zkou zab\u00fdvat,\u201c uvedl Scholz.<\/p>\n<p>N\u011bmeck\u00fd kancl\u00e9\u0159 pova\u017euje sta\u017een\u00ed \u010d\u00e1sti rusk\u00fdch vojsk po cvi\u010den\u00ed na m\u00edsta st\u00e1l\u00e9 dislokace za dobr\u00fd znak.<\/p>\n<p>\u201ePrezident Putin b\u011bhem rozhovoru mluvil o sv\u00fdch jedn\u00e1n\u00edch s ministrem zahrani\u010d\u00ed a ministrem obrany. Souhlas\u00edm s t\u00edm. Diplomatick\u00e9 mo\u017enosti je\u0161t\u011b nebyly vy\u010derp\u00e1ny. Nyn\u00ed by m\u011blo j\u00edt o rozhodnou a odv\u00e1\u017enou pr\u00e1ci na vy\u0159e\u0161en\u00ed krize. Sly\u0161\u00edme, \u017ee n\u011bkter\u00e9 jednotky se stahuj\u00ed, a to je dobr\u00fd znak. Douf\u00e1me, \u017ee tato tendence bude pokra\u010dovat,\u201c uvedl Scholz po jedn\u00e1n\u00ed s Putinem.<\/p>\n<p><a href=\"https:\/\/cz.sputniknews.com\/20220215\/putin-rusko-se-nemuze-divat-na-to-jak-si-usa-a-nato-vykladaji-principy-nedelitelnosti-bezpecnosti-17637178.html\">ZDROJ<\/a><\/p>\n<p>&nbsp;<\/p>\n","protected":false},"excerpt":{"rendered":"<p>Rusk\u00fd prezident Vladimir Putin uvedl, \u017ee Rusko nem\u016f\u017ee zav\u00edrat o\u010di p\u0159ed t\u00edm, jak voln\u011b si&#8230;<\/p>\n","protected":false},"author":2,"featured_media":6598,"comment_status":"closed","ping_status":"closed","sticky":false,"template":"","format":"standard","meta":[],"categories":[7],"tags":[1060,39,1554,26,1898],"_links":{"self":[{"href":"https:\/\/www.infokuryr.cz\/n\/wp-json\/wp\/v2\/posts\/8346"}],"collection":[{"href":"https:\/\/www.infokuryr.cz\/n\/wp-json\/wp\/v2\/posts"}],"about":[{"href":"https:\/\/www.infokuryr.cz\/n\/wp-json\/wp\/v2\/types\/post"}],"author":[{"embeddable":true,"href":"https:\/\/www.infokuryr.cz\/n\/wp-json\/wp\/v2\/users\/2"}],"replies":[{"embeddable":true,"href":"https:\/\/www.infokuryr.cz\/n\/wp-json\/wp\/v2\/comments?post=8346"}],"version-history":[{"count":0,"href":"https:\/\/www.infokuryr.cz\/n\/wp-json\/wp\/v2\/posts\/8346\/revisions"}],"wp:featuredmedia":[{"embeddable":true,"href":"https:\/\/www.infokuryr.cz\/n\/wp-json\/wp\/v2\/media\/6598"}],"wp:attachment":[{"href":"https:\/\/www.infokuryr.cz\/n\/wp-json\/wp\/v2\/media?parent=8346"}],"wp:term":[{"taxonomy":"category","embeddable":true,"href":"https:\/\/www.infokuryr.cz\/n\/wp-json\/wp\/v2\/categories?post=8346"},{"taxonomy":"post_tag","embeddable":true,"href":"https:\/\/www.infokuryr.cz\/n\/wp-json\/wp\/v2\/tags?post=8346"}],"curies":[{"name":"wp","href":"https:\/\/api.w.org\/{rel}","templated":true}]}}