{"id":83454,"date":"2025-07-14T00:18:21","date_gmt":"2025-07-13T22:18:21","guid":{"rendered":"https:\/\/www.infokuryr.cz\/n\/?p=83454"},"modified":"2025-07-13T13:31:21","modified_gmt":"2025-07-13T11:31:21","slug":"historicka-data-vyvraceji-drze-falesne-zpravy-o-nejnizsi-hladine-labe-v-historii","status":"publish","type":"post","link":"https:\/\/www.infokuryr.cz\/n\/2025\/07\/14\/historicka-data-vyvraceji-drze-falesne-zpravy-o-nejnizsi-hladine-labe-v-historii\/","title":{"rendered":"Historick\u00e1 data vyvracej\u00ed drz\u00e9 fale\u0161n\u00e9 zpr\u00e1vy o nejni\u017e\u0161\u00ed hladin\u011b Labe v historii"},"content":{"rendered":"<div id=\"fb-root\"><\/div>\n<p><strong><span>N\u011bmeck\u00fd Der Spiegel \u2013 rozzloben\u00fdmi \u010dten\u00e1\u0159i p\u0159ezd\u00edvan\u00fd \u201eLh\u00e1\u0159\u201c \u2013 ned\u00e1vno otiskl titulek: \u201eLabe dos\u00e1hlo historick\u00e9ho minima 44 centimetr\u016f u Magdeburgu.\u201c To je samoz\u0159ejm\u011b nepravdiv\u00e9, a to v n\u011bkolika ohledech. Op\u011bt se pou\u017e\u00edvaj\u00ed obzvl\u00e1\u0161t\u011b primitivn\u00ed prost\u0159edky k fantaz\u00edrov\u00e1n\u00ed o klimatick\u00e9 katastrof\u011b, kter\u00e1 se ve skute\u010dnosti odm\u00edt\u00e1 uskute\u010dnit.<\/span><\/strong><\/p>\n<p><a href=\"https:\/\/www.spiegel.de\/panorama\/elbe-erreicht-bei-magdeburg-historischen-tiefststand-von-44-zentimetern-a-eb41aecf-f036-4ccf-99e5-54b5aff88739\" target=\"_blank\" rel=\"noreferrer noopener\"><span>Der Spiegel<\/span><\/a><span>\u00a0se ani nedost\u00e1v\u00e1 na vrchol \u017eeb\u0159\u00ed\u010dku panick\u00fdch zpr\u00e1v. Podle MDR je \u0159eka pobl\u00ed\u017e Magdeburgu \u201et\u00e9m\u011b\u0159 vyschl\u00e1\u201c. Tam hl\u00e1s\u00ed: \u201eHladina vody v Labi v Magdeburgu\u00a0<\/span><a href=\"https:\/\/www.mdr.de\/nachrichten\/sachsen-anhalt\/magdeburg\/magdeburg\/elbe-wasser-stand-niedrig-wie-nie-104.html\" target=\"_blank\" rel=\"noreferrer noopener\"><span>\u00a0je ni\u017e\u0161\u00ed ne\u017e kdy d\u0159\u00edve.<\/span><\/a><span>\u00a0\u201c A noviny Bild, kter\u00e9 kritici p\u0159ezd\u00edvaj\u00ed \u201ehloup\u00e9 noviny\u201c, oznamuj\u00ed:\u00a0<\/span><a href=\"https:\/\/www.bild.de\/news\/inland\/trauriger-rekord-elbe-auf-niedrigstem-wasserstand-aller-zeiten-6870e6da76c936104ca77cda\" target=\"_blank\" rel=\"noreferrer noopener\"><span>Smutn\u00fd rekord: Labe na nejni\u017e\u0161\u00ed hladin\u011b vody v historii<\/span><\/a><span> . V\u016fbec! Mus\u00edte se nad t\u00edm dob\u0159e zamyslet, proto\u017ee to definuje dobu od Velk\u00e9ho t\u0159esku. Tento Velk\u00fd t\u0159esk je ve skute\u010dnosti d\u00edlem redaktor\u016f t\u011bchto novin a v\u0161ech ostatn\u00edch m\u00e9di\u00ed, kter\u00e1 se t\u00e9to sout\u011b\u017ee fale\u0161n\u00fdch zpr\u00e1v \u00fa\u010dastn\u00ed.<\/span><\/p>\n<p><span>V sou\u010dasn\u00e9 dob\u011b se mluv\u00ed o hladin\u011b vody 44 centimetr\u016f. Pokud se pod\u00edv\u00e1te na titulky bez vlastn\u00edho p\u0159em\u00fd\u0161len\u00ed, nezd\u00e1 se to mnoho. I kdy\u017e \u2013 i kdyby se \u0159eka \u0161irok\u00e1 jeden kilometr naplnila 44 centimetry vody, bylo by to st\u00e1le hodn\u011b. Mimochodem, Labe je ve sv\u00e9m nej\u0161ir\u0161\u00edm m\u00edst\u011b ve skute\u010dnosti \u0161irok\u00e9 t\u0159i kilometry. Tak\u017ee z tohoto pohledu 44 centimetr\u016f vlastn\u011b nic neznamen\u00e1.<\/span><\/p>\n<p><span>Ve skute\u010dnosti se t\u00edm mysl\u00ed 44 centimetr\u016f nad (!) hladinou mo\u0159e. Nulov\u00e1 hladina (tak\u00e9: hladina nula, nulov\u00fd bod hladiny) je pevn\u00fd referen\u010dn\u00ed bod pro m\u011b\u0159en\u00ed hladiny vody v \u0159ece, jeze\u0159e nebo pob\u0159e\u017en\u00edch vod\u00e1ch. Nem\u00e1 hodnotu \u201e0 metr\u016f nad mo\u0159em\u201c, ale jedn\u00e1 se o m\u00edstn\u011b definovan\u00fd technick\u00fd nulov\u00fd bod m\u011b\u0159en\u00ed, kter\u00fd je obvykle pod nejni\u017e\u0161\u00ed o\u010dek\u00e1vanou hladinou vody.<\/span><\/p>\n<p><a href=\"https:\/\/www.saechsische.de\/lokales\/dresden\/als-die-elbe-austrocknete-VUTKLVVCP2RV7XYVCNHTJIWMGY.html?utm_source=chatgpt.com\" target=\"_blank\" rel=\"noreferrer noopener\"><span>V roce 1904<\/span><\/a><span> se hladina Labe v Dr\u00e1\u017e\u010fanech pohybovala mezi 220 a 231 centimetry pod (!) nulou. To je t\u00e9m\u011b\u0159 o t\u0159i metry (!) m\u00e9n\u011b ne\u017e sou\u010dasn\u00e1 hladina. Obzvl\u00e1\u0161t\u011b n\u00edzk\u00e9 hladiny vody, kter\u00e9 ovliv\u0148ovaly lodn\u00ed dopravu, jsou zn\u00e1my i z let 1911 a 2021. Historick\u00e9 z\u00e1znamy ukazuj\u00ed, \u017ee v roce 1954 byla v Dr\u00e1\u017e\u010fanech hl\u00e1\u0161ena hladina vody 5 cm nad nulou. Datov\u00e9 \u0159ady jsou k dispozici od roku 1874, kdy byly nam\u011b\u0159eny na hladin\u011b Darchau. Co si tedy mainstreamov\u00e1 m\u00e9dia z\u00e1m\u011brn\u011b vym\u00fd\u0161lej\u00ed?<\/span><\/p>\n<p><span>Mimo\u0159\u00e1dn\u011b n\u00edzk\u00e9 hladiny vody v Labi jsou opakuj\u00edc\u00edm se p\u0159\u00edrodn\u00edm jevem historick\u00e9ho v\u00fdznamu, k n\u011bmu\u017e doch\u00e1z\u00ed p\u0159edev\u0161\u00edm v obdob\u00edch dlouhodob\u00e9ho sucha a n\u00edzk\u00fdch sr\u00e1\u017eek. Maj\u00ed dalekos\u00e1hl\u00e9 d\u016fsledky: vnitrozemsk\u00e1 plavba je b\u011bhem t\u011bchto ud\u00e1lost\u00ed v\u00fdrazn\u011b omezena, vodohospod\u00e1\u0159stv\u00ed \u010del\u00ed technick\u00fdm a z\u00e1sobovac\u00edm probl\u00e9m\u016fm a ekologick\u00e1 rovnov\u00e1ha \u0159eky je pod tlakem tak\u00e9 v d\u016fsledku vysychaj\u00edc\u00edch b\u0159ehov\u00fdch z\u00f3n a naru\u0161en\u00fdch stanovi\u0161\u0165.<\/span><\/p>\n<p><span>Dalo by se p\u0159edpokl\u00e1dat, \u017ee dramatick\u00e9 hl\u00e1\u0161en\u00ed o hladin\u011b vody v Magdeburgu jsou zp\u016fsobeny t\u00edm, \u017ee m\u011b\u0159en\u00ed prob\u00edh\u00e1 teprve n\u011bkolik dn\u00ed. To by ale tak\u00e9 nebyla pravda. Data odtud jsou k dispozici je\u0161t\u011b d\u00e9le ne\u017e z Dr\u00e1\u017e\u010fan. Monitorov\u00e1n\u00ed hladiny vody za\u010dalo ji\u017e v roce 1655, kdy byla zaznamen\u00e1na obzvl\u00e1\u0161t\u011b siln\u00e1 povode\u0148. Nep\u0159eru\u0161en\u00e1 s\u00e9rie m\u011b\u0159en\u00ed existuje od roku 1727. Nap\u0159\u00edklad n\u00edzk\u00e1 hladina je hl\u00e1\u0161ena z roku 1801 \u2013 40 cm nad nulou \u2013 a z roku 1934 0,43 cm nad nulou. Tak\u017ee i zde by ji\u017e byla zn\u00e1ma n\u00edzk\u00e1 hladina pod sou\u010dasnou hodnotou.<\/span><\/p>\n<p><span>Z t\u00e9\u017ee m\u011b\u0159ic\u00ed stanice je zn\u00e1mo mnoho dal\u0161\u00edch\u00a0<\/span><a href=\"https:\/\/henry.baw.de\/server\/api\/core\/bitstreams\/beda7655-4bb6-4a67-9d70-58f9970c3dd8\/content\" target=\"_blank\" rel=\"noreferrer noopener\"><span>velmi n\u00edzk\u00fdch hladin vody<\/span><\/a><span>\u00a0: 1806 45 cm, 1837 46 cm, 1857, 1869 49 cm, 1822 50 cm, 1746, 1750, 1827, 1850 (po 51 cm), 1765, 1874 52 cm, 1790, 1866 53 cm. A je\u0161t\u011b: Nen\u00ed kl\u00ed\u010dov\u00e1 jen hladina vody, ale tak\u00e9 pr\u016ftok. I ten se zna\u010dn\u011b li\u0161il a p\u0159irozen\u011b popisuje, kolik vody \u0159eka p\u0159en\u00e1\u0161\u00ed. Nejni\u017e\u0161\u00ed dosud zdokumentovan\u00fd pr\u016ftok Labe na m\u011b\u0159ic\u00ed stanici Magdeburg-Strombr\u00fccke byl zaznamen\u00e1n 29. srpna 1904 s denn\u00edm pr\u016fm\u011brem 95 m\u00b3\/s.<\/span><\/p>\n<p><span>\u010cl\u00e1nek ve Spiegelu neuv\u00e1d\u00ed, na jakou \u010dasovou \u0159adu se vztahuje. Tvrzen\u00ed \u201eU mostu Strombr\u00fccke nam\u011b\u0159ila hladina vody 44 centimetr\u016f. To by byla nejni\u017e\u0161\u00ed hladina vody, jak\u00e1 kdy byla na tomto m\u00edst\u011b nam\u011b\u0159ena\u201c lze v nejlep\u0161\u00edm p\u0159\u00edpad\u011b interpretovat tak, \u017ee hladina vody v Magdeburgu se obvykle m\u011b\u0159\u00ed na jin\u00e9m m\u00edst\u011b \u2013 nebo se jedn\u00e1 o zjevnou fale\u0161nou zpr\u00e1vu.<\/span><\/p>\n<p><span>U tohoto druhu \u201eklimatick\u00e9 \u017eurnalistiky\u201c je op\u011bt jasn\u00e9, \u017ee zpr\u00e1vy ve v\u00fd\u0161e zm\u00edn\u011bn\u00fdch a dal\u0161\u00edch m\u00e9di\u00edch, jako je Frankfurter Allgemeine Zeitung, jsou t\u00e9m\u011b\u0159 slovo od slova identick\u00e9. Zdrojem t\u011bchto nesmysl\u016f je uv\u00e1d\u011bna N\u011bmeck\u00e1 tiskov\u00e1 agentura (dpa) \u2013 jin\u00fdmi slovy anonymn\u00ed agenturn\u00ed auto\u0159i, jejich\u017e \u00famysly jsou jasn\u00e9, ale jejich\u017e jedn\u00e1n\u00ed nelze ov\u011b\u0159it na dal\u0161\u00ed chyby.<\/span><\/p>\n<p><img decoding=\"async\" loading=\"lazy\" class=\"alignnone size-full wp-image-1185\" src=\"http:\/\/www.infokuryr.cz\/n\/wp-content\/uploads\/2021\/04\/kuryr-podpis.png\" alt=\"\" width=\"84\" height=\"24\" \/><\/p>\n<p>&nbsp;<\/p>\n","protected":false},"excerpt":{"rendered":"<p>N\u011bmeck\u00fd Der Spiegel \u2013 rozzloben\u00fdmi \u010dten\u00e1\u0159i p\u0159ezd\u00edvan\u00fd \u201eLh\u00e1\u0159\u201c \u2013 ned\u00e1vno otiskl titulek: \u201eLabe dos\u00e1hlo historick\u00e9ho&#8230;<\/p>\n","protected":false},"author":2,"featured_media":83455,"comment_status":"closed","ping_status":"closed","sticky":false,"template":"","format":"standard","meta":[],"categories":[7],"tags":[28,873,54,158,84,1106],"_links":{"self":[{"href":"https:\/\/www.infokuryr.cz\/n\/wp-json\/wp\/v2\/posts\/83454"}],"collection":[{"href":"https:\/\/www.infokuryr.cz\/n\/wp-json\/wp\/v2\/posts"}],"about":[{"href":"https:\/\/www.infokuryr.cz\/n\/wp-json\/wp\/v2\/types\/post"}],"author":[{"embeddable":true,"href":"https:\/\/www.infokuryr.cz\/n\/wp-json\/wp\/v2\/users\/2"}],"replies":[{"embeddable":true,"href":"https:\/\/www.infokuryr.cz\/n\/wp-json\/wp\/v2\/comments?post=83454"}],"version-history":[{"count":0,"href":"https:\/\/www.infokuryr.cz\/n\/wp-json\/wp\/v2\/posts\/83454\/revisions"}],"wp:featuredmedia":[{"embeddable":true,"href":"https:\/\/www.infokuryr.cz\/n\/wp-json\/wp\/v2\/media\/83455"}],"wp:attachment":[{"href":"https:\/\/www.infokuryr.cz\/n\/wp-json\/wp\/v2\/media?parent=83454"}],"wp:term":[{"taxonomy":"category","embeddable":true,"href":"https:\/\/www.infokuryr.cz\/n\/wp-json\/wp\/v2\/categories?post=83454"},{"taxonomy":"post_tag","embeddable":true,"href":"https:\/\/www.infokuryr.cz\/n\/wp-json\/wp\/v2\/tags?post=83454"}],"curies":[{"name":"wp","href":"https:\/\/api.w.org\/{rel}","templated":true}]}}