{"id":8345,"date":"2022-02-16T03:33:33","date_gmt":"2022-02-16T02:33:33","guid":{"rendered":"http:\/\/www.infokuryr.cz\/n\/?p=8345"},"modified":"2022-02-16T03:33:33","modified_gmt":"2022-02-16T02:33:33","slug":"lavrov-ruska-reakce-na-bezpecnostni-zaruky-bude-zverejnena-nemame-se-za-co-stydet","status":"publish","type":"post","link":"https:\/\/www.infokuryr.cz\/n\/2022\/02\/16\/lavrov-ruska-reakce-na-bezpecnostni-zaruky-bude-zverejnena-nemame-se-za-co-stydet\/","title":{"rendered":"Lavrov: Rusk\u00e1 reakce na bezpe\u010dnostn\u00ed z\u00e1ruky bude zve\u0159ejn\u011bna, nem\u00e1me se za co styd\u011bt"},"content":{"rendered":"<div id=\"fb-root\"><\/div>\n<p><strong>Rusk\u00fd ministr zahrani\u010d\u00ed Sergej Lavrov uvedl, \u017ee odpov\u011bdi Ruska na dopisy USA a NATO o bezpe\u010dnostn\u00edch z\u00e1ruk\u00e1ch budou brzy p\u0159ed\u00e1ny Washingtonu a Bruselu. Tato reakce Ruska na odpov\u011bdi USA a NATO na rusk\u00e9 bezpe\u010dnostn\u00ed n\u00e1vrhy bude zve\u0159ejn\u011bna.<\/strong><\/p>\n<p>\u201e<em>Ohledn\u011b toho, zda toto znamen\u00e1 konec d\u011bjin? Ne, to nen\u00ed konec d\u011bjin. V\u010dera jsem podal zpr\u00e1vu prezidentu Putinovi a zd\u016fraznil jsem, \u017ee na\u0161e n\u00e1vrhy, kter\u00e9 v z\u00e1sad\u011b schv\u00e1lil a kter\u00e9 budou nyn\u00ed v nejbli\u017e\u0161\u00ed dob\u011b dokon\u010deny a p\u0159ed\u00e1ny americk\u00fdm partner\u016fm a partner\u016fm v NATO, jsou zalo\u017eeny na zachov\u00e1n\u00ed integrity rusk\u00e9 pozice<\/em>,\u201c \u0159ekl\u00a0Lavrov po jedn\u00e1n\u00ed s polsk\u00fdm ministrem zahrani\u010d\u00ed Zbigniewem Rauem.<\/p>\n<p><strong>Lavrov\u00a0<\/strong>uvedl, \u017ee\u00a0<strong>Rusko\u00a0<\/strong>m\u011blo po cel\u00e1 ta l\u00e9ta dostatek dobr\u00e9 v\u016fle\u00a0<strong>v\u016f\u010di Ukrajin\u011b<\/strong>.<\/p>\n<p>\u201eCo se t\u00fd\u010de\u00a0Ukrajiny, ani tam n\u00e1m nechyb\u011bla dobr\u00e1 v\u016fle, a to, \u017ee se na\u0161i z\u00e1padn\u00ed kolegov\u00e9, v\u010detn\u011b \u010dlen\u016f EU, chovali nesm\u00edrn\u011b arogantn\u011b, polo\u017eilo z\u00e1klad proces\u016fm, kter\u00e9 nakonec propukly na n\u00e1m\u011bst\u00ed Nez\u00e1vislosti,\u201c \u0159ekl Lavrov na tiskov\u00e9 konferenci.<\/p>\n<p>Lavrov se tak\u00e9 vyj\u00e1d\u0159il, zda bude tento dokument dostupn\u00fd ve\u0159ejnosti.<\/p>\n<p><strong>\u201e<\/strong>A co se t\u00fd\u010de publikace, tam je t\u0159eba te\u010f dodr\u017eet n\u011bjak\u00e9 protokol\u00e1rn\u00ed a technick\u00e9 v\u011bci, bude to brzy zve\u0159ejn\u011bno. Samoz\u0159ejm\u011b, tento dokument zve\u0159ejn\u00edme, nem\u00e1me se za co styd\u011bt,&#8220; \u0159ekl na tiskov\u00e9 konferenci v Moskv\u011b po setk\u00e1n\u00ed se sv\u00fdm polsk\u00fdm prot\u011bj\u0161kem Zbigniewem Rauem.<\/p>\n<p><a href=\"https:\/\/cz.sputniknews.com\/20220215\/lavrov-ruska-reakce-na-bezpecnostni-zaruky-bude-zverejnena-nemame-se-za-co-stydet-17634229.html\">ZDROJ<\/a><\/p>\n<p>&nbsp;<\/p>\n","protected":false},"excerpt":{"rendered":"<p>Rusk\u00fd ministr zahrani\u010d\u00ed Sergej Lavrov uvedl, \u017ee odpov\u011bdi Ruska na dopisy USA a NATO o&#8230;<\/p>\n","protected":false},"author":2,"featured_media":1169,"comment_status":"closed","ping_status":"closed","sticky":false,"template":"","format":"standard","meta":[],"categories":[7],"tags":[189,39,22,37],"_links":{"self":[{"href":"https:\/\/www.infokuryr.cz\/n\/wp-json\/wp\/v2\/posts\/8345"}],"collection":[{"href":"https:\/\/www.infokuryr.cz\/n\/wp-json\/wp\/v2\/posts"}],"about":[{"href":"https:\/\/www.infokuryr.cz\/n\/wp-json\/wp\/v2\/types\/post"}],"author":[{"embeddable":true,"href":"https:\/\/www.infokuryr.cz\/n\/wp-json\/wp\/v2\/users\/2"}],"replies":[{"embeddable":true,"href":"https:\/\/www.infokuryr.cz\/n\/wp-json\/wp\/v2\/comments?post=8345"}],"version-history":[{"count":0,"href":"https:\/\/www.infokuryr.cz\/n\/wp-json\/wp\/v2\/posts\/8345\/revisions"}],"wp:featuredmedia":[{"embeddable":true,"href":"https:\/\/www.infokuryr.cz\/n\/wp-json\/wp\/v2\/media\/1169"}],"wp:attachment":[{"href":"https:\/\/www.infokuryr.cz\/n\/wp-json\/wp\/v2\/media?parent=8345"}],"wp:term":[{"taxonomy":"category","embeddable":true,"href":"https:\/\/www.infokuryr.cz\/n\/wp-json\/wp\/v2\/categories?post=8345"},{"taxonomy":"post_tag","embeddable":true,"href":"https:\/\/www.infokuryr.cz\/n\/wp-json\/wp\/v2\/tags?post=8345"}],"curies":[{"name":"wp","href":"https:\/\/api.w.org\/{rel}","templated":true}]}}