{"id":83449,"date":"2025-07-14T00:15:54","date_gmt":"2025-07-13T22:15:54","guid":{"rendered":"https:\/\/www.infokuryr.cz\/n\/?p=83449"},"modified":"2025-07-13T14:02:20","modified_gmt":"2025-07-13T12:02:20","slug":"myslenky-jsou-svobodne-jak-wef-cili-na-posledni-bastu-svobody","status":"publish","type":"post","link":"https:\/\/www.infokuryr.cz\/n\/2025\/07\/14\/myslenky-jsou-svobodne-jak-wef-cili-na-posledni-bastu-svobody\/","title":{"rendered":"My\u0161lenky jsou svobodn\u00e9? \u2013 Jak WEF c\u00edl\u00ed na posledn\u00ed ba\u0161tu svobody"},"content":{"rendered":"<div id=\"fb-root\"><\/div>\n<p><strong>Podle Nity Farahanyov\u00e9, \u010dlenky Sv\u011btov\u00e9ho ekonomick\u00e9ho f\u00f3ra (WEF) a profesorky neuroetiky na Dukeov\u011b univerzit\u011b, budou b\u011b\u017en\u00e1 za\u0159\u00edzen\u00ed, jako jsou sluch\u00e1tka nebo chytr\u00e9 br\u00fdle, brzy monitorovat na\u0161i mozkovou aktivitu. Mozkov\u00e9 senzory budou zaznamen\u00e1vat v\u0161echno. C\u00edlem globalist\u016f je budoucnost tot\u00e1ln\u00edho dohledu, v n\u00ed\u017e n\u00e1m u\u017e ani na\u0161e my\u0161lenky nebudou pat\u0159it.<\/strong><\/p>\n<p>Podle globalist\u016f na Sv\u011btov\u00e9m ekonomick\u00e9m f\u00f3ru budou mal\u00e9 EEG senzory v budoucnu nep\u0159etr\u017eit\u011b monitorovat na\u0161i mozkovou aktivitu. A\u0165 u\u017e budou skryt\u00e9 ve sluch\u00e1tk\u00e1ch, VR headsetech nebo dokonce v tetov\u00e1n\u00ed za u\u0161ima,\u00a0<strong>tato technologie bude vyu\u017e\u00edvat um\u011blou inteligenci k detekci z\u00e1kladn\u00edch du\u0161evn\u00edch stav\u016f, jako je \u00fanava, pozornost, emoce nebo dokonce kognitivn\u00ed p\u0159et\u00ed\u017een\u00ed.<\/strong><\/p>\n<figure class=\"wp-block-embed is-type-rich is-provider-twitter wp-block-embed-twitter\">\n<div class=\"wp-block-embed__wrapper\">\n<div class=\"twitter-tweet twitter-tweet-rendered\"><iframe id=\"twitter-widget-0\" class=\"\" title=\"X P\u0159\u00edsp\u011bvek\" src=\"https:\/\/platform.twitter.com\/embed\/Tweet.html?dnt=true&amp;embedId=twitter-widget-0&amp;features=eyJ0ZndfdGltZWxpbmVfbGlzdCI6eyJidWNrZXQiOltdLCJ2ZXJzaW9uIjpudWxsfSwidGZ3X2ZvbGxvd2VyX2NvdW50X3N1bnNldCI6eyJidWNrZXQiOnRydWUsInZlcnNpb24iOm51bGx9LCJ0ZndfdHdlZXRfZWRpdF9iYWNrZW5kIjp7ImJ1Y2tldCI6Im9uIiwidmVyc2lvbiI6bnVsbH0sInRmd19yZWZzcmNfc2Vzc2lvbiI6eyJidWNrZXQiOiJvbiIsInZlcnNpb24iOm51bGx9LCJ0ZndfZm9zbnJfc29mdF9pbnRlcnZlbnRpb25zX2VuYWJsZWQiOnsiYnVja2V0Ijoib24iLCJ2ZXJzaW9uIjpudWxsfSwidGZ3X21peGVkX21lZGlhXzE1ODk3Ijp7ImJ1Y2tldCI6InRyZWF0bWVudCIsInZlcnNpb24iOm51bGx9LCJ0ZndfZXhwZXJpbWVudHNfY29va2llX2V4cGlyYXRpb24iOnsiYnVja2V0IjoxMjA5NjAwLCJ2ZXJzaW9uIjpudWxsfSwidGZ3X3Nob3dfYmlyZHdhdGNoX3Bpdm90c19lbmFibGVkIjp7ImJ1Y2tldCI6Im9uIiwidmVyc2lvbiI6bnVsbH0sInRmd19kdXBsaWNhdGVfc2NyaWJlc190b19zZXR0aW5ncyI6eyJidWNrZXQiOiJvbiIsInZlcnNpb24iOm51bGx9LCJ0ZndfdXNlX3Byb2ZpbGVfaW1hZ2Vfc2hhcGVfZW5hYmxlZCI6eyJidWNrZXQiOiJvbiIsInZlcnNpb24iOm51bGx9LCJ0ZndfdmlkZW9faGxzX2R5bmFtaWNfbWFuaWZlc3RzXzE1MDgyIjp7ImJ1Y2tldCI6InRydWVfYml0cmF0ZSIsInZlcnNpb24iOm51bGx9LCJ0ZndfbGVnYWN5X3RpbWVsaW5lX3N1bnNldCI6eyJidWNrZXQiOnRydWUsInZlcnNpb24iOm51bGx9LCJ0ZndfdHdlZXRfZWRpdF9mcm9udGVuZCI6eyJidWNrZXQiOiJvbiIsInZlcnNpb24iOm51bGx9fQ%3D%3D&amp;frame=false&amp;hideCard=false&amp;hideThread=false&amp;id=1943619543017930991&amp;lang=de&amp;origin=https%3A%2F%2Freport24.news%2Fdie-gedanken-sind-frei-wie-das-wef-die-letzte-bastion-der-freiheit-ins-visier-nimmt%2F&amp;sessionId=6dd578437c68d00e42f1f00ab70c279280573340&amp;theme=light&amp;widgetsVersion=2615f7e52b7e0%3A1702314776716&amp;width=550px\" frameborder=\"0\" scrolling=\"no\" allowfullscreen=\"allowfullscreen\" data-tweet-id=\"1943619543017930991\" data-mce-fragment=\"1\"><\/iframe><\/div>\n<\/div>\n<\/figure>\n<p>Ofici\u00e1ln\u011b m\u00e1 tato technologie zv\u00fd\u0161it efektivitu a zlep\u0161it zdravotn\u00ed p\u00e9\u010di \u2013 ale v kone\u010dn\u00e9m d\u016fsledku jde o naprostou kontrolu nad lidstvem.\u00a0<strong>P\u0159edstavte si, \u017ee bez takov\u00e9ho mozkov\u00e9ho senzoru byste mo\u017en\u00e1 ani nebyli schopni nastartovat vlastn\u00ed auto, pokud by syst\u00e9m upozornil, \u017ee m\u00e1te n\u011bjak\u00fd du\u0161evn\u00ed posti\u017een\u00ed.<\/strong>\u00a0Nebo co kdy\u017e senzor detekuje posti\u017een\u00ed b\u011bhem j\u00edzdy a vozidlo se pot\u00e9 p\u0159epne na \u201eautopilota\u201c a vyhled\u00e1 nejbli\u017e\u0161\u00ed parkovac\u00ed m\u00edsto?<\/p>\n<p>Tuto technologii lze pou\u017e\u00edt i na pracovi\u0161ti. Co kdy\u017e firmy trvaj\u00ed na tom, aby zam\u011bstnanci pou\u017e\u00edvali tato monitorovac\u00ed za\u0159\u00edzen\u00ed?\u00a0<strong>Co kdy\u017e si zam\u011bstnavatel v\u0161imne, \u017ee se zam\u011bstnanec \u201ement\u00e1ln\u011b vzd\u00e1lil\u201c nebo je \u010dasto rozptylov\u00e1n?<\/strong>\u00a0Sankce na z\u00e1klad\u011b takov\u00e9ho hodnocen\u00ed jsou jist\u011b mo\u017en\u00e9 \u2013 v\u010detn\u011b ztr\u00e1ty zam\u011bstn\u00e1n\u00ed. Je to budoucnost, ve kter\u00e9 chcete \u017e\u00edt?<\/p>\n<p><img decoding=\"async\" loading=\"lazy\" class=\"alignnone size-full wp-image-1185\" src=\"http:\/\/www.infokuryr.cz\/n\/wp-content\/uploads\/2021\/04\/kuryr-podpis.png\" alt=\"\" width=\"84\" height=\"24\" \/><\/p>\n<p>&nbsp;<\/p>\n","protected":false},"excerpt":{"rendered":"<p>Podle Nity Farahanyov\u00e9, \u010dlenky Sv\u011btov\u00e9ho ekonomick\u00e9ho f\u00f3ra (WEF) a profesorky neuroetiky na Dukeov\u011b univerzit\u011b, budou&#8230;<\/p>\n","protected":false},"author":2,"featured_media":83450,"comment_status":"closed","ping_status":"closed","sticky":false,"template":"","format":"standard","meta":[],"categories":[7],"tags":[279,4646,117,613],"_links":{"self":[{"href":"https:\/\/www.infokuryr.cz\/n\/wp-json\/wp\/v2\/posts\/83449"}],"collection":[{"href":"https:\/\/www.infokuryr.cz\/n\/wp-json\/wp\/v2\/posts"}],"about":[{"href":"https:\/\/www.infokuryr.cz\/n\/wp-json\/wp\/v2\/types\/post"}],"author":[{"embeddable":true,"href":"https:\/\/www.infokuryr.cz\/n\/wp-json\/wp\/v2\/users\/2"}],"replies":[{"embeddable":true,"href":"https:\/\/www.infokuryr.cz\/n\/wp-json\/wp\/v2\/comments?post=83449"}],"version-history":[{"count":0,"href":"https:\/\/www.infokuryr.cz\/n\/wp-json\/wp\/v2\/posts\/83449\/revisions"}],"wp:featuredmedia":[{"embeddable":true,"href":"https:\/\/www.infokuryr.cz\/n\/wp-json\/wp\/v2\/media\/83450"}],"wp:attachment":[{"href":"https:\/\/www.infokuryr.cz\/n\/wp-json\/wp\/v2\/media?parent=83449"}],"wp:term":[{"taxonomy":"category","embeddable":true,"href":"https:\/\/www.infokuryr.cz\/n\/wp-json\/wp\/v2\/categories?post=83449"},{"taxonomy":"post_tag","embeddable":true,"href":"https:\/\/www.infokuryr.cz\/n\/wp-json\/wp\/v2\/tags?post=83449"}],"curies":[{"name":"wp","href":"https:\/\/api.w.org\/{rel}","templated":true}]}}