{"id":83447,"date":"2025-07-14T00:15:19","date_gmt":"2025-07-13T22:15:19","guid":{"rendered":"https:\/\/www.infokuryr.cz\/n\/?p=83447"},"modified":"2025-07-13T13:21:50","modified_gmt":"2025-07-13T11:21:50","slug":"krucifixy-zakazany-satky-povoleny-nove-chapani-nabozenstvi-v-nemeckych-skolach","status":"publish","type":"post","link":"https:\/\/www.infokuryr.cz\/n\/2025\/07\/14\/krucifixy-zakazany-satky-povoleny-nove-chapani-nabozenstvi-v-nemeckych-skolach\/","title":{"rendered":"Krucifixy zak\u00e1z\u00e1ny, \u0161\u00e1tky povoleny: Nov\u00e9 ch\u00e1p\u00e1n\u00ed n\u00e1bo\u017eenstv\u00ed v n\u011bmeck\u00fdch \u0161kol\u00e1ch"},"content":{"rendered":"<div id=\"fb-root\"><\/div>\n<p><strong><span>Bavorsk\u00fd spr\u00e1vn\u00ed soud rozhodl, \u017ee k\u0159\u00ed\u017ee ve \u0161kol\u00e1ch ve Svobodn\u00e9m st\u00e1t\u011b Bavorsko mus\u00ed b\u00fdt na \u017e\u00e1dost jednotliv\u00fdch \u017e\u00e1k\u016f odstran\u011bny. Z\u00e1rove\u0148 muslim\u0161t\u00ed u\u010ditel\u00e9 mohou ve t\u0159\u00edd\u011b nosit \u0161\u00e1tky. Je to sv\u011bt vzh\u016fru nohama.<\/span><\/strong><\/p>\n<p><span>Bavorsko bylo kdysi ba\u0161tou katol\u00edk\u016f. V dne\u0161n\u00ed modern\u00ed dob\u011b v\u0161ak k\u0159es\u0165anstv\u00ed ve Svobodn\u00e9m st\u00e1t\u011b zjevn\u011b ji\u017e nem\u00e1 \u017e\u00e1dn\u00fd v\u00fdznam. Podle\u00a0<\/span><a href=\"https:\/\/www.br.de\/nachrichten\/bayern\/urteil-schule-muss-kruzifix-auf-wunsch-von-schuelern-abhaengen,UqRza7Q\"><span>ned\u00e1vn\u00e9ho rozhodnut\u00ed bavorsk\u00e9ho spr\u00e1vn\u00edho soudu<\/span><\/a><span> , pokud jednotliv\u00ed studenti (v tomto p\u0159\u00edpad\u011b dv\u011b studentky) po\u017eaduj\u00ed odstran\u011bn\u00ed k\u0159es\u0165ansk\u00fdch k\u0159\u00ed\u017e\u016f ve \u0161kol\u00e1ch, mus\u00ed b\u00fdt tyto k\u0159\u00ed\u017ee odstran\u011bny.<\/span><\/p>\n<figure class=\"wp-block-embed is-type-rich is-provider-twitter wp-block-embed-twitter\">\n<div class=\"wp-block-embed__wrapper\">\n<div class=\"twitter-tweet twitter-tweet-rendered\"><iframe id=\"twitter-widget-0\" class=\"\" title=\"X P\u0159\u00edsp\u011bvek\" src=\"https:\/\/platform.twitter.com\/embed\/Tweet.html?dnt=true&amp;embedId=twitter-widget-0&amp;features=eyJ0ZndfdGltZWxpbmVfbGlzdCI6eyJidWNrZXQiOltdLCJ2ZXJzaW9uIjpudWxsfSwidGZ3X2ZvbGxvd2VyX2NvdW50X3N1bnNldCI6eyJidWNrZXQiOnRydWUsInZlcnNpb24iOm51bGx9LCJ0ZndfdHdlZXRfZWRpdF9iYWNrZW5kIjp7ImJ1Y2tldCI6Im9uIiwidmVyc2lvbiI6bnVsbH0sInRmd19yZWZzcmNfc2Vzc2lvbiI6eyJidWNrZXQiOiJvbiIsInZlcnNpb24iOm51bGx9LCJ0ZndfZm9zbnJfc29mdF9pbnRlcnZlbnRpb25zX2VuYWJsZWQiOnsiYnVja2V0Ijoib24iLCJ2ZXJzaW9uIjpudWxsfSwidGZ3X21peGVkX21lZGlhXzE1ODk3Ijp7ImJ1Y2tldCI6InRyZWF0bWVudCIsInZlcnNpb24iOm51bGx9LCJ0ZndfZXhwZXJpbWVudHNfY29va2llX2V4cGlyYXRpb24iOnsiYnVja2V0IjoxMjA5NjAwLCJ2ZXJzaW9uIjpudWxsfSwidGZ3X3Nob3dfYmlyZHdhdGNoX3Bpdm90c19lbmFibGVkIjp7ImJ1Y2tldCI6Im9uIiwidmVyc2lvbiI6bnVsbH0sInRmd19kdXBsaWNhdGVfc2NyaWJlc190b19zZXR0aW5ncyI6eyJidWNrZXQiOiJvbiIsInZlcnNpb24iOm51bGx9LCJ0ZndfdXNlX3Byb2ZpbGVfaW1hZ2Vfc2hhcGVfZW5hYmxlZCI6eyJidWNrZXQiOiJvbiIsInZlcnNpb24iOm51bGx9LCJ0ZndfdmlkZW9faGxzX2R5bmFtaWNfbWFuaWZlc3RzXzE1MDgyIjp7ImJ1Y2tldCI6InRydWVfYml0cmF0ZSIsInZlcnNpb24iOm51bGx9LCJ0ZndfbGVnYWN5X3RpbWVsaW5lX3N1bnNldCI6eyJidWNrZXQiOnRydWUsInZlcnNpb24iOm51bGx9LCJ0ZndfdHdlZXRfZWRpdF9mcm9udGVuZCI6eyJidWNrZXQiOiJvbiIsInZlcnNpb24iOm51bGx9fQ%3D%3D&amp;frame=false&amp;hideCard=false&amp;hideThread=false&amp;id=1943251730596323593&amp;lang=de&amp;origin=https%3A%2F%2Freport24.news%2Fkruzifix-verboten-kopftuch-erlaubt-das-neue-religionsverstaendnis-an-deutschen-schulen%2F&amp;sessionId=f043298161ed55d6d1e5e10baebff81e4a9514ad&amp;theme=light&amp;widgetsVersion=2615f7e52b7e0%3A1702314776716&amp;width=550px\" frameborder=\"0\" scrolling=\"no\" allowfullscreen=\"allowfullscreen\" data-tweet-id=\"1943251730596323593\" data-mce-fragment=\"1\"><\/iframe><\/div>\n<\/div>\n<\/figure>\n<p><span>Absurdn\u00ed zd\u016fvodn\u011bn\u00ed soudc\u016f: P\u0159ibli\u017en\u011b jeden a p\u016fl metru vysok\u00fd a p\u016fl metru \u0161irok\u00fd krucifix ve vstupn\u00ed hale st\u00e1tn\u00ed st\u0159edn\u00ed \u0161koly poru\u0161oval n\u00e1bo\u017eenskou svobodu studentek. Kv\u016fli povinn\u00e9 \u0161koln\u00ed doch\u00e1zce byly ob\u011b d\u00edvky nuceny ka\u017ed\u00fd den vid\u011bt uk\u0159i\u017eovan\u00e9ho Je\u017e\u00ed\u0161e. Nav\u00edc pro ob\u011b studentky neexistovala \u017e\u00e1dn\u00e1 \u201erozumn\u00e1 alternativa\u201c.<\/span><\/p>\n<h3 id=\"h-kopftucher-fur-lehrerinnen-sind-aber-in-ordnung\" class=\"wp-block-heading\"><span>Ale \u0161\u00e1tky pro u\u010ditele jsou v po\u0159\u00e1dku?<\/span><\/h3>\n<p><span>Z\u00e1rove\u0148 \u010derno-\u010derven\u00e1 koalice v Berl\u00edn\u011b zaji\u0161\u0165uje, aby u\u010ditelky v hlavn\u00edm m\u011bst\u011b\u00a0<\/span><a href=\"https:\/\/www.rbb24.de\/politik\/beitrag\/2025\/07\/neutralitaetsgesetz-berlin-kopftuch-schulen-religion-symbole.html\"><span>mohly nosit \u0161\u00e1tky<\/span><\/a><span> navzdory Berl\u00ednsk\u00e9mu z\u00e1konu o neutralit\u011b . Ten je symbolem politick\u00e9ho isl\u00e1mu a podroben\u00ed \u017een mu\u017esk\u00e9 vl\u00e1d\u011b. Odvol\u00e1vaj\u00ed se na rozhodnut\u00ed Spolkov\u00e9ho \u00fastavn\u00edho soudu z roku 2015, kter\u00e9 stanov\u00ed, \u017ee no\u0161en\u00ed \u0161\u00e1tku je ve \u0161kol\u00e1ch povoleno.<\/span><\/p>\n<p><span>Pl\u00e1novan\u00e1 novela z\u00e1kona stanov\u00ed, \u017ee toto lze odm\u00edtnout pouze \u201epokud lze na z\u00e1klad\u011b objektivn\u011b ov\u011b\u0159iteln\u00fdch a srozumiteln\u00fdch skute\u010dnost\u00ed prok\u00e1zat dostate\u010dn\u011b konkr\u00e9tn\u00ed hrozbu nebo naru\u0161en\u00ed \u0161koln\u00edho klidu nebo neutrality st\u00e1tu\u201c. To vyvol\u00e1v\u00e1 ot\u00e1zku, zda by pak i k\u0159es\u0165an\u0161t\u00ed (nebo ateisti\u010dt\u00ed) studenti mohli \u017ealovat, nebo zda by to bylo pova\u017eov\u00e1no za \u201eislamofobn\u00ed \u00fatok\u201c.<\/span><\/p>\n<p><span>N\u011bmecko se evidentn\u011b nad\u00e1le ni\u010d\u00ed. Pokud jsou k\u0159\u00ed\u017ee v zemi, kter\u00e1 z\u016fst\u00e1v\u00e1 p\u0159ev\u00e1\u017en\u011b k\u0159es\u0165ansk\u00e1, pova\u017eov\u00e1ny za omezen\u00ed n\u00e1bo\u017eensk\u00e9 svobody, co bude d\u00e1l? Po\u017eadavky na demolici kostel\u016f a kl\u00e1\u0161ter\u016f?<\/span><\/p>\n<p><img decoding=\"async\" loading=\"lazy\" class=\"alignnone size-full wp-image-1185\" src=\"http:\/\/www.infokuryr.cz\/n\/wp-content\/uploads\/2021\/04\/kuryr-podpis.png\" alt=\"\" width=\"84\" height=\"24\" \/><\/p>\n<p>&nbsp;<\/p>\n","protected":false},"excerpt":{"rendered":"<p>Bavorsk\u00fd spr\u00e1vn\u00ed soud rozhodl, \u017ee k\u0159\u00ed\u017ee ve \u0161kol\u00e1ch ve Svobodn\u00e9m st\u00e1t\u011b Bavorsko mus\u00ed b\u00fdt na&#8230;<\/p>\n","protected":false},"author":2,"featured_media":83448,"comment_status":"closed","ping_status":"closed","sticky":false,"template":"","format":"standard","meta":[],"categories":[7],"tags":[371,84,2518,1392],"_links":{"self":[{"href":"https:\/\/www.infokuryr.cz\/n\/wp-json\/wp\/v2\/posts\/83447"}],"collection":[{"href":"https:\/\/www.infokuryr.cz\/n\/wp-json\/wp\/v2\/posts"}],"about":[{"href":"https:\/\/www.infokuryr.cz\/n\/wp-json\/wp\/v2\/types\/post"}],"author":[{"embeddable":true,"href":"https:\/\/www.infokuryr.cz\/n\/wp-json\/wp\/v2\/users\/2"}],"replies":[{"embeddable":true,"href":"https:\/\/www.infokuryr.cz\/n\/wp-json\/wp\/v2\/comments?post=83447"}],"version-history":[{"count":0,"href":"https:\/\/www.infokuryr.cz\/n\/wp-json\/wp\/v2\/posts\/83447\/revisions"}],"wp:featuredmedia":[{"embeddable":true,"href":"https:\/\/www.infokuryr.cz\/n\/wp-json\/wp\/v2\/media\/83448"}],"wp:attachment":[{"href":"https:\/\/www.infokuryr.cz\/n\/wp-json\/wp\/v2\/media?parent=83447"}],"wp:term":[{"taxonomy":"category","embeddable":true,"href":"https:\/\/www.infokuryr.cz\/n\/wp-json\/wp\/v2\/categories?post=83447"},{"taxonomy":"post_tag","embeddable":true,"href":"https:\/\/www.infokuryr.cz\/n\/wp-json\/wp\/v2\/tags?post=83447"}],"curies":[{"name":"wp","href":"https:\/\/api.w.org\/{rel}","templated":true}]}}