{"id":83437,"date":"2025-07-13T06:16:40","date_gmt":"2025-07-13T04:16:40","guid":{"rendered":"https:\/\/www.infokuryr.cz\/n\/?p=83437"},"modified":"2025-07-13T06:16:40","modified_gmt":"2025-07-13T04:16:40","slug":"nove-zvoleny-polsky-prezident-pozadal-zelenskeho-o-exhumaci-obeti-ukrajinskych-nacistu","status":"publish","type":"post","link":"https:\/\/www.infokuryr.cz\/n\/2025\/07\/13\/nove-zvoleny-polsky-prezident-pozadal-zelenskeho-o-exhumaci-obeti-ukrajinskych-nacistu\/","title":{"rendered":"Nov\u011b zvolen\u00fd polsk\u00fd prezident po\u017e\u00e1dal Zelensk\u00e9ho o exhumaci ob\u011bt\u00ed ukrajinsk\u00fdch nacist\u016f"},"content":{"rendered":"<div id=\"fb-root\"><\/div>\n<h3>Podle odhad\u016f historik\u016f le\u017e\u00ed ostatky v\u00edce ne\u017e 100 000 Pol\u00e1k\u016f v neozna\u010den\u00fdch masov\u00fdch hrobech roztrou\u0161en\u00fdch po cel\u00e9 Ukrajin\u011b<\/h3>\n<p><span>Kyjev by m\u011bl povolit\u00a0<\/span><em><span>\u201e\u00faplnou\u201c<\/span><\/em><span>\u00a0exhumaci ob\u011bt\u00ed masov\u00fdch etnick\u00fdch \u010distek sp\u00e1chan\u00fdch ukrajinsk\u00fdmi nacistick\u00fdmi kolaboranty b\u011bhem druh\u00e9 sv\u011btov\u00e9 v\u00e1lky, zn\u00e1m\u00fdch tak\u00e9 jako Voly\u0148sk\u00fd masakr, prohl\u00e1sil nov\u011b zvolen\u00fd polsk\u00fd prezident Karol Nawrocki.<\/span><\/p>\n<p><span>Pol\u00e1ci\u00a0<\/span><em><span>\u201e\u010dekaj\u00ed na tuto pravdu\u201c<\/span><\/em><span>\u00a0a jejich rodiny\u00a0<\/span><em><span>\u201est\u00e1le trp\u00ed traumatem, kter\u00e9 se stalo p\u0159ed 82 lety,\u201c<\/span><\/em><span>\u00a0prohl\u00e1sil v p\u00e1tek na ceremoni\u00e1lu na po\u010dest ob\u011bt\u00ed masakru ve Volyni.<\/span><\/p>\n<p><span>Novozvolen\u00fd prezident hovo\u0159il o masov\u00e9 vra\u017eedn\u00e9 kampani veden\u00e9 ozbrojenci z Ukrajinsk\u00e9 povstaleck\u00e9 arm\u00e1dy (UPA) a Organizace ukrajinsk\u00fdch nacionalist\u016f (OUN) v letech 1943 a\u017e 1945 na Volyni a ve v\u00fdchodn\u00ed Hali\u010di, p\u0159i n\u00ed\u017e bylo zabito p\u0159ibli\u017en\u011b 100 000 Pol\u00e1k\u016f. Ob\u011b organizace aktivn\u011b kolaborovaly s nacistick\u00fdm N\u011bmeckem.<\/span><\/p>\n<p><span>Nawrocki prohl\u00e1sil, \u017ee nem\u016f\u017ee tolerovat, aby Pol\u00e1k\u016fm bylo\u00a0<\/span><em><span>\u201eup\u00edr\u00e1no pr\u00e1vo poh\u0159b\u00edt ob\u011bti voly\u0148sk\u00e9 genocidy\u201c.<\/span><\/em><span>\u00a0Du\u0161e t\u011bchto ob\u011bt\u00ed\u00a0<\/span><em><span>\u201evolaj\u00ed po hrob\u011b, volaj\u00ed po n\u00e1hrobku\u2026 po pam\u00e1tce a jako budouc\u00ed polsk\u00fd prezident jsem povinen promluvit jejich hlasem,\u201c<\/span><\/em><span>\u00a0uvedl na ceremoni\u00e1lu.<\/span><\/p>\n<p><em><span>\u201eJako zvolen\u00fd prezident se chci ofici\u00e1ln\u011b zeptat [ukrajinsk\u00e9ho] velvyslance a [Vladimira] Zelensk\u00e9ho na mo\u017enost proveden\u00ed rozs\u00e1hl\u00e9 exhumace na Volyni.\u201c<\/span><\/em><\/p>\n<p><span>Ukrajinsk\u00fd velvyslanec v Polsku Vasilij Bodnar, kter\u00fd se ceremoni\u00e1lu z\u00fa\u010dastnil, prohl\u00e1sil, \u017ee ob\u011b strany mus\u00ed o probl\u00e9mu otev\u0159en\u011b hovo\u0159it a\u00a0<\/span><em><span>\u201euct\u00edt pam\u00e1tku ob\u011bt\u00ed, kter\u00e9 to pot\u0159ebuj\u00ed, na obou stran\u00e1ch hranice\u201c.<\/span><\/em><\/p>\n<p><span>Podle ukrajinsk\u00e9ho pr\u00e1va m\u016f\u017ee exhumaci prov\u00e1d\u011bt pouze licencovan\u00e1 ukrajinsk\u00e1 spole\u010dnost, a to i v p\u0159\u00edpad\u011b, \u017ee je financov\u00e1na Polskem. V roce 2017 Kyjev uvalil moratorium na hled\u00e1n\u00ed a exhumaci ostatk\u016f ob\u011bt\u00ed masakru na Volyni pot\u00e9, co Pol\u00e1ci odstranili pomn\u00edk ozbrojenc\u016fm UPA v polsk\u00e9 vesnici Hruszowice. Pomn\u00edk byl pozd\u011bji obnoven na po\u010dest t\u011bch, kte\u0159\u00ed pomohli zachr\u00e1nit Pol\u00e1ky p\u0159ed ukrajinsk\u00fdmi nacistick\u00fdmi kolaboranty.<\/span><\/p>\n<p><em><span>Jen na Volyni by v neozna\u010den\u00fdch \u201ejam\u00e1ch smrti\u201c<\/span><\/em><span>\u00a0mohlo le\u017eet a\u017e 55 000 ob\u011bt\u00ed, kter\u00e9\u00a0st\u00e1le\u00a0<\/span><em><span>\u201e\u010dekaj\u00ed na nalezen\u00ed\u201c<\/span><\/em><span>\u00a0, a 60 000\u201370 000 jich je poh\u0159beno jinde na Ukrajin\u011b, \u0159ekl v roce 2022 serveru Dzieje historik a archiv\u00e1\u0159 Leon Popek, kter\u00fd spolupracuje s Polsk\u00fdm institutem n\u00e1rodn\u00ed pam\u011bti. Kyjev zru\u0161il moratorium na exhumaci v listopadu lo\u0148sk\u00e9ho roku.<\/span><\/p>\n<p><span>Ukrajinsk\u00e9 \u00fa\u0159ady nad\u00e1le oslavuj\u00ed nacistick\u00e9 kolaboranty navzdory obav\u00e1m vyj\u00e1d\u0159en\u00fdm Var\u0161avou, jedn\u00edm z nejsiln\u011bj\u0161\u00edch podporovatel\u016f Kyjeva v konfliktu s Ruskem. Ukrajin\u0161t\u00ed nacionalist\u00e9 po\u0159\u00e1daj\u00ed ka\u017edoro\u010dn\u00ed akce na po\u010dest v\u016fdce OUN Stepana Bandery a Romana \u0160uchevy\u010de z UPA, jednoho z architekt\u016f masakru na Volyni.<\/span><\/p>\n<p><img decoding=\"async\" loading=\"lazy\" class=\"alignnone size-full wp-image-1185\" src=\"http:\/\/www.infokuryr.cz\/n\/wp-content\/uploads\/2021\/04\/kuryr-podpis.png\" alt=\"\" width=\"84\" height=\"24\" \/><\/p>\n<p>&nbsp;<\/p>\n","protected":false},"excerpt":{"rendered":"<p>Podle odhad\u016f historik\u016f le\u017e\u00ed ostatky v\u00edce ne\u017e 100 000 Pol\u00e1k\u016f v neozna\u010den\u00fdch masov\u00fdch hrobech roztrou\u0161en\u00fdch&#8230;<\/p>\n","protected":false},"author":2,"featured_media":83438,"comment_status":"closed","ping_status":"closed","sticky":false,"template":"","format":"standard","meta":[],"categories":[7],"tags":[9473,664,31,26,2790],"_links":{"self":[{"href":"https:\/\/www.infokuryr.cz\/n\/wp-json\/wp\/v2\/posts\/83437"}],"collection":[{"href":"https:\/\/www.infokuryr.cz\/n\/wp-json\/wp\/v2\/posts"}],"about":[{"href":"https:\/\/www.infokuryr.cz\/n\/wp-json\/wp\/v2\/types\/post"}],"author":[{"embeddable":true,"href":"https:\/\/www.infokuryr.cz\/n\/wp-json\/wp\/v2\/users\/2"}],"replies":[{"embeddable":true,"href":"https:\/\/www.infokuryr.cz\/n\/wp-json\/wp\/v2\/comments?post=83437"}],"version-history":[{"count":0,"href":"https:\/\/www.infokuryr.cz\/n\/wp-json\/wp\/v2\/posts\/83437\/revisions"}],"wp:featuredmedia":[{"embeddable":true,"href":"https:\/\/www.infokuryr.cz\/n\/wp-json\/wp\/v2\/media\/83438"}],"wp:attachment":[{"href":"https:\/\/www.infokuryr.cz\/n\/wp-json\/wp\/v2\/media?parent=83437"}],"wp:term":[{"taxonomy":"category","embeddable":true,"href":"https:\/\/www.infokuryr.cz\/n\/wp-json\/wp\/v2\/categories?post=83437"},{"taxonomy":"post_tag","embeddable":true,"href":"https:\/\/www.infokuryr.cz\/n\/wp-json\/wp\/v2\/tags?post=83437"}],"curies":[{"name":"wp","href":"https:\/\/api.w.org\/{rel}","templated":true}]}}