{"id":83429,"date":"2025-07-13T06:00:28","date_gmt":"2025-07-13T04:00:28","guid":{"rendered":"https:\/\/www.infokuryr.cz\/n\/?p=83429"},"modified":"2025-07-13T06:00:28","modified_gmt":"2025-07-13T04:00:28","slug":"zeme-kde-se-tohle-muze-stat-nemuze-byt-clenem-eu-orban-kritizuje-ukrajinu-pote-co-byl-madarsky-obcan-ubit-k-smrti","status":"publish","type":"post","link":"https:\/\/www.infokuryr.cz\/n\/2025\/07\/13\/zeme-kde-se-tohle-muze-stat-nemuze-byt-clenem-eu-orban-kritizuje-ukrajinu-pote-co-byl-madarsky-obcan-ubit-k-smrti\/","title":{"rendered":"\u201eZem\u011b, kde se tohle m\u016f\u017ee st\u00e1t, nem\u016f\u017ee b\u00fdt \u010dlenem EU,\u201c \u2013 Orb\u00e1n kritizuje Ukrajinu pot\u00e9, co byl ma\u010farsk\u00fd ob\u010dan ubit k smrti"},"content":{"rendered":"<div id=\"fb-root\"><\/div>\n<h3 class=\"s-tagline fw-tagline\"><span>&#8222;Ubili ma\u010farsk\u00e9ho ob\u010dana k smrti, takov\u00e1 je situace.&#8220;<\/span><\/h3>\n<p><span>Premi\u00e9r Viktor Orb\u00e1n d\u016frazn\u011b odsoudil nucen\u00fd odvod na Ukrajin\u011b a jako p\u0159\u00edklad uvedl ned\u00e1vnou smrt ma\u010farsk\u00e9ho ob\u010dana ze Zakarpat\u00ed, kter\u00e9ho \u00fadajn\u011b\u00a0<\/span><a href=\"https:\/\/rmx.news\/article\/hungary-summons-ukrainian-ambassador-after-death-of-ethnic-hungarian-during-forced-conscription\/\"><span>zbili ukrajin\u0161t\u00ed n\u00e1bor\u00e1\u0159i<\/span><\/a><span>\u00a0.\u00a0<\/span><\/p>\n<p><span>Orb\u00e1n v rozhovoru pro Kossuth Radio spojil tragickou ud\u00e1lost p\u0159\u00edmo s prob\u00edhaj\u00edc\u00ed v\u00e1lkou a prohl\u00e1sil, \u017ee zem\u011b, kde k takov\u00fdm ud\u00e1lostem doch\u00e1z\u00ed v d\u016fsledku nucen\u00e9ho odvodu, nen\u00ed zp\u016fsobil\u00e1 pro \u010dlenstv\u00ed v Evropsk\u00e9 unii.<\/span><\/p>\n<p><span>\u201eZem\u011b, kde se tohle m\u016f\u017ee st\u00e1t, nem\u016f\u017ee b\u00fdt \u010dlenem EU,\u201c \u0159ekl Orb\u00e1n s odkazem na bit\u00ed a smrt J\u00f3zsefa Sebesty\u00e9na, 45let\u00e9ho etnick\u00e9ho Ma\u010fara ze Zakarpat\u00ed.<\/span><\/p>\n<p><span>\u201eMluv\u00edme o ma\u010farsko-ukrajinsk\u00e9m ob\u010danovi s dvojit\u00fdm ob\u010danstv\u00edm. To n\u00e1s oprav\u0148uje vyhnout se opatrn\u00e9mu vyjad\u0159ov\u00e1n\u00ed. Ubili ma\u010farsk\u00e9ho ob\u010dana k smrti, takov\u00e1 je situace. A tohle je p\u0159\u00edpad, kter\u00fd mus\u00edme vy\u0161et\u0159it, proto\u017ee to se nesm\u00ed st\u00e1t,\u201c prohl\u00e1sil Orb\u00e1n a zd\u016fraznil z\u00e1va\u017enost situace. Zd\u016fraznil, \u017ee a\u010dkoli se frontov\u00e9 linie mnoha Ma\u010far\u016fm mohou zd\u00e1t vzd\u00e1len\u00e9, \u201ev\u00e1lka prob\u00edh\u00e1 v na\u0161\u00ed sousedn\u00ed zemi. Hrozba je p\u0159\u00edmo tady.\u201c<\/span><\/p>\n<p><span>Video p\u0159\u00edsp\u011bvek na toto t\u00e9ma z Remix News byl\u00a0<\/span><a href=\"https:\/\/x.com\/RMXnews\/status\/1943598791820562852\"><span>okam\u017eit\u011b nahl\u00e1\u0161en u\u017eivatelem X a cenzurov\u00e1n<\/span><\/a><span>\u00a0, co\u017e znamen\u00e1, \u017ee cenzo\u0159i z EU se na tuto zpr\u00e1vu mohou vrhnout kv\u016fli jej\u00ed citliv\u00e9 povaze.<\/span><\/p>\n<p><span>Zd\u00e1 se v\u0161ak, \u017ee ostatn\u00ed \u00fa\u010dty X video hostuj\u00ed bez probl\u00e9m\u016f.<\/span><\/p>\n<figure class=\"wp-block-embed is-type-rich is-provider-twitter wp-block-embed-twitter\">\n<div class=\"wp-block-embed__wrapper\">\n<div class=\"twitter-tweet twitter-tweet-rendered\"><iframe id=\"twitter-widget-0\" class=\"\" title=\"X P\u0159\u00edsp\u011bvek\" src=\"https:\/\/platform.twitter.com\/embed\/Tweet.html?creatorScreenName=RMXnews&amp;dnt=true&amp;embedId=twitter-widget-0&amp;features=eyJ0ZndfdGltZWxpbmVfbGlzdCI6eyJidWNrZXQiOltdLCJ2ZXJzaW9uIjpudWxsfSwidGZ3X2ZvbGxvd2VyX2NvdW50X3N1bnNldCI6eyJidWNrZXQiOnRydWUsInZlcnNpb24iOm51bGx9LCJ0ZndfdHdlZXRfZWRpdF9iYWNrZW5kIjp7ImJ1Y2tldCI6Im9uIiwidmVyc2lvbiI6bnVsbH0sInRmd19yZWZzcmNfc2Vzc2lvbiI6eyJidWNrZXQiOiJvbiIsInZlcnNpb24iOm51bGx9LCJ0ZndfZm9zbnJfc29mdF9pbnRlcnZlbnRpb25zX2VuYWJsZWQiOnsiYnVja2V0Ijoib24iLCJ2ZXJzaW9uIjpudWxsfSwidGZ3X21peGVkX21lZGlhXzE1ODk3Ijp7ImJ1Y2tldCI6InRyZWF0bWVudCIsInZlcnNpb24iOm51bGx9LCJ0ZndfZXhwZXJpbWVudHNfY29va2llX2V4cGlyYXRpb24iOnsiYnVja2V0IjoxMjA5NjAwLCJ2ZXJzaW9uIjpudWxsfSwidGZ3X3Nob3dfYmlyZHdhdGNoX3Bpdm90c19lbmFibGVkIjp7ImJ1Y2tldCI6Im9uIiwidmVyc2lvbiI6bnVsbH0sInRmd19kdXBsaWNhdGVfc2NyaWJlc190b19zZXR0aW5ncyI6eyJidWNrZXQiOiJvbiIsInZlcnNpb24iOm51bGx9LCJ0ZndfdXNlX3Byb2ZpbGVfaW1hZ2Vfc2hhcGVfZW5hYmxlZCI6eyJidWNrZXQiOiJvbiIsInZlcnNpb24iOm51bGx9LCJ0ZndfdmlkZW9faGxzX2R5bmFtaWNfbWFuaWZlc3RzXzE1MDgyIjp7ImJ1Y2tldCI6InRydWVfYml0cmF0ZSIsInZlcnNpb24iOm51bGx9LCJ0ZndfbGVnYWN5X3RpbWVsaW5lX3N1bnNldCI6eyJidWNrZXQiOnRydWUsInZlcnNpb24iOm51bGx9LCJ0ZndfdHdlZXRfZWRpdF9mcm9udGVuZCI6eyJidWNrZXQiOiJvbiIsInZlcnNpb24iOm51bGx9fQ%3D%3D&amp;frame=false&amp;hideCard=false&amp;hideThread=false&amp;id=1943392860184961254&amp;lang=cs&amp;origin=https%3A%2F%2Frmx.news%2Farticle%2Fa-country-where-this-could-happen-cannot-be-a-member-of-the-eu-orban-slams-ukraine-after-hungarian-citizen-is-beaten-to-death%2F&amp;sessionId=d3e41466c044cc225c9cbc0e0dfb34fe3694544f&amp;theme=light&amp;widgetsVersion=2615f7e52b7e0%3A1702314776716&amp;width=550px\" frameborder=\"0\" scrolling=\"no\" allowfullscreen=\"allowfullscreen\" data-tweet-id=\"1943392860184961254\" data-mce-fragment=\"1\"><\/iframe><\/div>\n<\/div>\n<\/figure>\n<p><span>Pokud jde o mu\u017ee ubit\u00e9ho k smrti, Orb\u00e1n uvedl, \u017ee Ma\u010farsko pracuje na pomoci rodin\u011b, jeliko\u017e po n\u011bm zbyly dv\u011b d\u011bti.<\/span><\/p>\n<p><span>\u201eOb\u010danstv\u00ed znamen\u00e1, \u017ee pokud jste ob\u010danem n\u011bjak\u00e9 zem\u011b, jste chr\u00e1n\u011bni sv\u00fdm vlastn\u00edm st\u00e1tem. M\u00e1te povinnosti, kter\u00e9 mus\u00edte plnit v\u016f\u010di sv\u00e9 komunit\u011b, a komunita m\u00e1 povinnost chr\u00e1nit v\u00e1s. Tak\u017ee se mus\u00edme starat o rodinu, st\u00e1le to pokra\u010duje, mus\u00edme se pod\u00edvat na to, co se stalo, st\u00e1le to pokra\u010duje, a mus\u00edme se zeptat ukrajinsk\u00fdch \u00fa\u0159ad\u016f. D\u011bje se to, tak\u017ee to mus\u00edme br\u00e1t v\u00e1\u017en\u011b, proto\u017ee ten, kdo je bit\u00fd, je jeden z n\u00e1s. Je z\u0159ejm\u00e9, \u017ee ko\u0159en probl\u00e9mu spo\u010d\u00edv\u00e1 ve v\u00e1lce,\u201c \u0159ekl Orb\u00e1n.<\/span><\/p>\n<p><span>Orb\u00e1n zopakoval sv\u00e9 p\u0159esv\u011bd\u010den\u00ed, \u017ee \u201eVoks 2025\u201c, odkaz na ma\u010farsk\u00e9 referendum o tom, zda by se Ukrajina m\u011bla p\u0159ipojit k EU, je opr\u00e1vn\u011bn\u00fdm krokem, a argumentoval, \u017ee p\u0159ijet\u00ed Ukrajiny do EU by znamenalo \u201ep\u0159ijmout v\u00e1lku a v\u0161echny jej\u00ed d\u016fsledky\u201c.<\/span><\/p>\n<p><span>Konflikt popsal jako \u201ezni\u010duj\u00edc\u00ed v\u00e1lku\u201c a \u201ekrvavou l\u00e1ze\u0148\u201c a p\u0159irovnal ho k prvn\u00ed sv\u011btov\u00e9 v\u00e1lce, kde \u201etento typ v\u00e1lky nem\u00e1 na boji\u0161ti \u0159e\u0161en\u00ed\u201c.<\/span><\/p>\n<p><span>Ma\u010farsk\u00fd premi\u00e9r zd\u016fraznil nal\u00e9havou pot\u0159ebu p\u0159\u00edm\u011b\u0159\u00ed a m\u00edrov\u00fdch rozhovor\u016f a prohl\u00e1sil, \u017ee v\u00e1lku \u201enelze vyhr\u00e1t na front\u011b\u201c.<\/span><\/p>\n<p><span>Orb\u00e1n tak\u00e9 odm\u00edtl my\u0161lenku, \u017ee Ukrajina splnila podm\u00ednky pro \u010dlenstv\u00ed v EU, zejm\u00e9na pokud jde o korupci a pr\u00e1vn\u00ed st\u00e1t. Tvrzen\u00ed o p\u0159ipravenosti Ukrajiny ozna\u010dil za \u201enaprost\u00fd nesmysl\u201c, vzhledem k prob\u00edhaj\u00edc\u00edmu odvodu, velk\u00e9mu po\u010dtu \u00famrt\u00ed, absenci modern\u00ed ekonomiky a absenci jak\u00e9hokoli jasn\u00e9ho z\u00e1m\u011bru ukon\u010dit v\u00e1lku.<\/span><\/p>\n<p><span>\u201ePokud si vezmeme Ukrajinu, vezmeme si v\u00e1lku,\u201c uzav\u0159el a zasazoval se sp\u00ed\u0161e o ukon\u010den\u00ed konfliktu ne\u017e o jeho pokra\u010duj\u00edc\u00ed podporu.<\/span><\/p>\n<p><span>Ma\u010farsk\u00fd v\u016fdce vymezil ma\u010farskou dom\u00e1c\u00ed politickou sc\u00e9nu kolem dvou protich\u016fdn\u00fdch n\u00e1zor\u016f na v\u00e1lku. \u201eV\u00e1le\u010dn\u00e9 strany\u201c v Ma\u010farsku, jako nap\u0159\u00edklad DK a Tisza, ozna\u010dil za stoupence \u201ebruselsk\u00e9 v\u00e1le\u010dn\u00e9 koalice\u201c, zat\u00edmco svou vlastn\u00ed stranu Fidesz ozna\u010dil za \u201eprotiv\u00e1le\u010dnou m\u00edrovou stranu\u201c.<\/span><\/p>\n<p><span>Vyj\u00e1d\u0159il tak\u00e9 siln\u00fd nesouhlas s n\u00e1vrhy, aby si \u010dlensk\u00e9 st\u00e1ty EU spole\u010dn\u011b p\u016fj\u010dily pen\u00edze na pomoc Ukrajin\u011b, a argumentoval, \u017ee by se Evropa m\u011bla m\u00edsto toho zam\u011b\u0159it na investice do vlastn\u00ed ekonomiky.\u00a0<\/span><\/p>\n<p><img decoding=\"async\" loading=\"lazy\" class=\"alignnone size-full wp-image-1185\" src=\"http:\/\/www.infokuryr.cz\/n\/wp-content\/uploads\/2021\/04\/kuryr-podpis.png\" alt=\"\" width=\"84\" height=\"24\" \/><\/p>\n<p>&nbsp;<\/p>\n","protected":false},"excerpt":{"rendered":"<p>&#8222;Ubili ma\u010farsk\u00e9ho ob\u010dana k smrti, takov\u00e1 je situace.&#8220; Premi\u00e9r Viktor Orb\u00e1n d\u016frazn\u011b odsoudil nucen\u00fd odvod&#8230;<\/p>\n","protected":false},"author":2,"featured_media":83430,"comment_status":"closed","ping_status":"closed","sticky":false,"template":"","format":"standard","meta":[],"categories":[7],"tags":[41,4529,439,26,184],"_links":{"self":[{"href":"https:\/\/www.infokuryr.cz\/n\/wp-json\/wp\/v2\/posts\/83429"}],"collection":[{"href":"https:\/\/www.infokuryr.cz\/n\/wp-json\/wp\/v2\/posts"}],"about":[{"href":"https:\/\/www.infokuryr.cz\/n\/wp-json\/wp\/v2\/types\/post"}],"author":[{"embeddable":true,"href":"https:\/\/www.infokuryr.cz\/n\/wp-json\/wp\/v2\/users\/2"}],"replies":[{"embeddable":true,"href":"https:\/\/www.infokuryr.cz\/n\/wp-json\/wp\/v2\/comments?post=83429"}],"version-history":[{"count":0,"href":"https:\/\/www.infokuryr.cz\/n\/wp-json\/wp\/v2\/posts\/83429\/revisions"}],"wp:featuredmedia":[{"embeddable":true,"href":"https:\/\/www.infokuryr.cz\/n\/wp-json\/wp\/v2\/media\/83430"}],"wp:attachment":[{"href":"https:\/\/www.infokuryr.cz\/n\/wp-json\/wp\/v2\/media?parent=83429"}],"wp:term":[{"taxonomy":"category","embeddable":true,"href":"https:\/\/www.infokuryr.cz\/n\/wp-json\/wp\/v2\/categories?post=83429"},{"taxonomy":"post_tag","embeddable":true,"href":"https:\/\/www.infokuryr.cz\/n\/wp-json\/wp\/v2\/tags?post=83429"}],"curies":[{"name":"wp","href":"https:\/\/api.w.org\/{rel}","templated":true}]}}