{"id":83427,"date":"2025-07-13T00:36:06","date_gmt":"2025-07-12T22:36:06","guid":{"rendered":"https:\/\/www.infokuryr.cz\/n\/?p=83427"},"modified":"2025-07-12T18:39:55","modified_gmt":"2025-07-12T16:39:55","slug":"vysoce-postaveny-americky-diplomat-naznacuje-ze-syrie-by-mohla-pohltit-cely-libanon","status":"publish","type":"post","link":"https:\/\/www.infokuryr.cz\/n\/2025\/07\/13\/vysoce-postaveny-americky-diplomat-naznacuje-ze-syrie-by-mohla-pohltit-cely-libanon\/","title":{"rendered":"Vysoce postaven\u00fd americk\u00fd diplomat nazna\u010duje, \u017ee S\u00fdrie by mohla pohltit cel\u00fd Libanon"},"content":{"rendered":"<div id=\"fb-root\"><\/div>\n<p><strong><span>Zvl\u00e1\u0161tn\u00ed vyslanec Spojen\u00fdch st\u00e1t\u016f Tom Barrack 11. \u010dervence nazna\u010dil, \u017ee pokud se Hizball\u00e1h odm\u00edtne odzbrojit, Libanon by mohl b\u00fdt p\u0159evzat S\u00fdri\u00ed.<\/span><\/strong><\/p>\n<p><span>Barrack, kter\u00fd je zvl\u00e1\u0161tn\u00edm vyslancem pro S\u00fdrii a velvyslancem USA v Turecku, v rozhovoru pro The National \u0159ekl, \u017ee Libanon mus\u00ed probl\u00e9m vy\u0159e\u0161it, jinak by mohl \u010delit existen\u010dn\u00ed hrozb\u011b.<\/span><\/p>\n<p><em>\u201eNa jedn\u00e9 stran\u011b m\u00e1te Izrael, na druh\u00e9 \u00cdr\u00e1n a te\u010f tu m\u00e1te S\u00fdrii, kter\u00e1 se projevuje tak rychle, \u017ee pokud se Libanon nepohne, bude to zase Bilad a\u0161-\u0160\u00e1m,\u201c \u0159ekl vysoce postaven\u00fd diplomat s pou\u017eit\u00edm historick\u00e9ho n\u00e1zvu syrsk\u00e9ho regionu.<\/em><\/p>\n<p><em>\u201eSy\u0159an\u00e9 \u0159\u00edkaj\u00ed, \u017ee Libanon je na\u0161e pl\u00e1\u017eov\u00e9 letovisko. Tak\u017ee se mus\u00edme odst\u011bhovat. A v\u00edm, jak frustrovan\u00ed jsou Libanonci. Frustruje m\u011b to,\u201c dodal.<\/em><\/p>\n<p><span>Minul\u00fd m\u011bs\u00edc Barrack p\u0159edlo\u017eil Libanonu n\u00e1vrh na odzbrojen\u00ed Hizball\u00e1hu v\u00fdm\u011bnou za pomoc a zastaven\u00ed izraelsk\u00fdch operac\u00ed v zemi, kter\u00e9 pokra\u010dovaly i po p\u0159\u00edm\u011b\u0159\u00ed zprost\u0159edkovan\u00e9m USA v listopadu lo\u0148sk\u00e9ho roku. Libanonsk\u00e1 vl\u00e1da v reakci po\u017eadovala \u00fapln\u00e9 sta\u017een\u00ed Izraele ze sporn\u00e9ho \u00fazem\u00ed, v\u010detn\u011b okupovan\u00fdch farem \u0160eb\u00e1. Hizball\u00e1h se ze sv\u00e9 strany odm\u00edtl odzbrojit.<\/span><\/p>\n<p><span>Barrackova \u0161okuj\u00edc\u00ed nar\u00e1\u017eka p\u0159i\u0161la po zpr\u00e1v\u00e1ch v hebrejsk\u00fdch m\u00e9di\u00edch, kter\u00e9 nazna\u010dovaly, \u017ee S\u00fdrie chce anektovat \u010d\u00e1sti Libanonu v\u00fdm\u011bnou za vzd\u00e1n\u00ed se \u010d\u00e1sti okupovan\u00fdch Golansk\u00fdch v\u00fd\u0161in Izraeli.<\/span><\/p>\n<p><span>Jedna z navrhovan\u00fdch m\u00edrov\u00fdch dohod \u00fadajn\u011b umo\u017e\u0148uje Izraeli ponechat si dv\u011b t\u0159etiny Golansk\u00fdch v\u00fd\u0161in. Zb\u00fdvaj\u00edc\u00ed t\u0159etina by byla vr\u00e1cena S\u00fdrii, ale na z\u00e1klad\u011b potenci\u00e1ln\u00ed n\u00e1jemn\u00ed dohody. V t\u00e9to verzi by S\u00fdrie tak\u00e9 z\u00edskala kontrolu nad tripolisk\u00fdmi \u010d\u00e1stmi \u00fadol\u00ed Bek\u00e1a v severn\u00edm Libanonu.<\/span><\/p>\n<p><span>Podle izraelsk\u00e9 stanice i24NEWS, kter\u00e1 o \u00fadajn\u00e9m n\u00e1vrhu informovala mezi prvn\u00edmi, chce S\u00fdrie obnovit suverenitu nad m\u011bstem Tripolis s p\u0159ev\u00e1\u017en\u011b sunnitskou v\u011bt\u0161inou.<\/span><\/p>\n<p><span>Barrack nyn\u00ed z\u0159ejm\u011b nazna\u010duje, \u017ee nov\u00ed syr\u0161t\u00ed islamisti\u010dt\u00ed vl\u00e1dci maj\u00ed z\u00e1lusk na cel\u00fd Libanon, nejen na jeho severn\u00ed \u010d\u00e1st.<\/span><\/p>\n<p><span>Za zm\u00ednku stoj\u00ed, \u017ee uprost\u0159ed v\u0161ech t\u011bchto zpr\u00e1v se za\u010dalo mezi Libanonem a S\u00fdri\u00ed stup\u0148ovat nap\u011bt\u00ed kv\u016fli ot\u00e1zce syrsk\u00fdch islamistick\u00fdch v\u011bz\u0148\u016f uv\u011bzn\u011bn\u00fdch v Libanonu. Podle arabsk\u00fdch m\u00e9di\u00ed syrsk\u00fd prezident Ahmad a\u0161-\u0160araa dokonce pohrozil, \u017ee kv\u016fli t\u00e9to z\u00e1le\u017eitosti podnikne proti Libanonu diplomatick\u00e9 a ekonomick\u00e9 kroky.<\/span><\/p>\n<p><span>I kdyby se S\u00fdrii poda\u0159ilo zajistit podporu v\u011bt\u0161iny sunnit\u016f v Libanonu, co\u017e je velmi nepravd\u011bpodobn\u00e9, v\u0161echny zb\u00fdvaj\u00edc\u00ed skupiny, v\u010detn\u011b k\u0159es\u0165an\u016f, \u0161\u00edit\u016f, dr\u00faz\u016f a alavit\u016f, se pravd\u011bpodobn\u011b budou br\u00e1nit. \u0160ar\u00eda se tak bude muset pustit do tot\u00e1ln\u00ed v\u00e1lky, aby anektovala alespo\u0148 jednu \u010d\u00e1st Libanonu.<\/span><\/p>\n<p><span>Vzhledem k tomu, \u017ee S\u00fdrie je na cest\u011b k uzav\u0159en\u00ed m\u00edru s Izraelem, je velmi pochopiteln\u00e9, \u017ee by USA i Izrael takovou v\u00e1lku podpo\u0159ily. Pokud se S\u00fdrii poda\u0159\u00ed pohltit Libanon, Hizball\u00e1h jednodu\u0161e p\u0159estane existovat a cel\u00e1 severn\u00ed hranice Izraele bude poprv\u00e9 v historii zabezpe\u010dena.<\/span><\/p>\n<p><img decoding=\"async\" loading=\"lazy\" class=\"alignnone size-full wp-image-1185\" src=\"http:\/\/www.infokuryr.cz\/n\/wp-content\/uploads\/2021\/04\/kuryr-podpis.png\" alt=\"\" width=\"84\" height=\"24\" \/><\/p>\n<p>&nbsp;<\/p>\n","protected":false},"excerpt":{"rendered":"<p>Zvl\u00e1\u0161tn\u00ed vyslanec Spojen\u00fdch st\u00e1t\u016f Tom Barrack 11. \u010dervence nazna\u010dil, \u017ee pokud se Hizball\u00e1h odm\u00edtne odzbrojit,&#8230;<\/p>\n","protected":false},"author":2,"featured_media":83428,"comment_status":"closed","ping_status":"closed","sticky":false,"template":"","format":"standard","meta":[],"categories":[7],"tags":[976,405,111,147],"_links":{"self":[{"href":"https:\/\/www.infokuryr.cz\/n\/wp-json\/wp\/v2\/posts\/83427"}],"collection":[{"href":"https:\/\/www.infokuryr.cz\/n\/wp-json\/wp\/v2\/posts"}],"about":[{"href":"https:\/\/www.infokuryr.cz\/n\/wp-json\/wp\/v2\/types\/post"}],"author":[{"embeddable":true,"href":"https:\/\/www.infokuryr.cz\/n\/wp-json\/wp\/v2\/users\/2"}],"replies":[{"embeddable":true,"href":"https:\/\/www.infokuryr.cz\/n\/wp-json\/wp\/v2\/comments?post=83427"}],"version-history":[{"count":0,"href":"https:\/\/www.infokuryr.cz\/n\/wp-json\/wp\/v2\/posts\/83427\/revisions"}],"wp:featuredmedia":[{"embeddable":true,"href":"https:\/\/www.infokuryr.cz\/n\/wp-json\/wp\/v2\/media\/83428"}],"wp:attachment":[{"href":"https:\/\/www.infokuryr.cz\/n\/wp-json\/wp\/v2\/media?parent=83427"}],"wp:term":[{"taxonomy":"category","embeddable":true,"href":"https:\/\/www.infokuryr.cz\/n\/wp-json\/wp\/v2\/categories?post=83427"},{"taxonomy":"post_tag","embeddable":true,"href":"https:\/\/www.infokuryr.cz\/n\/wp-json\/wp\/v2\/tags?post=83427"}],"curies":[{"name":"wp","href":"https:\/\/api.w.org\/{rel}","templated":true}]}}