{"id":83392,"date":"2025-07-13T00:25:17","date_gmt":"2025-07-12T22:25:17","guid":{"rendered":"https:\/\/www.infokuryr.cz\/n\/?p=83392"},"modified":"2025-07-12T10:13:33","modified_gmt":"2025-07-12T08:13:33","slug":"tisice-transportu-nato-pres-rakousko-neutralita-jen-na-papire","status":"publish","type":"post","link":"https:\/\/www.infokuryr.cz\/n\/2025\/07\/13\/tisice-transportu-nato-pres-rakousko-neutralita-jen-na-papire\/","title":{"rendered":"Tis\u00edce transport\u016f NATO p\u0159es Rakousko: Neutralita jen na pap\u00ed\u0159e"},"content":{"rendered":"<div id=\"fb-root\"><\/div>\n<p><strong><span>Ned\u00e1vn\u00e9 parlamentn\u00ed vy\u0161et\u0159ov\u00e1n\u00ed (1867\/AB) odhalilo \u0161okuj\u00edc\u00ed \u010d\u00edsla: Rakousko z\u016fst\u00e1v\u00e1 kl\u00ed\u010dov\u00fdm tranzitn\u00edm koridorem pro vojensk\u00e9 transporty NATO \u2013 uprost\u0159ed v\u00e1lky na Ukrajin\u011b. Strana svobody varuje p\u0159ed trval\u00fdm poru\u0161en\u00edm neutrality a po\u017eaduje okam\u017eit\u00e9 d\u016fsledky.<\/span><\/strong><\/p>\n<p><span>V roce 2024 schv\u00e1lilo rakousk\u00e9 ministerstvo obrany pod veden\u00edm ministryn\u011b \u00d6VP Klaudie Tannerov\u00e9 celkem\u00a0<\/span><strong><span>3 474 vojensk\u00fdch transport\u016f<\/span><\/strong><span>\u00a0p\u0159es Rakousko. Z nich\u00a0<\/span><strong><span>954 bylo z USA<\/span><\/strong><span>\u00a0, p\u0159edn\u00edho \u010dlensk\u00e9ho st\u00e1tu NATO. Pozoruhodn\u011b vysok\u00fd byl tak\u00e9\u00a0<\/span><strong><span>po\u010det transport\u016f p\u0159es Slovensko (640<\/span><\/strong><span>\u00a0) ,\u00a0<\/span><strong><span>z N\u011bmecka (568<\/span><\/strong><span>\u00a0) a\u00a0<\/span><strong><span>p\u0159es Slovinsko (352)<\/span><\/strong><span>\u00a0. Tento trend bude pokra\u010dovat i v roce 2025 \u2013 za prvn\u00ed \u010dty\u0159i a p\u016fl m\u011bs\u00edce se uskute\u010dnilo ji\u017e\u00a0<\/span><strong><span>1 920 transport\u016f<\/span><\/strong><span>\u00a0, z toho\u00a0<\/span><strong><span>480 z USA<\/span><\/strong><span>\u00a0a\u00a0<\/span><strong><span>406 ze Slovenska<\/span><\/strong><span> .<\/span><\/p>\n<h3 id=\"h-uberfluge-im-rekordbereich\" class=\"wp-block-heading\"><span>P\u0159elety v rekordn\u00edm rozsahu<\/span><\/h3>\n<p><span>Situace ohledn\u011b\u00a0<\/span><strong><span>vojensk\u00fdch p\u0159elet\u016f<\/span><\/strong><span>\u00a0je je\u0161t\u011b dramati\u010dt\u011bj\u0161\u00ed . V roce 2024 bylo povoleno celkem\u00a0<\/span><strong><span>5 580 p\u0159elet\u016f<\/span><\/strong><span>\u00a0zahrani\u010dn\u00edch vojensk\u00fdch letadel nad Rakouskem \u2013 op\u011bt v \u010dele s\u00a0<\/span><strong><span>USA s 1 355 lety<\/span><\/strong><span>\u00a0, n\u00e1sledovan\u00e9\u00a0<\/span><strong><span>N\u011bmeckem (930)<\/span><\/strong><span>\u00a0,\u00a0<\/span><strong><span>Franci\u00ed (235)<\/span><\/strong><span>\u00a0a\u00a0<\/span><strong><span>\u0160v\u00fdcarskem (343)<\/span><\/strong><span>\u00a0. V aktu\u00e1ln\u00edm roce 2025 bylo ji\u017e povoleno\u00a0<\/span><strong><span>1 764 p\u0159elet\u016f<\/span><\/strong><span>\u00a0\u2013 op\u011bt v\u00a0\u010dele s\u00a0<\/span><strong><span>USA (559) .<\/span><\/strong><\/p>\n<h3 id=\"h-no-go-zone-fur-militartransporte-in-kriege-etablieren\" class=\"wp-block-heading\"><span>\u201eZ\u0159\u00eddit zak\u00e1zanou z\u00f3nu pro vojensk\u00e9 transporty do v\u00e1lek\u201c<\/span><\/h3>\n<p><span>Pro gener\u00e1ln\u00edho tajemn\u00edka FP\u00d6 Christiana Hafeneckera je to jasn\u00fd d\u016fkaz selh\u00e1n\u00ed spolkov\u00e9 vl\u00e1dy: \u201eToto je trval\u00fd \u00fatok na na\u0161i neutralitu!\u201c Hafenecker je obzvl\u00e1\u0161t\u011b kritick\u00fd k ofici\u00e1ln\u00edmu potvrzen\u00ed ministra Tannera, \u017ee n\u011bkter\u00e9 transporty jsou v\u00fdslovn\u011b ur\u010deny k pos\u00edlen\u00ed kontingent\u016f NATO ve v\u00fdchodn\u00ed Evrop\u011b \u2013 to podle politika FP\u00d6 d\u011bl\u00e1 z Rakouska nep\u0159\u00edmou stranu konfliktu.<\/span><\/p>\n<h3 id=\"h-verfassungsbruch-mit-ansage\" class=\"wp-block-heading\"><span>Poru\u0161en\u00ed \u00fastavy ozn\u00e1men\u00edm?<\/span><\/h3>\n<p><span>Mluv\u010d\u00ed FP\u00d6 pro EU Dr. Susanne F\u00fcrstov\u00e1 tak\u00e9 bije na poplach. Poukazuje na ned\u00e1vn\u00e1 prohl\u00e1\u0161en\u00ed \u0159editele Diplomatick\u00e9 akademie Emila Brixe, kter\u00fd ozna\u010dil neutralitu za \u201em\u00fdtus\u201c a zasazoval se o v\u011bt\u0161\u00ed spolupr\u00e1ci s NATO. F\u00fcrstov\u00e1 to pova\u017euje za \u201enejen nezodpov\u011bdn\u00e9, ale za hodn\u00e9 rezignace\u201c. FP\u00d6 nyn\u00ed po\u017eaduje jasn\u00e9 d\u016fsledky: \u201ez\u00f3nu z\u00e1kazu vojensk\u00fdch transport\u016f do v\u00e1lek\u201c, zastaven\u00ed v\u0161ech dod\u00e1vek zbran\u00ed p\u0159es rakousk\u00e9 \u00fazem\u00ed a n\u00e1vrat k trval\u00e9 neutralit\u011b jako \u00fastavn\u00edmu principu.<\/span><\/p>\n<p><span>\u201eRakousko se mus\u00ed op\u011bt chovat neutr\u00e1ln\u011b \u2013 \u017e\u00e1dn\u00e9 tranzity zbran\u00ed, \u017e\u00e1dn\u00e9 podl\u00e9z\u00e1n\u00ed si p\u0159\u00edzn\u011b NATO, \u017e\u00e1dn\u00e1 \u00fa\u010dast ve v\u00e1lce!\u201c \u0159ekli Hafenecker a F\u00fcrst. FP\u00d6 to ji\u017e nebude tolerovat a ozn\u00e1mila politick\u00fd odpor \u2013 proti podl\u00e9z\u00e1n\u00ed si p\u0159\u00edzn\u011b NATO, proti postrann\u00ed \u00fa\u010dasti ve v\u00e1lce a za suver\u00e9nn\u00ed a neutr\u00e1ln\u00ed Rakousko.<\/span><\/p>\n<p><img decoding=\"async\" loading=\"lazy\" class=\"alignnone size-full wp-image-1185\" src=\"http:\/\/www.infokuryr.cz\/n\/wp-content\/uploads\/2021\/04\/kuryr-podpis.png\" alt=\"\" width=\"84\" height=\"24\" \/><\/p>\n<p>&nbsp;<\/p>\n","protected":false},"excerpt":{"rendered":"<p>Ned\u00e1vn\u00e9 parlamentn\u00ed vy\u0161et\u0159ov\u00e1n\u00ed (1867\/AB) odhalilo \u0161okuj\u00edc\u00ed \u010d\u00edsla: Rakousko z\u016fst\u00e1v\u00e1 kl\u00ed\u010dov\u00fdm tranzitn\u00edm koridorem pro vojensk\u00e9 transporty&#8230;<\/p>\n","protected":false},"author":2,"featured_media":83393,"comment_status":"closed","ping_status":"closed","sticky":false,"template":"","format":"standard","meta":[],"categories":[7],"tags":[39,1942,120],"_links":{"self":[{"href":"https:\/\/www.infokuryr.cz\/n\/wp-json\/wp\/v2\/posts\/83392"}],"collection":[{"href":"https:\/\/www.infokuryr.cz\/n\/wp-json\/wp\/v2\/posts"}],"about":[{"href":"https:\/\/www.infokuryr.cz\/n\/wp-json\/wp\/v2\/types\/post"}],"author":[{"embeddable":true,"href":"https:\/\/www.infokuryr.cz\/n\/wp-json\/wp\/v2\/users\/2"}],"replies":[{"embeddable":true,"href":"https:\/\/www.infokuryr.cz\/n\/wp-json\/wp\/v2\/comments?post=83392"}],"version-history":[{"count":0,"href":"https:\/\/www.infokuryr.cz\/n\/wp-json\/wp\/v2\/posts\/83392\/revisions"}],"wp:featuredmedia":[{"embeddable":true,"href":"https:\/\/www.infokuryr.cz\/n\/wp-json\/wp\/v2\/media\/83393"}],"wp:attachment":[{"href":"https:\/\/www.infokuryr.cz\/n\/wp-json\/wp\/v2\/media?parent=83392"}],"wp:term":[{"taxonomy":"category","embeddable":true,"href":"https:\/\/www.infokuryr.cz\/n\/wp-json\/wp\/v2\/categories?post=83392"},{"taxonomy":"post_tag","embeddable":true,"href":"https:\/\/www.infokuryr.cz\/n\/wp-json\/wp\/v2\/tags?post=83392"}],"curies":[{"name":"wp","href":"https:\/\/api.w.org\/{rel}","templated":true}]}}