{"id":83390,"date":"2025-07-13T00:24:58","date_gmt":"2025-07-12T22:24:58","guid":{"rendered":"https:\/\/www.infokuryr.cz\/n\/?p=83390"},"modified":"2025-07-12T10:10:37","modified_gmt":"2025-07-12T08:10:37","slug":"neexistuje-nic-jako-surovina-video-z-vezeni-epsteina-bylo-evidentne-sestrihane","status":"publish","type":"post","link":"https:\/\/www.infokuryr.cz\/n\/2025\/07\/13\/neexistuje-nic-jako-surovina-video-z-vezeni-epsteina-bylo-evidentne-sestrihane\/","title":{"rendered":"Neexistuje nic jako \u201esurovina\u201c \u2013 video z v\u011bzen\u00ed Epsteina bylo evidentn\u011b sest\u0159\u00edhan\u00e9"},"content":{"rendered":"<div id=\"fb-root\"><\/div>\n<p><strong><span>FBI zve\u0159ejnila t\u00e9m\u011b\u0159 jeden\u00e1ctihodinov\u00e9 video z bezpe\u010dnostn\u00ed kamery p\u0159ed v\u011bze\u0148skou celou Jeffreyho Epsteina. \u00dadajn\u011b se jednalo o surov\u00fd z\u00e1znam, kter\u00fd m\u011bl vyvr\u00e1tit \u201ekonspira\u010dn\u00ed teorie\u201c. Z prozkoum\u00e1n\u00ed videa v\u0161ak vypl\u00fdv\u00e1, \u017ee bylo evidentn\u011b sest\u0159\u00edhan\u00e9. To se obr\u00e1tilo proti nim.<\/span><\/strong><\/p>\n<p><span>FBI p\u016fvodn\u011b zam\u00fd\u0161lela vyvr\u00e1tit spekulace o smrti finan\u010dn\u00edka, obchodn\u00edka s lidmi a pedofila zve\u0159ejn\u011bn\u00edm z\u00e1znamu z bezpe\u010dnostn\u00ed kamery z cely Jeffreyho Epsteina. Americk\u00e1 feder\u00e1ln\u00ed agentura pro vym\u00e1h\u00e1n\u00ed pr\u00e1va tvrdila, \u017ee se jedn\u00e1 o \u201ezcela surov\u00fd z\u00e1znam\u201c, co\u017e je tvrzen\u00ed, kter\u00e9 zjevn\u011b nen\u00ed pravda.<\/span><\/p>\n<p><span>Anal\u00fdza proveden\u00e1 serverem\u00a0<\/span><a href=\"https:\/\/www.wired.com\/story\/metadata-shows-the-dojs-raw-jeffrey-epstein-prison-video-was-likely-modified\/\"><span>WIRED<\/span><\/a><span>\u00a0ve spolupr\u00e1ci s nez\u00e1visl\u00fdmi experty na video forenzn\u00ed anal\u00fdzu na z\u00e1klad\u011b vlo\u017een\u00fdch metadat ukazuje, \u017ee tento videoz\u00e1znam nen\u00ed p\u0159\u00edm\u00fdm exportem z v\u011bze\u0148sk\u00e9ho syst\u00e9mu dohledu. Odborn\u00edci sp\u00ed\u0161e tvrd\u00ed, \u017ee byl upraven pomoc\u00ed profesion\u00e1ln\u00edho softwaru pro st\u0159ih videa, jako je Adobe Premiere Pro. Podle zpr\u00e1vy byl z\u00e1znam zve\u0159ejn\u011bn\u00fd FBI sestaven z nejm\u00e9n\u011b dvou zdrojov\u00fdch klip\u016f, n\u011bkolikr\u00e1t ulo\u017een, exportov\u00e1n a pot\u00e9 nahr\u00e1n na webov\u00e9 str\u00e1nky americk\u00e9ho ministerstva spravedlnosti.<\/span><\/p>\n<figure class=\"wp-block-embed is-type-rich is-provider-twitter wp-block-embed-twitter\">\n<div class=\"wp-block-embed__wrapper\">\n<div class=\"twitter-tweet twitter-tweet-rendered\"><iframe id=\"twitter-widget-0\" class=\"\" title=\"X P\u0159\u00edsp\u011bvek\" src=\"https:\/\/platform.twitter.com\/embed\/Tweet.html?dnt=true&amp;embedId=twitter-widget-0&amp;features=eyJ0ZndfdGltZWxpbmVfbGlzdCI6eyJidWNrZXQiOltdLCJ2ZXJzaW9uIjpudWxsfSwidGZ3X2ZvbGxvd2VyX2NvdW50X3N1bnNldCI6eyJidWNrZXQiOnRydWUsInZlcnNpb24iOm51bGx9LCJ0ZndfdHdlZXRfZWRpdF9iYWNrZW5kIjp7ImJ1Y2tldCI6Im9uIiwidmVyc2lvbiI6bnVsbH0sInRmd19yZWZzcmNfc2Vzc2lvbiI6eyJidWNrZXQiOiJvbiIsInZlcnNpb24iOm51bGx9LCJ0ZndfZm9zbnJfc29mdF9pbnRlcnZlbnRpb25zX2VuYWJsZWQiOnsiYnVja2V0Ijoib24iLCJ2ZXJzaW9uIjpudWxsfSwidGZ3X21peGVkX21lZGlhXzE1ODk3Ijp7ImJ1Y2tldCI6InRyZWF0bWVudCIsInZlcnNpb24iOm51bGx9LCJ0ZndfZXhwZXJpbWVudHNfY29va2llX2V4cGlyYXRpb24iOnsiYnVja2V0IjoxMjA5NjAwLCJ2ZXJzaW9uIjpudWxsfSwidGZ3X3Nob3dfYmlyZHdhdGNoX3Bpdm90c19lbmFibGVkIjp7ImJ1Y2tldCI6Im9uIiwidmVyc2lvbiI6bnVsbH0sInRmd19kdXBsaWNhdGVfc2NyaWJlc190b19zZXR0aW5ncyI6eyJidWNrZXQiOiJvbiIsInZlcnNpb24iOm51bGx9LCJ0ZndfdXNlX3Byb2ZpbGVfaW1hZ2Vfc2hhcGVfZW5hYmxlZCI6eyJidWNrZXQiOiJvbiIsInZlcnNpb24iOm51bGx9LCJ0ZndfdmlkZW9faGxzX2R5bmFtaWNfbWFuaWZlc3RzXzE1MDgyIjp7ImJ1Y2tldCI6InRydWVfYml0cmF0ZSIsInZlcnNpb24iOm51bGx9LCJ0ZndfbGVnYWN5X3RpbWVsaW5lX3N1bnNldCI6eyJidWNrZXQiOnRydWUsInZlcnNpb24iOm51bGx9LCJ0ZndfdHdlZXRfZWRpdF9mcm9udGVuZCI6eyJidWNrZXQiOiJvbiIsInZlcnNpb24iOm51bGx9fQ%3D%3D&amp;frame=false&amp;hideCard=false&amp;hideThread=false&amp;id=1943385034880172263&amp;lang=de&amp;origin=https%3A%2F%2Freport24.news%2Fvon-wegen-rohmaterial-epstein-gefaengnisvideo-wurde-offensichtlich-bearbeitet%2F&amp;sessionId=aae59970c9217657ded8a4bca0dd1b8dba12310c&amp;theme=light&amp;widgetsVersion=2615f7e52b7e0%3A1702314776716&amp;width=550px\" frameborder=\"0\" scrolling=\"no\" allowfullscreen=\"allowfullscreen\" data-tweet-id=\"1943385034880172263\" data-mce-fragment=\"1\"><\/iframe><\/div>\n<\/div>\n<\/figure>\n<p><span>\u201eKdyby mi pr\u00e1vn\u00edk p\u0159inesl tento soubor a zeptal se, zda je vhodn\u00fd pro soudn\u00ed spor, \u0159ekl bych, \u017ee ne. Vra\u0165te se ke zdroji. Ud\u011blejte to spr\u00e1vn\u011b,\u201c \u0159ekl podle serveru WIRED Hany Farid, profesor na UC Berkeley, jeho\u017e v\u00fdzkum se zam\u011b\u0159uje na digit\u00e1ln\u00ed forenzn\u00ed anal\u00fdzu a dezinformace. \u201eProve\u010fte p\u0159\u00edm\u00fd export z p\u016fvodn\u00edho syst\u00e9mu \u2013 \u017e\u00e1dn\u00e9 triky.\u201c Farid se tak\u00e9 ptal, pro\u010d se pom\u011br stran videa b\u011bhem p\u0159ehr\u00e1v\u00e1n\u00ed m\u011bn\u00ed. \u201ePro\u010d najednou vid\u00edm jin\u00fd pom\u011br stran?\u201c zeptal se.<\/span><\/p>\n<p><span>I kdy\u017e by tento st\u0159ih neprok\u00e1zal \u017e\u00e1dn\u00fd \u00famysl oklamat \u00fa\u0159ady, absence jak\u00e9koli zm\u00ednky o st\u0159ihu videoz\u00e1znamu posiluje ji\u017e tak p\u0159etrv\u00e1vaj\u00edc\u00ed pochybnosti o skute\u010dn\u00e9 p\u0159\u00ed\u010din\u011b Epsteinovy smrti. Vzhledem k tomu, \u017ee ministerstvo spravedlnosti d\u0159\u00edve tvrdilo, \u017ee nem\u00e1 \u201e\u017e\u00e1dn\u00fd usv\u011bd\u010duj\u00edc\u00ed seznam\u201c Epsteina, p\u0159esto\u017ee gener\u00e1ln\u00ed prokur\u00e1torka Pam Bondiov\u00e1 d\u0159\u00edve tvrdila, \u017ee n\u011bjak\u00fd m\u00e1 na stole, ukon\u010den\u00ed vy\u0161et\u0159ov\u00e1n\u00ed FBI v p\u0159\u00edpadu Epstein ji\u017e vyvolalo kritick\u00e9 ot\u00e1zky.<\/span><\/p>\n<figure class=\"wp-block-embed is-type-rich is-provider-twitter wp-block-embed-twitter\">\n<div class=\"wp-block-embed__wrapper\">\n<div class=\"twitter-tweet twitter-tweet-rendered\"><iframe id=\"twitter-widget-1\" class=\"\" title=\"X P\u0159\u00edsp\u011bvek\" src=\"https:\/\/platform.twitter.com\/embed\/Tweet.html?dnt=true&amp;embedId=twitter-widget-1&amp;features=eyJ0ZndfdGltZWxpbmVfbGlzdCI6eyJidWNrZXQiOltdLCJ2ZXJzaW9uIjpudWxsfSwidGZ3X2ZvbGxvd2VyX2NvdW50X3N1bnNldCI6eyJidWNrZXQiOnRydWUsInZlcnNpb24iOm51bGx9LCJ0ZndfdHdlZXRfZWRpdF9iYWNrZW5kIjp7ImJ1Y2tldCI6Im9uIiwidmVyc2lvbiI6bnVsbH0sInRmd19yZWZzcmNfc2Vzc2lvbiI6eyJidWNrZXQiOiJvbiIsInZlcnNpb24iOm51bGx9LCJ0ZndfZm9zbnJfc29mdF9pbnRlcnZlbnRpb25zX2VuYWJsZWQiOnsiYnVja2V0Ijoib24iLCJ2ZXJzaW9uIjpudWxsfSwidGZ3X21peGVkX21lZGlhXzE1ODk3Ijp7ImJ1Y2tldCI6InRyZWF0bWVudCIsInZlcnNpb24iOm51bGx9LCJ0ZndfZXhwZXJpbWVudHNfY29va2llX2V4cGlyYXRpb24iOnsiYnVja2V0IjoxMjA5NjAwLCJ2ZXJzaW9uIjpudWxsfSwidGZ3X3Nob3dfYmlyZHdhdGNoX3Bpdm90c19lbmFibGVkIjp7ImJ1Y2tldCI6Im9uIiwidmVyc2lvbiI6bnVsbH0sInRmd19kdXBsaWNhdGVfc2NyaWJlc190b19zZXR0aW5ncyI6eyJidWNrZXQiOiJvbiIsInZlcnNpb24iOm51bGx9LCJ0ZndfdXNlX3Byb2ZpbGVfaW1hZ2Vfc2hhcGVfZW5hYmxlZCI6eyJidWNrZXQiOiJvbiIsInZlcnNpb24iOm51bGx9LCJ0ZndfdmlkZW9faGxzX2R5bmFtaWNfbWFuaWZlc3RzXzE1MDgyIjp7ImJ1Y2tldCI6InRydWVfYml0cmF0ZSIsInZlcnNpb24iOm51bGx9LCJ0ZndfbGVnYWN5X3RpbWVsaW5lX3N1bnNldCI6eyJidWNrZXQiOnRydWUsInZlcnNpb24iOm51bGx9LCJ0ZndfdHdlZXRfZWRpdF9mcm9udGVuZCI6eyJidWNrZXQiOiJvbiIsInZlcnNpb24iOm51bGx9fQ%3D%3D&amp;frame=false&amp;hideCard=false&amp;hideThread=false&amp;id=1942051481542160409&amp;lang=de&amp;origin=https%3A%2F%2Freport24.news%2Fvon-wegen-rohmaterial-epstein-gefaengnisvideo-wurde-offensichtlich-bearbeitet%2F&amp;sessionId=aae59970c9217657ded8a4bca0dd1b8dba12310c&amp;theme=light&amp;widgetsVersion=2615f7e52b7e0%3A1702314776716&amp;width=550px\" frameborder=\"0\" scrolling=\"no\" allowfullscreen=\"allowfullscreen\" data-tweet-id=\"1942051481542160409\" data-mce-fragment=\"1\"><\/iframe><\/div>\n<\/div>\n<\/figure>\n<p><span>FBI sice p\u0159\u00edpad Epsteina ofici\u00e1ln\u011b uzav\u0159ela, ale ve\u0159ejnost m\u00e1 st\u00e1le mnoho ot\u00e1zek. Existuje p\u0159\u00edli\u0161 mnoho nesrovnalost\u00ed a p\u0159\u00edli\u0161 m\u00e1lo v\u011brohodn\u00fdch vysv\u011btlen\u00ed. Vyjde ale n\u011bkdy pravda skute\u010dn\u011b najevo?<\/span><\/p>\n<p><img decoding=\"async\" loading=\"lazy\" class=\"alignnone size-full wp-image-1185\" src=\"http:\/\/www.infokuryr.cz\/n\/wp-content\/uploads\/2021\/04\/kuryr-podpis.png\" alt=\"\" width=\"84\" height=\"24\" \/><\/p>\n<p>&nbsp;<\/p>\n","protected":false},"excerpt":{"rendered":"<p>FBI zve\u0159ejnila t\u00e9m\u011b\u0159 jeden\u00e1ctihodinov\u00e9 video z bezpe\u010dnostn\u00ed kamery p\u0159ed v\u011bze\u0148skou celou Jeffreyho Epsteina. \u00dadajn\u011b se&#8230;<\/p>\n","protected":false},"author":2,"featured_media":83391,"comment_status":"closed","ping_status":"closed","sticky":false,"template":"","format":"standard","meta":[],"categories":[7],"tags":[6249,160,847,889],"_links":{"self":[{"href":"https:\/\/www.infokuryr.cz\/n\/wp-json\/wp\/v2\/posts\/83390"}],"collection":[{"href":"https:\/\/www.infokuryr.cz\/n\/wp-json\/wp\/v2\/posts"}],"about":[{"href":"https:\/\/www.infokuryr.cz\/n\/wp-json\/wp\/v2\/types\/post"}],"author":[{"embeddable":true,"href":"https:\/\/www.infokuryr.cz\/n\/wp-json\/wp\/v2\/users\/2"}],"replies":[{"embeddable":true,"href":"https:\/\/www.infokuryr.cz\/n\/wp-json\/wp\/v2\/comments?post=83390"}],"version-history":[{"count":0,"href":"https:\/\/www.infokuryr.cz\/n\/wp-json\/wp\/v2\/posts\/83390\/revisions"}],"wp:featuredmedia":[{"embeddable":true,"href":"https:\/\/www.infokuryr.cz\/n\/wp-json\/wp\/v2\/media\/83391"}],"wp:attachment":[{"href":"https:\/\/www.infokuryr.cz\/n\/wp-json\/wp\/v2\/media?parent=83390"}],"wp:term":[{"taxonomy":"category","embeddable":true,"href":"https:\/\/www.infokuryr.cz\/n\/wp-json\/wp\/v2\/categories?post=83390"},{"taxonomy":"post_tag","embeddable":true,"href":"https:\/\/www.infokuryr.cz\/n\/wp-json\/wp\/v2\/tags?post=83390"}],"curies":[{"name":"wp","href":"https:\/\/api.w.org\/{rel}","templated":true}]}}